{"id":63412,"date":"2015-11-02T09:17:51","date_gmt":"2015-11-02T12:17:51","guid":{"rendered":"http:\/\/www.eltrabajo.cl\/portal\/?p=63412"},"modified":"2015-11-02T09:17:51","modified_gmt":"2015-11-02T12:17:51","slug":"exitosa-respuesta-de-la-comunidad-tuvo-festival-artistico-de-llay-llay","status":"publish","type":"post","link":"https:\/\/eltrabajo.cl\/portal\/exitosa-respuesta-de-la-comunidad-tuvo-festival-artistico-de-llay-llay\/","title":{"rendered":"Exitosa respuesta de la comunidad tuvo festival art\u00edstico de Llay Llay"},"content":{"rendered":"<figure id=\"attachment_63413\" aria-describedby=\"caption-attachment-63413\" style=\"width: 300px\" class=\"wp-caption alignleft\"><a href=\"https:\/\/i0.wp.com\/www.eltrabajo.cl\/portal\/wp-content\/uploads\/2015\/11\/Festival-Llay-Llay.jpg\"><img data-recalc-dims=\"1\" loading=\"lazy\" decoding=\"async\" class=\"wp-image-63413 size-medium\" src=\"https:\/\/i0.wp.com\/www.eltrabajo.cl\/portal\/wp-content\/uploads\/2015\/11\/Festival-Llay-Llay-300x198.jpg?resize=300%2C198\" alt=\"El festival cont\u00f3 con presentaciones de danza tanto contempor\u00e1neas como folcl\u00f3ricas.\" width=\"300\" height=\"198\" srcset=\"https:\/\/i0.wp.com\/eltrabajo.cl\/portal\/wp-content\/uploads\/2015\/11\/Festival-Llay-Llay.jpg?resize=300%2C198&amp;ssl=1 300w, https:\/\/i0.wp.com\/eltrabajo.cl\/portal\/wp-content\/uploads\/2015\/11\/Festival-Llay-Llay.jpg?resize=200%2C132&amp;ssl=1 200w, https:\/\/i0.wp.com\/eltrabajo.cl\/portal\/wp-content\/uploads\/2015\/11\/Festival-Llay-Llay.jpg?resize=228%2C150&amp;ssl=1 228w, https:\/\/i0.wp.com\/eltrabajo.cl\/portal\/wp-content\/uploads\/2015\/11\/Festival-Llay-Llay.jpg?resize=400%2C263&amp;ssl=1 400w, https:\/\/i0.wp.com\/eltrabajo.cl\/portal\/wp-content\/uploads\/2015\/11\/Festival-Llay-Llay.jpg?w=530&amp;ssl=1 530w\" sizes=\"auto, (max-width: 300px) 100vw, 300px\" \/><\/a><figcaption id=\"caption-attachment-63413\" class=\"wp-caption-text\">El festival cont\u00f3 con presentaciones de danza tanto contempor\u00e1neas como folcl\u00f3ricas.<\/figcaption><\/figure>\n<p><strong>LLAY LLAY<\/strong>.- Setenta peque\u00f1os grandes artistas en el escenario deleitaron al p\u00fablico que colm\u00f3 la platea del Cine Teatro Municipal, con canciones, danzas folcl\u00f3ricas y contempor\u00e1neas.<br \/>\nEl alcalde Mario Marillanca en su saludo a los presentes destac\u00f3 \u201cseguir generando actividades para crear encadenamiento social, destacar la cultura y el talento de los ni\u00f1os\u201d.<br \/>\nPor su parte la concejal Margarita Puebla agradeci\u00f3 la invitaci\u00f3n a participar de esta hermosa jornada.<br \/>\nLa jornada, lleva el objetivo de destacar y reforzar el talento los talentos innatos de los ni\u00f1os de escuelas de Educaci\u00f3n B\u00e1sica de Llay Llay, Catemu y Panquehue.<br \/>\nLas bases del Festival indicaron que se evaluar\u00edan dos categor\u00edas: Mini y Mayor, y dos disciplinas: canto y baile. Por ello agradecemos el excelente trabajo que realizaron los integrantes de la banda local Los Errantes: Miguel Saavedra y Apolinar Vald\u00e9s y el destacado profesor de danza, Jonalis Beiza. Todos ellos profesionales especializados.<br \/>\nParticiparon de la iniciativa de Radio Ilusi\u00f3n, las escuelas: de Catemu, Mar\u00eda Teresa Del Canto; de Llay Llay: Herminia Ortega de Croxato, Agust\u00edn Edwards y el colegio Leonardo Da Vinci, siendo su orquesta infantil la que estuvo a cargo de la obertura del Festival.<br \/>\nSe premiaron los primeros, segundos y terceros lugares de cada categor\u00eda y disciplina. Adem\u00e1s, todos los ni\u00f1os participantes se llevaron una medalla y diploma. Destacamos la relevante participaci\u00f3n del grupo de baile del centro de capacitaci\u00f3n para ni\u00f1os, adolescentes y personas con capacidades diferentes: Cecal Catemu, de la escuela Mar\u00eda Teresa Del Canto.<br \/>\n<strong>Marianela Quevedo<\/strong><\/p>\n","protected":false},"excerpt":{"rendered":"<p>LLAY LLAY.- Setenta peque\u00f1os grandes artistas en el escenario deleitaron al p\u00fablico que colm\u00f3 la platea del Cine Teatro Municipal, con canciones, danzas folcl\u00f3ricas y contempor\u00e1neas. El alcalde Mario Marillanca en su&#8230;<\/p>\n","protected":false},"author":482,"featured_media":63413,"comment_status":"open","ping_status":"open","sticky":false,"template":"","format":"standard","meta":{"advanced_seo_description":"","jetpack_seo_html_title":"","jetpack_seo_noindex":false,"_jetpack_memberships_contains_paid_content":false,"footnotes":""},"categories":[15],"tags":[],"class_list":["post-63412","post","type-post","status-publish","format-standard","has-post-thumbnail","hentry","category-comunidad"],"jetpack_featured_media_url":"https:\/\/i0.wp.com\/eltrabajo.cl\/portal\/wp-content\/uploads\/2015\/11\/Festival-Llay-Llay.jpg?fit=530%2C349&ssl=1","jetpack_sharing_enabled":true,"jetpack_likes_enabled":true,"jetpack-related-posts":[],"_links":{"self":[{"href":"https:\/\/eltrabajo.cl\/portal\/wp-json\/wp\/v2\/posts\/63412","targetHints":{"allow":["GET"]}}],"collection":[{"href":"https:\/\/eltrabajo.cl\/portal\/wp-json\/wp\/v2\/posts"}],"about":[{"href":"https:\/\/eltrabajo.cl\/portal\/wp-json\/wp\/v2\/types\/post"}],"author":[{"embeddable":true,"href":"https:\/\/eltrabajo.cl\/portal\/wp-json\/wp\/v2\/users\/482"}],"replies":[{"embeddable":true,"href":"https:\/\/eltrabajo.cl\/portal\/wp-json\/wp\/v2\/comments?post=63412"}],"version-history":[{"count":0,"href":"https:\/\/eltrabajo.cl\/portal\/wp-json\/wp\/v2\/posts\/63412\/revisions"}],"wp:featuredmedia":[{"embeddable":true,"href":"https:\/\/eltrabajo.cl\/portal\/wp-json\/wp\/v2\/media\/63413"}],"wp:attachment":[{"href":"https:\/\/eltrabajo.cl\/portal\/wp-json\/wp\/v2\/media?parent=63412"}],"wp:term":[{"taxonomy":"category","embeddable":true,"href":"https:\/\/eltrabajo.cl\/portal\/wp-json\/wp\/v2\/categories?post=63412"},{"taxonomy":"post_tag","embeddable":true,"href":"https:\/\/eltrabajo.cl\/portal\/wp-json\/wp\/v2\/tags?post=63412"}],"curies":[{"name":"wp","href":"https:\/\/api.w.org\/{rel}","templated":true}]}}