{"id":63415,"date":"2015-11-02T09:19:01","date_gmt":"2015-11-02T12:19:01","guid":{"rendered":"http:\/\/www.eltrabajo.cl\/portal\/?p=63415"},"modified":"2015-11-02T09:19:01","modified_gmt":"2015-11-02T12:19:01","slug":"multitudinaria-presentacion-realizo-el-bafona-en-el-estadio-municipal-de-calle-larga","status":"publish","type":"post","link":"https:\/\/eltrabajo.cl\/portal\/multitudinaria-presentacion-realizo-el-bafona-en-el-estadio-municipal-de-calle-larga\/","title":{"rendered":"Multitudinaria presentaci\u00f3n realiz\u00f3 el Bafona en el Estadio Municipal de Calle Larga"},"content":{"rendered":"<figure id=\"attachment_63416\" aria-describedby=\"caption-attachment-63416\" style=\"width: 300px\" class=\"wp-caption alignleft\"><a href=\"https:\/\/i0.wp.com\/www.eltrabajo.cl\/portal\/wp-content\/uploads\/2015\/11\/Presentacion-Bafona-1.jpg\"><img data-recalc-dims=\"1\" loading=\"lazy\" decoding=\"async\" class=\"wp-image-63416 size-medium\" src=\"https:\/\/i0.wp.com\/www.eltrabajo.cl\/portal\/wp-content\/uploads\/2015\/11\/Presentacion-Bafona-1-300x197.jpg?resize=300%2C197\" alt=\"M\u00e1s de mil personas asistieron a la presentaci\u00f3n gratuita que hizo el Bafona en el Estadio Municipal de Calle Larga.\" width=\"300\" height=\"197\" srcset=\"https:\/\/i0.wp.com\/eltrabajo.cl\/portal\/wp-content\/uploads\/2015\/11\/Presentacion-Bafona-1.jpg?resize=300%2C197&amp;ssl=1 300w, https:\/\/i0.wp.com\/eltrabajo.cl\/portal\/wp-content\/uploads\/2015\/11\/Presentacion-Bafona-1.jpg?resize=200%2C131&amp;ssl=1 200w, https:\/\/i0.wp.com\/eltrabajo.cl\/portal\/wp-content\/uploads\/2015\/11\/Presentacion-Bafona-1.jpg?resize=228%2C150&amp;ssl=1 228w, https:\/\/i0.wp.com\/eltrabajo.cl\/portal\/wp-content\/uploads\/2015\/11\/Presentacion-Bafona-1.jpg?resize=400%2C263&amp;ssl=1 400w, https:\/\/i0.wp.com\/eltrabajo.cl\/portal\/wp-content\/uploads\/2015\/11\/Presentacion-Bafona-1.jpg?w=530&amp;ssl=1 530w\" sizes=\"auto, (max-width: 300px) 100vw, 300px\" \/><\/a><figcaption id=\"caption-attachment-63416\" class=\"wp-caption-text\">M\u00e1s de mil personas asistieron a la presentaci\u00f3n gratuita que hizo el Bafona en el Estadio Municipal de Calle Larga.<\/figcaption><\/figure>\n<p><strong>CALLE LARGA.<\/strong>&#8211; Habitantes de diversos sectores de la provincia de Los Andes, participaron la tarde del jueves en la presentaci\u00f3n realizada por el Ballet Folcl\u00f3rico Nacional, Bafona, en el Estadio Municipal de la comuna.<br \/>\nDe acuerdo a los organizadores, m\u00e1s de mil 200 personas disfrutaron de los bailes y cantos folcl\u00f3ricos presentados por la renombrada agrupaci\u00f3n nacional, quienes encantaron a los asistentes con un espect\u00e1culo de gran nivel, que fue disfrutado adem\u00e1s por diversas autoridades, entre ellos, el embajador de Rep\u00fablica Dominicana, Pablo Mari\u00f1ez.<br \/>\n\u201cFue gran cantidad de personas las que participaron en esta actividad, lo que demuestra que la cultura, el folclor y las artes son temas que interesan y atraen a las personas, es por eso que seguiremos trabajando en ese sentido\u201d, sostuvo el alcalde Nelson Venegas.<br \/>\nPor su parte, la directora art\u00edstica del Ballet Nacional Bafona, Leticia Lizama, destac\u00f3 la gran cantidad de p\u00fablico que disfrut\u00f3 la presentaci\u00f3n.<br \/>\nTambi\u00e9n la Gobernadora de la Provincia de Los Andes, Mar\u00eda Victoria Rodr\u00edguez, destac\u00f3 esta actividad.<br \/>\n\u201cQuiero felicitar al alcalde de Calle Larga que est\u00e1 en el marco de una actividad cultural y de formaci\u00f3n en tradiciones. Esta es una parte de lo que se est\u00e1 desarrollando en la comuna, ya que tambi\u00e9n se est\u00e1 capacitando a los profesores a trav\u00e9s de la Academia Margot Loyola, con quienes el municipio tiene un convenio sumamente importante y que ha permitido llevar adelante esta importante celebraci\u00f3n\u201d, agreg\u00f3 la Gobernadora.<\/p>\n","protected":false},"excerpt":{"rendered":"<p>CALLE LARGA.&#8211; Habitantes de diversos sectores de la provincia de Los Andes, participaron la tarde del jueves en la presentaci\u00f3n realizada por el Ballet Folcl\u00f3rico Nacional, Bafona, en el Estadio Municipal de&#8230;<\/p>\n","protected":false},"author":482,"featured_media":63416,"comment_status":"open","ping_status":"open","sticky":false,"template":"","format":"standard","meta":{"advanced_seo_description":"","jetpack_seo_html_title":"","jetpack_seo_noindex":false,"_jetpack_memberships_contains_paid_content":false,"footnotes":""},"categories":[15],"tags":[],"class_list":["post-63415","post","type-post","status-publish","format-standard","has-post-thumbnail","hentry","category-comunidad"],"jetpack_featured_media_url":"https:\/\/i0.wp.com\/eltrabajo.cl\/portal\/wp-content\/uploads\/2015\/11\/Presentacion-Bafona-1.jpg?fit=530%2C348&ssl=1","jetpack_sharing_enabled":true,"jetpack_likes_enabled":true,"jetpack-related-posts":[],"_links":{"self":[{"href":"https:\/\/eltrabajo.cl\/portal\/wp-json\/wp\/v2\/posts\/63415","targetHints":{"allow":["GET"]}}],"collection":[{"href":"https:\/\/eltrabajo.cl\/portal\/wp-json\/wp\/v2\/posts"}],"about":[{"href":"https:\/\/eltrabajo.cl\/portal\/wp-json\/wp\/v2\/types\/post"}],"author":[{"embeddable":true,"href":"https:\/\/eltrabajo.cl\/portal\/wp-json\/wp\/v2\/users\/482"}],"replies":[{"embeddable":true,"href":"https:\/\/eltrabajo.cl\/portal\/wp-json\/wp\/v2\/comments?post=63415"}],"version-history":[{"count":0,"href":"https:\/\/eltrabajo.cl\/portal\/wp-json\/wp\/v2\/posts\/63415\/revisions"}],"wp:featuredmedia":[{"embeddable":true,"href":"https:\/\/eltrabajo.cl\/portal\/wp-json\/wp\/v2\/media\/63416"}],"wp:attachment":[{"href":"https:\/\/eltrabajo.cl\/portal\/wp-json\/wp\/v2\/media?parent=63415"}],"wp:term":[{"taxonomy":"category","embeddable":true,"href":"https:\/\/eltrabajo.cl\/portal\/wp-json\/wp\/v2\/categories?post=63415"},{"taxonomy":"post_tag","embeddable":true,"href":"https:\/\/eltrabajo.cl\/portal\/wp-json\/wp\/v2\/tags?post=63415"}],"curies":[{"name":"wp","href":"https:\/\/api.w.org\/{rel}","templated":true}]}}