{"id":63430,"date":"2015-11-02T09:26:18","date_gmt":"2015-11-02T12:26:18","guid":{"rendered":"http:\/\/www.eltrabajo.cl\/portal\/?p=63430"},"modified":"2015-11-02T09:26:18","modified_gmt":"2015-11-02T12:26:18","slug":"comienzan-capacitaciones-a-cuidadores-de-usuarios-con-dependencia-severa","status":"publish","type":"post","link":"https:\/\/eltrabajo.cl\/portal\/comienzan-capacitaciones-a-cuidadores-de-usuarios-con-dependencia-severa\/","title":{"rendered":"Comienzan capacitaciones a cuidadores de usuarios con dependencia severa"},"content":{"rendered":"<figure id=\"attachment_63431\" aria-describedby=\"caption-attachment-63431\" style=\"width: 300px\" class=\"wp-caption alignleft\"><a href=\"https:\/\/i0.wp.com\/www.eltrabajo.cl\/portal\/wp-content\/uploads\/2015\/11\/FOTO-TALLER-DEPENDENCIA-CESFAM.jpg\"><img data-recalc-dims=\"1\" loading=\"lazy\" decoding=\"async\" class=\"wp-image-63431 size-medium\" src=\"https:\/\/i0.wp.com\/www.eltrabajo.cl\/portal\/wp-content\/uploads\/2015\/11\/FOTO-TALLER-DEPENDENCIA-CESFAM-300x198.jpg?resize=300%2C198\" alt=\"Este martes 27 iniciaron las capacitaciones para cuidadores de pacientes con dependencia severa en el Cesfam Valle Los Libertadores.\" width=\"300\" height=\"198\" srcset=\"https:\/\/i0.wp.com\/eltrabajo.cl\/portal\/wp-content\/uploads\/2015\/11\/FOTO-TALLER-DEPENDENCIA-CESFAM.jpg?resize=300%2C198&amp;ssl=1 300w, https:\/\/i0.wp.com\/eltrabajo.cl\/portal\/wp-content\/uploads\/2015\/11\/FOTO-TALLER-DEPENDENCIA-CESFAM.jpg?resize=200%2C132&amp;ssl=1 200w, https:\/\/i0.wp.com\/eltrabajo.cl\/portal\/wp-content\/uploads\/2015\/11\/FOTO-TALLER-DEPENDENCIA-CESFAM.jpg?resize=228%2C150&amp;ssl=1 228w, https:\/\/i0.wp.com\/eltrabajo.cl\/portal\/wp-content\/uploads\/2015\/11\/FOTO-TALLER-DEPENDENCIA-CESFAM.jpg?resize=400%2C263&amp;ssl=1 400w, https:\/\/i0.wp.com\/eltrabajo.cl\/portal\/wp-content\/uploads\/2015\/11\/FOTO-TALLER-DEPENDENCIA-CESFAM.jpg?w=530&amp;ssl=1 530w\" sizes=\"auto, (max-width: 300px) 100vw, 300px\" \/><\/a><figcaption id=\"caption-attachment-63431\" class=\"wp-caption-text\">Este martes 27 iniciaron las capacitaciones para cuidadores de pacientes con dependencia severa en el Cesfam Valle Los Libertadores.<\/figcaption><\/figure>\n<ul>\n<li><strong>Iniciativa la desarrolla el Cesfam Valle Los Libertadores y empez\u00f3 el martes 27 de octubre y se extender\u00e1 hasta el 15 de diciembre con sesiones una vez por semana.<\/strong><\/li>\n<\/ul>\n<p><strong>PUTAENDO.<\/strong>&#8211; Con un enfoque multidisciplinario, donde existir\u00e1 asesor\u00eda de enfermer\u00eda, nutrici\u00f3n, asistencia social, kinesiolog\u00eda y psicolog\u00eda, esta semana comenzaron las jornadas de \u2018Capacitaci\u00f3n a Cuidadores de Usuarios con Dependencia Severa\u2019, a cargo del Cesfam Valle Los Libertadores de Putaendo.<br \/>\nEn el marco del programa de \u2018Atenci\u00f3n Domiciliaria\u2019, que se imparte en el centro de salud familiar, surge esta forma de apoyar y ayudar a quienes se hacen cargo de personas con dependencia severa, que son aquellos usuarios que necesitan de permanente ayuda de terceros para realizar sus quehaceres, debido a que no pueden hacerlo por s\u00ed mismos.<br \/>\nDe esta forma, la directora del Cesfam Valle Los Libertadores, Mireya Ponce, explic\u00f3 que la labor del cuidador muchas veces impacta en su salud f\u00edsica, mental, social y espiritual. Por lo mismo, se destac\u00f3 que en el primer d\u00eda llegaran cerca de 20 personas interesadas.<br \/>\n\u201cEste taller se dio inicio el martes 27 de octubre y tiene una duraci\u00f3n hasta el 15 de diciembre con una sesi\u00f3n por semana. Estoy satisfecha porque a la primera jornada llegaron muchos cuidadores de estos pacientes que est\u00e1n con dependencia severa. Como todos sabemos, cuidar a una persona con dependencia severa es una gran y noble tarea, de mucha responsabilidad, dedicaci\u00f3n y es un acto de amor\u201d, recalc\u00f3 la directora Mireya Ponce.<br \/>\nSeg\u00fan los datos que maneja el Cesfam Valle Los Libertadores, actualmente existen 87 usuarios con dependencia severa en Putaendo. Por lo tanto, se hace el llamado a familiares, cercanos o gente responsable de estos pacientes a que se acerquen a estos talleres programados los martes de cada semana desde las 14:30 horas.<\/p>\n","protected":false},"excerpt":{"rendered":"<p>Iniciativa la desarrolla el Cesfam Valle Los Libertadores y empez\u00f3 el martes 27 de octubre y se extender\u00e1 hasta el 15 de diciembre con sesiones una vez por semana. PUTAENDO.&#8211; Con un&#8230;<\/p>\n","protected":false},"author":482,"featured_media":63431,"comment_status":"open","ping_status":"open","sticky":false,"template":"","format":"standard","meta":{"advanced_seo_description":"","jetpack_seo_html_title":"","jetpack_seo_noindex":false,"_jetpack_memberships_contains_paid_content":false,"footnotes":""},"categories":[15],"tags":[],"class_list":["post-63430","post","type-post","status-publish","format-standard","has-post-thumbnail","hentry","category-comunidad"],"jetpack_featured_media_url":"https:\/\/i0.wp.com\/eltrabajo.cl\/portal\/wp-content\/uploads\/2015\/11\/FOTO-TALLER-DEPENDENCIA-CESFAM.jpg?fit=530%2C349&ssl=1","jetpack_sharing_enabled":true,"jetpack_likes_enabled":true,"jetpack-related-posts":[],"_links":{"self":[{"href":"https:\/\/eltrabajo.cl\/portal\/wp-json\/wp\/v2\/posts\/63430","targetHints":{"allow":["GET"]}}],"collection":[{"href":"https:\/\/eltrabajo.cl\/portal\/wp-json\/wp\/v2\/posts"}],"about":[{"href":"https:\/\/eltrabajo.cl\/portal\/wp-json\/wp\/v2\/types\/post"}],"author":[{"embeddable":true,"href":"https:\/\/eltrabajo.cl\/portal\/wp-json\/wp\/v2\/users\/482"}],"replies":[{"embeddable":true,"href":"https:\/\/eltrabajo.cl\/portal\/wp-json\/wp\/v2\/comments?post=63430"}],"version-history":[{"count":0,"href":"https:\/\/eltrabajo.cl\/portal\/wp-json\/wp\/v2\/posts\/63430\/revisions"}],"wp:featuredmedia":[{"embeddable":true,"href":"https:\/\/eltrabajo.cl\/portal\/wp-json\/wp\/v2\/media\/63431"}],"wp:attachment":[{"href":"https:\/\/eltrabajo.cl\/portal\/wp-json\/wp\/v2\/media?parent=63430"}],"wp:term":[{"taxonomy":"category","embeddable":true,"href":"https:\/\/eltrabajo.cl\/portal\/wp-json\/wp\/v2\/categories?post=63430"},{"taxonomy":"post_tag","embeddable":true,"href":"https:\/\/eltrabajo.cl\/portal\/wp-json\/wp\/v2\/tags?post=63430"}],"curies":[{"name":"wp","href":"https:\/\/api.w.org\/{rel}","templated":true}]}}