{"id":63433,"date":"2015-11-02T09:28:04","date_gmt":"2015-11-02T12:28:04","guid":{"rendered":"http:\/\/www.eltrabajo.cl\/portal\/?p=63433"},"modified":"2015-11-02T09:28:04","modified_gmt":"2015-11-02T12:28:04","slug":"este-jueves-se-presentara-la-unidad-canina-de-carabineros-v-zona-en-putaendo","status":"publish","type":"post","link":"https:\/\/eltrabajo.cl\/portal\/este-jueves-se-presentara-la-unidad-canina-de-carabineros-v-zona-en-putaendo\/","title":{"rendered":"Este jueves se presentar\u00e1 la unidad Canina de Carabineros V Zona en Putaendo"},"content":{"rendered":"<figure id=\"attachment_63434\" aria-describedby=\"caption-attachment-63434\" style=\"width: 300px\" class=\"wp-caption alignleft\"><a href=\"https:\/\/i0.wp.com\/www.eltrabajo.cl\/portal\/wp-content\/uploads\/2015\/11\/UNIDAD-CANINA-CARABINEROS.jpg\"><img data-recalc-dims=\"1\" loading=\"lazy\" decoding=\"async\" class=\"wp-image-63434 size-medium\" src=\"https:\/\/i0.wp.com\/www.eltrabajo.cl\/portal\/wp-content\/uploads\/2015\/11\/UNIDAD-CANINA-CARABINEROS-300x197.jpg?resize=300%2C197\" alt=\"Este jueves toda la comunidad putaendina podr\u00e1 asistir a la presentaci\u00f3n de la V Zona de Carabineros Valpara\u00edso, en el Estadio Municipal de Putaendo.\" width=\"300\" height=\"197\" srcset=\"https:\/\/i0.wp.com\/eltrabajo.cl\/portal\/wp-content\/uploads\/2015\/11\/UNIDAD-CANINA-CARABINEROS.jpg?resize=300%2C197&amp;ssl=1 300w, https:\/\/i0.wp.com\/eltrabajo.cl\/portal\/wp-content\/uploads\/2015\/11\/UNIDAD-CANINA-CARABINEROS.jpg?resize=200%2C131&amp;ssl=1 200w, https:\/\/i0.wp.com\/eltrabajo.cl\/portal\/wp-content\/uploads\/2015\/11\/UNIDAD-CANINA-CARABINEROS.jpg?resize=228%2C150&amp;ssl=1 228w, https:\/\/i0.wp.com\/eltrabajo.cl\/portal\/wp-content\/uploads\/2015\/11\/UNIDAD-CANINA-CARABINEROS.jpg?resize=400%2C263&amp;ssl=1 400w, https:\/\/i0.wp.com\/eltrabajo.cl\/portal\/wp-content\/uploads\/2015\/11\/UNIDAD-CANINA-CARABINEROS.jpg?w=530&amp;ssl=1 530w\" sizes=\"auto, (max-width: 300px) 100vw, 300px\" \/><\/a><figcaption id=\"caption-attachment-63434\" class=\"wp-caption-text\">Este jueves toda la comunidad putaendina podr\u00e1 asistir a la presentaci\u00f3n de la V Zona de Carabineros Valpara\u00edso, en el Estadio Municipal de Putaendo.<\/figcaption><\/figure>\n<p><strong>PUTAENDO.<\/strong>&#8211; La unidad canina perteneciente a la V Zona de Carabineros Valpara\u00edso, efectuar\u00e1 una demostraci\u00f3n junto a un grupo de instructores el pr\u00f3ximo jueves 5 de noviembre en el Estadio Municipal de Putaendo.<br \/>\nEsta informaci\u00f3n fue entregada por el Suboficial de Carabineros y Jefe del Ret\u00e9n de Guzmanes, Jorge Fuentes, quien detall\u00f3 que gracias a un trabajo en conjunto de todos los destacamentos policiales de la comuna de Putaendo, el pr\u00f3ximo jueves 5 de noviembre desde las 12:15 horas, todos los jardines infantiles y colegios de la comuna podr\u00e1n disfrutar de esta presentaci\u00f3n que muestra el trabajo mancomunado entre instructores y perros policiales, que cumplen labores muy importantes para Carabineros de Chile.<br \/>\nEl oficial policial invit\u00f3 a toda la comuna a presenciar esta actividad, que ser\u00e1 totalmente gratis.<br \/>\n<strong>Patricio Gallardo M.<\/strong><\/p>\n","protected":false},"excerpt":{"rendered":"<p>PUTAENDO.&#8211; La unidad canina perteneciente a la V Zona de Carabineros Valpara\u00edso, efectuar\u00e1 una demostraci\u00f3n junto a un grupo de instructores el pr\u00f3ximo jueves 5 de noviembre en el Estadio Municipal de&#8230;<\/p>\n","protected":false},"author":482,"featured_media":63434,"comment_status":"open","ping_status":"open","sticky":false,"template":"","format":"standard","meta":{"advanced_seo_description":"","jetpack_seo_html_title":"","jetpack_seo_noindex":false,"_jetpack_memberships_contains_paid_content":false,"footnotes":""},"categories":[1],"tags":[],"class_list":["post-63433","post","type-post","status-publish","format-standard","has-post-thumbnail","hentry","category-cronica"],"jetpack_featured_media_url":"https:\/\/i0.wp.com\/eltrabajo.cl\/portal\/wp-content\/uploads\/2015\/11\/UNIDAD-CANINA-CARABINEROS.jpg?fit=530%2C348&ssl=1","jetpack_sharing_enabled":true,"jetpack_likes_enabled":true,"jetpack-related-posts":[],"_links":{"self":[{"href":"https:\/\/eltrabajo.cl\/portal\/wp-json\/wp\/v2\/posts\/63433","targetHints":{"allow":["GET"]}}],"collection":[{"href":"https:\/\/eltrabajo.cl\/portal\/wp-json\/wp\/v2\/posts"}],"about":[{"href":"https:\/\/eltrabajo.cl\/portal\/wp-json\/wp\/v2\/types\/post"}],"author":[{"embeddable":true,"href":"https:\/\/eltrabajo.cl\/portal\/wp-json\/wp\/v2\/users\/482"}],"replies":[{"embeddable":true,"href":"https:\/\/eltrabajo.cl\/portal\/wp-json\/wp\/v2\/comments?post=63433"}],"version-history":[{"count":0,"href":"https:\/\/eltrabajo.cl\/portal\/wp-json\/wp\/v2\/posts\/63433\/revisions"}],"wp:featuredmedia":[{"embeddable":true,"href":"https:\/\/eltrabajo.cl\/portal\/wp-json\/wp\/v2\/media\/63434"}],"wp:attachment":[{"href":"https:\/\/eltrabajo.cl\/portal\/wp-json\/wp\/v2\/media?parent=63433"}],"wp:term":[{"taxonomy":"category","embeddable":true,"href":"https:\/\/eltrabajo.cl\/portal\/wp-json\/wp\/v2\/categories?post=63433"},{"taxonomy":"post_tag","embeddable":true,"href":"https:\/\/eltrabajo.cl\/portal\/wp-json\/wp\/v2\/tags?post=63433"}],"curies":[{"name":"wp","href":"https:\/\/api.w.org\/{rel}","templated":true}]}}