{"id":63436,"date":"2015-11-02T09:29:30","date_gmt":"2015-11-02T12:29:30","guid":{"rendered":"http:\/\/www.eltrabajo.cl\/portal\/?p=63436"},"modified":"2015-11-02T09:29:30","modified_gmt":"2015-11-02T12:29:30","slug":"estudiantes-realizan-mejoras-en-sala-de-pediatria-del-hospital-san-camilo","status":"publish","type":"post","link":"https:\/\/eltrabajo.cl\/portal\/estudiantes-realizan-mejoras-en-sala-de-pediatria-del-hospital-san-camilo\/","title":{"rendered":"Estudiantes realizan mejoras en sala de Pediatr\u00eda del Hospital San Camilo"},"content":{"rendered":"<figure id=\"attachment_63437\" aria-describedby=\"caption-attachment-63437\" style=\"width: 300px\" class=\"wp-caption alignleft\"><a href=\"https:\/\/i0.wp.com\/www.eltrabajo.cl\/portal\/wp-content\/uploads\/2015\/11\/Sala-de-Pediatria-1.jpg\"><img data-recalc-dims=\"1\" loading=\"lazy\" decoding=\"async\" class=\"wp-image-63437 size-medium\" src=\"https:\/\/i0.wp.com\/www.eltrabajo.cl\/portal\/wp-content\/uploads\/2015\/11\/Sala-de-Pediatria-1-300x199.jpg?resize=300%2C199\" alt=\"Esta intervenci\u00f3n buscaba hacer m\u00e1s amena y amigable esta sala para los ni\u00f1os y adolescentes que deben permanecer en el hospital.\" width=\"300\" height=\"199\" srcset=\"https:\/\/i0.wp.com\/eltrabajo.cl\/portal\/wp-content\/uploads\/2015\/11\/Sala-de-Pediatria-1.jpg?resize=300%2C199&amp;ssl=1 300w, https:\/\/i0.wp.com\/eltrabajo.cl\/portal\/wp-content\/uploads\/2015\/11\/Sala-de-Pediatria-1.jpg?resize=200%2C133&amp;ssl=1 200w, https:\/\/i0.wp.com\/eltrabajo.cl\/portal\/wp-content\/uploads\/2015\/11\/Sala-de-Pediatria-1.jpg?resize=226%2C150&amp;ssl=1 226w, https:\/\/i0.wp.com\/eltrabajo.cl\/portal\/wp-content\/uploads\/2015\/11\/Sala-de-Pediatria-1.jpg?resize=400%2C265&amp;ssl=1 400w, https:\/\/i0.wp.com\/eltrabajo.cl\/portal\/wp-content\/uploads\/2015\/11\/Sala-de-Pediatria-1.jpg?w=528&amp;ssl=1 528w\" sizes=\"auto, (max-width: 300px) 100vw, 300px\" \/><\/a><figcaption id=\"caption-attachment-63437\" class=\"wp-caption-text\">Esta intervenci\u00f3n buscaba hacer m\u00e1s amena y amigable esta sala para los ni\u00f1os y adolescentes que deben permanecer en el hospital.<\/figcaption><\/figure>\n<p>Con material l\u00fadico, alumnos que integran el voluntariado \u2018Recetando una sonrisa\u2019 equiparon la sala pedi\u00e1trica del Hospital San Camilo de San Felipe con el prop\u00f3sito de darle un toque m\u00e1s c\u00e1lido y ameno a este espacio.<br \/>\nEsta iniciativa se desarroll\u00f3 con recursos que se obtuvieron del fondo concursable de la Direcci\u00f3n de Asuntos Estudiantiles (DAE) de la Universidad de Valpara\u00edso, y que este a\u00f1o tuvo \u00e9nfasis en la innovaci\u00f3n social.<br \/>\nDaniela Cruz, alumna de quinto a\u00f1o de Medicina y una de las coordinadoras del voluntariado, explic\u00f3 que a esta salita llegan ni\u00f1os hospitalizados desde los 28 d\u00edas y hasta los 14 a\u00f1os de edad. \u201cA trav\u00e9s del programa Chile Crece Contigo juntamos materiales para manualidades, pero no pod\u00edamos incorporar a todo el grupo, gracias a la adjudicaci\u00f3n del proyecto tenemos juegos para ni\u00f1os m\u00e1s grandes y lactantes\u201d.<br \/>\nMientras que Jos\u00e9 Dur\u00e1n, alumno de quinto a\u00f1o de Medicina, indic\u00f3 que el voluntariado fue creado en el 2008. \u201cAl comienzo la salita era para que los ni\u00f1os no perdieran tanto tiempo de clases mientras se encontraban internados, con el tiempo se convirti\u00f3 en algo m\u00e1s l\u00fadico. La idea es que ellos se olviden por un momento que est\u00e1n en un hospital\u201d.<\/p>\n","protected":false},"excerpt":{"rendered":"<p>Con material l\u00fadico, alumnos que integran el voluntariado \u2018Recetando una sonrisa\u2019 equiparon la sala pedi\u00e1trica del Hospital San Camilo de San Felipe con el prop\u00f3sito de darle un toque m\u00e1s c\u00e1lido y&#8230;<\/p>\n","protected":false},"author":482,"featured_media":63437,"comment_status":"open","ping_status":"open","sticky":false,"template":"","format":"standard","meta":{"advanced_seo_description":"","jetpack_seo_html_title":"","jetpack_seo_noindex":false,"_jetpack_memberships_contains_paid_content":false,"footnotes":""},"categories":[1],"tags":[],"class_list":["post-63436","post","type-post","status-publish","format-standard","has-post-thumbnail","hentry","category-cronica"],"jetpack_featured_media_url":"https:\/\/i0.wp.com\/eltrabajo.cl\/portal\/wp-content\/uploads\/2015\/11\/Sala-de-Pediatria-1.jpg?fit=528%2C350&ssl=1","jetpack_sharing_enabled":true,"jetpack_likes_enabled":true,"jetpack-related-posts":[],"_links":{"self":[{"href":"https:\/\/eltrabajo.cl\/portal\/wp-json\/wp\/v2\/posts\/63436","targetHints":{"allow":["GET"]}}],"collection":[{"href":"https:\/\/eltrabajo.cl\/portal\/wp-json\/wp\/v2\/posts"}],"about":[{"href":"https:\/\/eltrabajo.cl\/portal\/wp-json\/wp\/v2\/types\/post"}],"author":[{"embeddable":true,"href":"https:\/\/eltrabajo.cl\/portal\/wp-json\/wp\/v2\/users\/482"}],"replies":[{"embeddable":true,"href":"https:\/\/eltrabajo.cl\/portal\/wp-json\/wp\/v2\/comments?post=63436"}],"version-history":[{"count":0,"href":"https:\/\/eltrabajo.cl\/portal\/wp-json\/wp\/v2\/posts\/63436\/revisions"}],"wp:featuredmedia":[{"embeddable":true,"href":"https:\/\/eltrabajo.cl\/portal\/wp-json\/wp\/v2\/media\/63437"}],"wp:attachment":[{"href":"https:\/\/eltrabajo.cl\/portal\/wp-json\/wp\/v2\/media?parent=63436"}],"wp:term":[{"taxonomy":"category","embeddable":true,"href":"https:\/\/eltrabajo.cl\/portal\/wp-json\/wp\/v2\/categories?post=63436"},{"taxonomy":"post_tag","embeddable":true,"href":"https:\/\/eltrabajo.cl\/portal\/wp-json\/wp\/v2\/tags?post=63436"}],"curies":[{"name":"wp","href":"https:\/\/api.w.org\/{rel}","templated":true}]}}