{"id":63439,"date":"2015-11-02T09:31:17","date_gmt":"2015-11-02T12:31:17","guid":{"rendered":"http:\/\/www.eltrabajo.cl\/portal\/?p=63439"},"modified":"2015-11-02T09:31:17","modified_gmt":"2015-11-02T12:31:17","slug":"internos-de-san-felipe-realizan-actividades-para-duplicar-lo-recaudado-el-ano-pasado","status":"publish","type":"post","link":"https:\/\/eltrabajo.cl\/portal\/internos-de-san-felipe-realizan-actividades-para-duplicar-lo-recaudado-el-ano-pasado\/","title":{"rendered":"Internos de San Felipe realizan actividades para duplicar lo recaudado el a\u00f1o pasado"},"content":{"rendered":"<figure id=\"attachment_63440\" aria-describedby=\"caption-attachment-63440\" style=\"width: 300px\" class=\"wp-caption alignleft\"><a href=\"https:\/\/i0.wp.com\/www.eltrabajo.cl\/portal\/wp-content\/uploads\/2015\/11\/TELETON-1.jpg\"><img data-recalc-dims=\"1\" loading=\"lazy\" decoding=\"async\" class=\"wp-image-63440 size-medium\" src=\"https:\/\/i0.wp.com\/www.eltrabajo.cl\/portal\/wp-content\/uploads\/2015\/11\/TELETON-1-300x198.jpg?resize=300%2C198\" alt=\"Dentro de las actividades que los internos llevan a cabo para reunir dinero para la Telet\u00f3n es la venta de empanadas, completadas o rifas, adem\u00e1s de diversas actividades deportivas. \" width=\"300\" height=\"198\" srcset=\"https:\/\/i0.wp.com\/eltrabajo.cl\/portal\/wp-content\/uploads\/2015\/11\/TELETON-1.jpg?resize=300%2C198&amp;ssl=1 300w, https:\/\/i0.wp.com\/eltrabajo.cl\/portal\/wp-content\/uploads\/2015\/11\/TELETON-1.jpg?resize=200%2C132&amp;ssl=1 200w, https:\/\/i0.wp.com\/eltrabajo.cl\/portal\/wp-content\/uploads\/2015\/11\/TELETON-1.jpg?resize=227%2C150&amp;ssl=1 227w, https:\/\/i0.wp.com\/eltrabajo.cl\/portal\/wp-content\/uploads\/2015\/11\/TELETON-1.jpg?resize=400%2C264&amp;ssl=1 400w, https:\/\/i0.wp.com\/eltrabajo.cl\/portal\/wp-content\/uploads\/2015\/11\/TELETON-1.jpg?w=530&amp;ssl=1 530w\" sizes=\"auto, (max-width: 300px) 100vw, 300px\" \/><\/a><figcaption id=\"caption-attachment-63440\" class=\"wp-caption-text\">Dentro de las actividades que los internos llevan a cabo para reunir dinero para la Telet\u00f3n es la venta de empanadas, completadas o rifas, adem\u00e1s de diversas actividades deportivas.<\/figcaption><\/figure>\n<ul>\n<li><strong>Completadas, rifas y actividades deportivas son algunas de las iniciativas que han impulsado.<\/strong><\/li>\n<\/ul>\n<p>Cada vez que el pa\u00eds se une para ir en ayuda de quien lo necesita los internos de la regi\u00f3n de Valpara\u00edso no quedan ajenos.Es as\u00ed como quienes est\u00e1n privados de libertad en el Centro de Cumplimiento Penitenciario (CCP) de San Felipe comenzaron hace poco m\u00e1s de un mes a reunir dinero para ir en ayuda de las personas que se atienden en los centros que la Telet\u00f3n mantiene en el pa\u00eds.<br \/>\nAl interior de la unidad cinco internos conforman un comit\u00e9 el cual se ha encargado de organizar las distintas actividades pro Telet\u00f3n y que han contado con el entusiasta apoyo de todas las personas recluidas.<br \/>\nDavid Tapia, integrante de este comit\u00e9, detalla las iniciativas que est\u00e1n llevando adelante para alcanzar la meta autoimpuesta y que consiste en duplicar lo reunido el a\u00f1o pasado.<br \/>\n\u201cEstamos haciendo actividades deportivas, donde cobramos una inscripci\u00f3n. Estamos haciendo empanadas, completadas, rifas. Destaco que todo esto est\u00e1 con el permiso de Gendarmer\u00eda, que nos facilita todas las herramientas\u201d.<br \/>\n\u201cEl a\u00f1o pasado hicimos casi $150.000 y pretendemos doblar esa cantidad. Hasta el momento ya llevamos cerca de $150.000, pero el prop\u00f3sito es alcanzar el doble. La poblaci\u00f3n penal en pleno se ha portado excelente. Ha cooperado con cosas para hacer actividades y con el buen comportamiento\u201d.<br \/>\nPor su parte el jefe de la unidad sanfelipe\u00f1a, capit\u00e1n Vald\u00e9s, afirm\u00f3 que: \u201cGendarmer\u00eda siempre ha apoyado estas iniciativas donde se busca ayudar a quienes m\u00e1s lo necesitan.\u201d<br \/>\nLas iniciativas se mantendr\u00e1n hasta el jueves 26 de noviembre, d\u00eda en que se los internos recibir\u00e1n la \u00faltima visita de sus familiares previa a la Telet\u00f3n. En esa oportunidad entregar\u00e1n el monto reunido a Joice, hija de un recluso que asiste al centro de la Telet\u00f3n en Valpara\u00edso. Ella ser\u00e1 la encargada de ir hasta el banco y entregar el dinero que con tanto esfuerzo y constancia donen quienes hoy est\u00e1n privados de libertad.<\/p>\n","protected":false},"excerpt":{"rendered":"<p>Completadas, rifas y actividades deportivas son algunas de las iniciativas que han impulsado. Cada vez que el pa\u00eds se une para ir en ayuda de quien lo necesita los internos de la&#8230;<\/p>\n","protected":false},"author":482,"featured_media":63440,"comment_status":"open","ping_status":"open","sticky":false,"template":"","format":"standard","meta":{"advanced_seo_description":"","jetpack_seo_html_title":"","jetpack_seo_noindex":false,"_jetpack_memberships_contains_paid_content":false,"footnotes":""},"categories":[15],"tags":[],"class_list":["post-63439","post","type-post","status-publish","format-standard","has-post-thumbnail","hentry","category-comunidad"],"jetpack_featured_media_url":"https:\/\/i0.wp.com\/eltrabajo.cl\/portal\/wp-content\/uploads\/2015\/11\/TELETON-1.jpg?fit=530%2C350&ssl=1","jetpack_sharing_enabled":true,"jetpack_likes_enabled":true,"jetpack-related-posts":[],"_links":{"self":[{"href":"https:\/\/eltrabajo.cl\/portal\/wp-json\/wp\/v2\/posts\/63439","targetHints":{"allow":["GET"]}}],"collection":[{"href":"https:\/\/eltrabajo.cl\/portal\/wp-json\/wp\/v2\/posts"}],"about":[{"href":"https:\/\/eltrabajo.cl\/portal\/wp-json\/wp\/v2\/types\/post"}],"author":[{"embeddable":true,"href":"https:\/\/eltrabajo.cl\/portal\/wp-json\/wp\/v2\/users\/482"}],"replies":[{"embeddable":true,"href":"https:\/\/eltrabajo.cl\/portal\/wp-json\/wp\/v2\/comments?post=63439"}],"version-history":[{"count":0,"href":"https:\/\/eltrabajo.cl\/portal\/wp-json\/wp\/v2\/posts\/63439\/revisions"}],"wp:featuredmedia":[{"embeddable":true,"href":"https:\/\/eltrabajo.cl\/portal\/wp-json\/wp\/v2\/media\/63440"}],"wp:attachment":[{"href":"https:\/\/eltrabajo.cl\/portal\/wp-json\/wp\/v2\/media?parent=63439"}],"wp:term":[{"taxonomy":"category","embeddable":true,"href":"https:\/\/eltrabajo.cl\/portal\/wp-json\/wp\/v2\/categories?post=63439"},{"taxonomy":"post_tag","embeddable":true,"href":"https:\/\/eltrabajo.cl\/portal\/wp-json\/wp\/v2\/tags?post=63439"}],"curies":[{"name":"wp","href":"https:\/\/api.w.org\/{rel}","templated":true}]}}