{"id":63442,"date":"2015-11-02T09:32:47","date_gmt":"2015-11-02T12:32:47","guid":{"rendered":"http:\/\/www.eltrabajo.cl\/portal\/?p=63442"},"modified":"2015-11-02T09:32:47","modified_gmt":"2015-11-02T12:32:47","slug":"presentan-nuevo-plan-de-seguridad-para-la-pequena-mineria","status":"publish","type":"post","link":"https:\/\/eltrabajo.cl\/portal\/presentan-nuevo-plan-de-seguridad-para-la-pequena-mineria\/","title":{"rendered":"Presentan nuevo Plan de Seguridad para la Peque\u00f1a Miner\u00eda"},"content":{"rendered":"<figure id=\"attachment_63443\" aria-describedby=\"caption-attachment-63443\" style=\"width: 300px\" class=\"wp-caption alignleft\"><a href=\"https:\/\/i0.wp.com\/www.eltrabajo.cl\/portal\/wp-content\/uploads\/2015\/11\/nuevo-plan-de-seguridad-pequena-mineria.jpg\"><img data-recalc-dims=\"1\" loading=\"lazy\" decoding=\"async\" class=\"wp-image-63443 size-medium\" src=\"https:\/\/i0.wp.com\/www.eltrabajo.cl\/portal\/wp-content\/uploads\/2015\/11\/nuevo-plan-de-seguridad-pequena-mineria-300x199.jpg?resize=300%2C199\" alt=\"Autoridades se reunieron para informar sobre el nuevo Plan de Seguridad para la peque\u00f1a miner\u00eda a representantes de Catemu y San Felipe.\" width=\"300\" height=\"199\" srcset=\"https:\/\/i0.wp.com\/eltrabajo.cl\/portal\/wp-content\/uploads\/2015\/11\/nuevo-plan-de-seguridad-pequena-mineria.jpg?resize=300%2C199&amp;ssl=1 300w, https:\/\/i0.wp.com\/eltrabajo.cl\/portal\/wp-content\/uploads\/2015\/11\/nuevo-plan-de-seguridad-pequena-mineria.jpg?resize=200%2C133&amp;ssl=1 200w, https:\/\/i0.wp.com\/eltrabajo.cl\/portal\/wp-content\/uploads\/2015\/11\/nuevo-plan-de-seguridad-pequena-mineria.jpg?resize=226%2C150&amp;ssl=1 226w, https:\/\/i0.wp.com\/eltrabajo.cl\/portal\/wp-content\/uploads\/2015\/11\/nuevo-plan-de-seguridad-pequena-mineria.jpg?resize=400%2C265&amp;ssl=1 400w, https:\/\/i0.wp.com\/eltrabajo.cl\/portal\/wp-content\/uploads\/2015\/11\/nuevo-plan-de-seguridad-pequena-mineria.jpg?w=528&amp;ssl=1 528w\" sizes=\"auto, (max-width: 300px) 100vw, 300px\" \/><\/a><figcaption id=\"caption-attachment-63443\" class=\"wp-caption-text\">Autoridades se reunieron para informar sobre el nuevo Plan de Seguridad para la peque\u00f1a miner\u00eda a representantes de Catemu y San Felipe.<\/figcaption><\/figure>\n<p>El pasado viernes, el Gobernador de San Felipe Eduardo Le\u00f3n junto al Seremi de Miner\u00eda Alonso Retamales y el Director Regional de Sernageomin H\u00e9ctor Soto Aravena, hicieron entrega oficial del nuevo Plan de Seguridad para la Peque\u00f1a Miner\u00eda de la Regi\u00f3n a representantes de Asociaciones Mineras de Catemu y San Felipe.<br \/>\nCabe destacar que en el marco de una nueva conmemoraci\u00f3n del funcionamiento del Consejo Regional de Seguridad Minera (Coresemin), la Intendencia Regional de Valpara\u00edso, entidad que preside dicha instancia, formaliz\u00f3 la incorporaci\u00f3n del Plan de Emergencia de Seguridad de la Peque\u00f1a Miner\u00eda al Plan de la Onemi Regional.<br \/>\nEn la actividad el Gobernador de San Felipe Eduardo Le\u00f3n indic\u00f3, \u201cestamos trabajando todos junto y en terreno, lo que nos permite visibilizar de mejor manera los requerimientos en este caso de los mineros de nuestra provincia. Hoy tenemos dos hitos importantes; se anuncia la atenci\u00f3n de Sernageomin en la Gobernaci\u00f3n todos los primeros martes de cada mes, adem\u00e1s incorporamos el tema de seguridad. En nuestro COE provincial incorporaremos fuertemente el tema de seguridad con nuestros mineros.\u201d<br \/>\nPatricia Beiza, Presidenta de la Asociaci\u00f3n Minera de San Felipe indic\u00f3, \u201cpara nosotros es un sue\u00f1o hecho realidad el poder tener a Seremi de Miner\u00eda y Sernageomin instalados en San Felipe, nos sirve mucho porque nos revisan los proyectos. Antes era engorroso tener que movilizarse para poder ir por nuestros tr\u00e1mites, as\u00ed que agradecemos el apoyo de las autoridades\u201d.<\/p>\n<p><strong>\u00c9NFASIS DEL PLAN<\/strong><br \/>\nRespecto del \u00e9nfasis local en seguridad minera, desde Sernageomin precisaron que se abordar\u00e1 la seguridad minera en la regi\u00f3n, a trav\u00e9s de la fiscalizaci\u00f3n de equipos profesionales, en el contexto de un acompa\u00f1amiento y orientaci\u00f3n t\u00e9cnica a la peque\u00f1a miner\u00eda.<br \/>\nEl nuevo Plan tiene como objetivo el contribuir a la prevenci\u00f3n y atenci\u00f3n de situaciones de emergencia que puedan presentarse en la peque\u00f1a miner\u00eda y miner\u00eda artesanal, que desarrolla su actividad en yacimientos de peque\u00f1o tama\u00f1o, los que muchas veces no cuentan con estudios de su potencial que le permitan dise\u00f1ar su explotaci\u00f3n en forma \u00f3ptima y segura.<br \/>\nLa gran y mediana miner\u00eda cuenta con recursos humanos, t\u00e9cnicos y financieros disponibles para enfrentar emergencias y potenciar seguridad, lo que no sucede en la peque\u00f1a miner\u00eda, por lo que es imprescindible la concurrencia de aportes p\u00fablicos y privados para poder llevar a cabo este nuevo Plan de Emergencia presentado por el Coresemin. En este sentido es importante relevar que desde el a\u00f1o 2013, existe la Red de Apoyo a la Emergencia Minera (RAEM) integrada por Bomberos de Putaendo, Llay-Llay y Cabildo, lo que cont\u00f3 con el financiamiento del Gobierno Regional, la coordinaci\u00f3n de la Seremi de Miner\u00eda y el apoyo de la empresa privada. Este apoyo consisti\u00f3 en capacitaci\u00f3n y equipamiento para 30 voluntarios (10 de cada cuerpo de bomberos) para enfrentar emergencias de este tipo.<\/p>\n<p><strong>SERNAGEOMIN EN TERRENO<\/strong><br \/>\nSe realizar\u00e1n atenciones ciudadanas en dependencias de la Gobernaci\u00f3n de San Felipe, ubicada en Salinas 1231 piso 2, San Felipe. Estas atenciones se efectuar\u00e1n los primeros martes de cada mes entre las 10:30 y las 14 horas.<br \/>\nLas atenciones ciudadanas abordar\u00e1n tem\u00e1ticas de seguridad minera, planes de cierre y propiedad minera. Ser\u00e1n instancias de consultas, atenci\u00f3n, orientaci\u00f3n, recepci\u00f3n de denuncias, coordinaciones sobre requerimientos de usuarios a Sernageomin y recepci\u00f3n de documentos.<\/p>\n","protected":false},"excerpt":{"rendered":"<p>El pasado viernes, el Gobernador de San Felipe Eduardo Le\u00f3n junto al Seremi de Miner\u00eda Alonso Retamales y el Director Regional de Sernageomin H\u00e9ctor Soto Aravena, hicieron entrega oficial del nuevo Plan&#8230;<\/p>\n","protected":false},"author":482,"featured_media":63443,"comment_status":"open","ping_status":"open","sticky":false,"template":"","format":"standard","meta":{"advanced_seo_description":"","jetpack_seo_html_title":"","jetpack_seo_noindex":false,"_jetpack_memberships_contains_paid_content":false,"footnotes":""},"categories":[15],"tags":[],"class_list":["post-63442","post","type-post","status-publish","format-standard","has-post-thumbnail","hentry","category-comunidad"],"jetpack_featured_media_url":"https:\/\/i0.wp.com\/eltrabajo.cl\/portal\/wp-content\/uploads\/2015\/11\/nuevo-plan-de-seguridad-pequena-mineria.jpg?fit=528%2C350&ssl=1","jetpack_sharing_enabled":true,"jetpack_likes_enabled":true,"jetpack-related-posts":[],"_links":{"self":[{"href":"https:\/\/eltrabajo.cl\/portal\/wp-json\/wp\/v2\/posts\/63442","targetHints":{"allow":["GET"]}}],"collection":[{"href":"https:\/\/eltrabajo.cl\/portal\/wp-json\/wp\/v2\/posts"}],"about":[{"href":"https:\/\/eltrabajo.cl\/portal\/wp-json\/wp\/v2\/types\/post"}],"author":[{"embeddable":true,"href":"https:\/\/eltrabajo.cl\/portal\/wp-json\/wp\/v2\/users\/482"}],"replies":[{"embeddable":true,"href":"https:\/\/eltrabajo.cl\/portal\/wp-json\/wp\/v2\/comments?post=63442"}],"version-history":[{"count":0,"href":"https:\/\/eltrabajo.cl\/portal\/wp-json\/wp\/v2\/posts\/63442\/revisions"}],"wp:featuredmedia":[{"embeddable":true,"href":"https:\/\/eltrabajo.cl\/portal\/wp-json\/wp\/v2\/media\/63443"}],"wp:attachment":[{"href":"https:\/\/eltrabajo.cl\/portal\/wp-json\/wp\/v2\/media?parent=63442"}],"wp:term":[{"taxonomy":"category","embeddable":true,"href":"https:\/\/eltrabajo.cl\/portal\/wp-json\/wp\/v2\/categories?post=63442"},{"taxonomy":"post_tag","embeddable":true,"href":"https:\/\/eltrabajo.cl\/portal\/wp-json\/wp\/v2\/tags?post=63442"}],"curies":[{"name":"wp","href":"https:\/\/api.w.org\/{rel}","templated":true}]}}