{"id":63445,"date":"2015-11-02T09:34:56","date_gmt":"2015-11-02T12:34:56","guid":{"rendered":"http:\/\/www.eltrabajo.cl\/portal\/?p=63445"},"modified":"2015-11-02T09:34:56","modified_gmt":"2015-11-02T12:34:56","slug":"un-centenar-de-vecinos-participaron-de-cabildo-informativo-sobre-registro-social-de-hogares","status":"publish","type":"post","link":"https:\/\/eltrabajo.cl\/portal\/un-centenar-de-vecinos-participaron-de-cabildo-informativo-sobre-registro-social-de-hogares\/","title":{"rendered":"Un centenar de vecinos participaron de Cabildo Informativo sobre Registro Social de Hogares"},"content":{"rendered":"<figure id=\"attachment_63446\" aria-describedby=\"caption-attachment-63446\" style=\"width: 300px\" class=\"wp-caption alignleft\"><a href=\"https:\/\/i0.wp.com\/www.eltrabajo.cl\/portal\/wp-content\/uploads\/2015\/11\/Cabildo-Informativo-2015.jpg\"><img data-recalc-dims=\"1\" loading=\"lazy\" decoding=\"async\" class=\"wp-image-63446 size-medium\" src=\"https:\/\/i0.wp.com\/www.eltrabajo.cl\/portal\/wp-content\/uploads\/2015\/11\/Cabildo-Informativo-2015-300x198.jpg?resize=300%2C198\" alt=\"140 dirigentes sociales, adem\u00e1s de vecinos, participaron del Cabildo Informativo sobre el Registro de Hogares, organizado por la Gobernaci\u00f3n de San Felipe, que cont\u00f3 con la participaci\u00f3n del Ministro de Desarrollo Social, Marcos Barraza.\" width=\"300\" height=\"198\" srcset=\"https:\/\/i0.wp.com\/eltrabajo.cl\/portal\/wp-content\/uploads\/2015\/11\/Cabildo-Informativo-2015.jpg?resize=300%2C198&amp;ssl=1 300w, https:\/\/i0.wp.com\/eltrabajo.cl\/portal\/wp-content\/uploads\/2015\/11\/Cabildo-Informativo-2015.jpg?resize=200%2C132&amp;ssl=1 200w, https:\/\/i0.wp.com\/eltrabajo.cl\/portal\/wp-content\/uploads\/2015\/11\/Cabildo-Informativo-2015.jpg?resize=227%2C150&amp;ssl=1 227w, https:\/\/i0.wp.com\/eltrabajo.cl\/portal\/wp-content\/uploads\/2015\/11\/Cabildo-Informativo-2015.jpg?resize=400%2C264&amp;ssl=1 400w, https:\/\/i0.wp.com\/eltrabajo.cl\/portal\/wp-content\/uploads\/2015\/11\/Cabildo-Informativo-2015.jpg?w=530&amp;ssl=1 530w\" sizes=\"auto, (max-width: 300px) 100vw, 300px\" \/><\/a><figcaption id=\"caption-attachment-63446\" class=\"wp-caption-text\">140 dirigentes sociales, adem\u00e1s de vecinos, participaron del Cabildo Informativo sobre el Registro de Hogares, organizado por la Gobernaci\u00f3n de San Felipe, que cont\u00f3 con la participaci\u00f3n del Ministro de Desarrollo Social, Marcos Barraza.<\/figcaption><\/figure>\n<ul>\n<li><strong>En enero de 2016 comenzar\u00e1 su implementaci\u00f3n y reemplazar\u00e1 gradualmente la actual Ficha de Protecci\u00f3n Social.<\/strong><\/li>\n<\/ul>\n<p>El Ministro de Desarrollo Social, Marcos Barraza, arrib\u00f3 hasta la Provincia de San Felipe para participar en un masivo Cabildo efectuado en el Teatro Municipal de San Felipe. Ocasi\u00f3n en la que el secretario de Estado comunic\u00f3 las caracter\u00edsticas de este nuevo sistema que viene a reemplazar al Sistema de Protecci\u00f3n Social.<br \/>\nLa actividad cont\u00f3 con la participaci\u00f3n de 140 dirigentes sociales de todas las comunas, quienes pudieron informarse, por ejemplo, de importantes cambios que traer\u00e1 este nuevo sistema: No habr\u00e1 reencuestaje masivo ni tampoco se calificar\u00e1 por puntaje, dando paso a tramos socioecon\u00f3micos. Adem\u00e1s, que las personas y hogares que al 31 de diciembre de 2015 cuenten con Ficha de Protecci\u00f3n Social vigente, ingresar\u00e1n autom\u00e1ticamente al Registro Social de Hogares.<br \/>\nEn la ocasi\u00f3n, el titular de Desarrollo Social manifest\u00f3 que este Registro Social de Hogares es \u201cun instrumento m\u00e1s justo porque opera con informaci\u00f3n administrativa; es decir, informaci\u00f3n objetiva y no autorreportada. Nos permite llegar a las familias que realmente lo requieren y excluir a las familias de muy altos ingresos. Es un sistema m\u00e1s moderno, sin tantos tr\u00e1mites ni burocracia. Y m\u00e1s transparente, porque las familias van a saber por qu\u00e9 tienen un determinado tramo socioecon\u00f3mico\u201d.<br \/>\nEn tanto, el Gobernador Eduardo Le\u00f3n agradeci\u00f3 la r\u00e1pida respuesta por parte del Ministro a la petici\u00f3n de visitar la zona y reunirse con dirigentes. \u201cHace unas semanas le ped\u00ed al Ministro que viniera a explicar. Sabemos cu\u00e1l es el problema que tienen muchos vecinos con la Ficha de Protecci\u00f3n Social y este cambio permitir\u00e1 un sistema m\u00e1s justo, m\u00e1s claro y transparente. Es un compromiso de la Presidenta Bachelet que hoy se cumple, nuevamente\u201d, finaliz\u00f3 la autoridad provincial.<br \/>\nEn tanto, los Alcaldes de San Felipe, Patricio Freire y Santa Mar\u00eda, Claudio Zurita, se mostraron muy conformes con la realizaci\u00f3n de este di\u00e1logo, que permite dar a conocer en terreno los cambios que impulsa el Gobierno en materia social.<br \/>\nFinalmente, el titular de Desarrollo Social destac\u00f3 que \u201cel sistema brindar\u00e1 mayor satisfacci\u00f3n a la ciudadan\u00eda, porque las personas podr\u00e1n actualizar o rectificar su informaci\u00f3n en caso de cambio de domicilio o de composici\u00f3n familiar\u201d.<br \/>\nEn las afueras del Teatro Municipal se realiz\u00f3 la 11\u00b0 feria con servicios p\u00fablicos \u201cTu gobierno en terreno\u201d, donde los ciudadanos pod\u00edan informarse de los beneficios estatales que se est\u00e1n implementando en los m\u00e1s de 25 servicios p\u00fablicos que participaron.<\/p>\n","protected":false},"excerpt":{"rendered":"<p>En enero de 2016 comenzar\u00e1 su implementaci\u00f3n y reemplazar\u00e1 gradualmente la actual Ficha de Protecci\u00f3n Social. El Ministro de Desarrollo Social, Marcos Barraza, arrib\u00f3 hasta la Provincia de San Felipe para participar&#8230;<\/p>\n","protected":false},"author":482,"featured_media":63446,"comment_status":"open","ping_status":"open","sticky":false,"template":"","format":"standard","meta":{"advanced_seo_description":"","jetpack_seo_html_title":"","jetpack_seo_noindex":false,"_jetpack_memberships_contains_paid_content":false,"footnotes":""},"categories":[1],"tags":[],"class_list":["post-63445","post","type-post","status-publish","format-standard","has-post-thumbnail","hentry","category-cronica"],"jetpack_featured_media_url":"https:\/\/i0.wp.com\/eltrabajo.cl\/portal\/wp-content\/uploads\/2015\/11\/Cabildo-Informativo-2015.jpg?fit=530%2C350&ssl=1","jetpack_sharing_enabled":true,"jetpack_likes_enabled":true,"jetpack-related-posts":[],"_links":{"self":[{"href":"https:\/\/eltrabajo.cl\/portal\/wp-json\/wp\/v2\/posts\/63445","targetHints":{"allow":["GET"]}}],"collection":[{"href":"https:\/\/eltrabajo.cl\/portal\/wp-json\/wp\/v2\/posts"}],"about":[{"href":"https:\/\/eltrabajo.cl\/portal\/wp-json\/wp\/v2\/types\/post"}],"author":[{"embeddable":true,"href":"https:\/\/eltrabajo.cl\/portal\/wp-json\/wp\/v2\/users\/482"}],"replies":[{"embeddable":true,"href":"https:\/\/eltrabajo.cl\/portal\/wp-json\/wp\/v2\/comments?post=63445"}],"version-history":[{"count":0,"href":"https:\/\/eltrabajo.cl\/portal\/wp-json\/wp\/v2\/posts\/63445\/revisions"}],"wp:featuredmedia":[{"embeddable":true,"href":"https:\/\/eltrabajo.cl\/portal\/wp-json\/wp\/v2\/media\/63446"}],"wp:attachment":[{"href":"https:\/\/eltrabajo.cl\/portal\/wp-json\/wp\/v2\/media?parent=63445"}],"wp:term":[{"taxonomy":"category","embeddable":true,"href":"https:\/\/eltrabajo.cl\/portal\/wp-json\/wp\/v2\/categories?post=63445"},{"taxonomy":"post_tag","embeddable":true,"href":"https:\/\/eltrabajo.cl\/portal\/wp-json\/wp\/v2\/tags?post=63445"}],"curies":[{"name":"wp","href":"https:\/\/api.w.org\/{rel}","templated":true}]}}