{"id":63448,"date":"2015-11-02T09:36:38","date_gmt":"2015-11-02T12:36:38","guid":{"rendered":"http:\/\/www.eltrabajo.cl\/portal\/?p=63448"},"modified":"2015-11-02T09:36:38","modified_gmt":"2015-11-02T12:36:38","slug":"hombre-de-59-anos-muere-arrollado-por-locomotora-en-curimon","status":"publish","type":"post","link":"https:\/\/eltrabajo.cl\/portal\/hombre-de-59-anos-muere-arrollado-por-locomotora-en-curimon\/","title":{"rendered":"Hombre de 59 a\u00f1os muere arrollado por locomotora en Curim\u00f3n"},"content":{"rendered":"<figure id=\"attachment_63449\" aria-describedby=\"caption-attachment-63449\" style=\"width: 300px\" class=\"wp-caption alignleft\"><a href=\"https:\/\/i0.wp.com\/www.eltrabajo.cl\/portal\/wp-content\/uploads\/2015\/11\/JOSE-CASTA%C3%91EDA-LOPEZ.jpg\"><img data-recalc-dims=\"1\" loading=\"lazy\" decoding=\"async\" class=\"wp-image-63449 size-medium\" src=\"https:\/\/i0.wp.com\/www.eltrabajo.cl\/portal\/wp-content\/uploads\/2015\/11\/JOSE-CASTA%C3%91EDA-LOPEZ-300x197.jpg?resize=300%2C197\" alt=\"El cuerpo de Jos\u00e9 Casta\u00f1eda L\u00f3pez de 59 a\u00f1os de edad, fue levantado por el Servicio M\u00e9dico Legal para la correspondiente autopsia de rigor tras el accidente ocurrido en el cruce ferroviario en Curim\u00f3n.\" width=\"300\" height=\"197\" srcset=\"https:\/\/i0.wp.com\/eltrabajo.cl\/portal\/wp-content\/uploads\/2015\/11\/JOSE-CASTA%C3%91EDA-LOPEZ.jpg?resize=300%2C197&amp;ssl=1 300w, https:\/\/i0.wp.com\/eltrabajo.cl\/portal\/wp-content\/uploads\/2015\/11\/JOSE-CASTA%C3%91EDA-LOPEZ.jpg?resize=200%2C131&amp;ssl=1 200w, https:\/\/i0.wp.com\/eltrabajo.cl\/portal\/wp-content\/uploads\/2015\/11\/JOSE-CASTA%C3%91EDA-LOPEZ.jpg?resize=228%2C150&amp;ssl=1 228w, https:\/\/i0.wp.com\/eltrabajo.cl\/portal\/wp-content\/uploads\/2015\/11\/JOSE-CASTA%C3%91EDA-LOPEZ.jpg?resize=400%2C263&amp;ssl=1 400w, https:\/\/i0.wp.com\/eltrabajo.cl\/portal\/wp-content\/uploads\/2015\/11\/JOSE-CASTA%C3%91EDA-LOPEZ.jpg?w=530&amp;ssl=1 530w\" sizes=\"auto, (max-width: 300px) 100vw, 300px\" \/><\/a><figcaption id=\"caption-attachment-63449\" class=\"wp-caption-text\">El cuerpo de Jos\u00e9 Casta\u00f1eda L\u00f3pez de 59 a\u00f1os de edad, fue levantado por el Servicio M\u00e9dico Legal para la correspondiente autopsia de rigor tras el accidente ocurrido en el cruce ferroviario en Curim\u00f3n.<\/figcaption><\/figure>\n<ul>\n<li><strong>El maquinista de la empresa Fepasa activ\u00f3 el frenado de emergencia tras divisar a un sujeto que se encontraba tendido sobre el cruce ferroviario, mecanismo que no logr\u00f3 impedir arrollar a Jos\u00e9 Casta\u00f1eda L\u00f3pez que falleci\u00f3 instant\u00e1neamente.<\/strong><\/li>\n<\/ul>\n<p>Un hombre de 59 a\u00f1os de edad identificado como Jos\u00e9 Guillermo Casta\u00f1eda L\u00f3pez, falleci\u00f3 instant\u00e1neamente tras ser arrollado por un tren de la empresa Fepasa. El conductor activ\u00f3 el mecanismo de frenado, pero no logr\u00f3 impedir la tragedia cuando divis\u00f3 al transe\u00fante que, por causas que se investigan, se encontraba tendido en la l\u00ednea f\u00e9rrea en el cruce de la exestaci\u00f3n de Curim\u00f3n.<br \/>\nEl accidente ocurri\u00f3 a eso de las 06:50 horas del domingo y fue comunicado a Carabineros v\u00eda telef\u00f3nica, concurriendo personal hasta la l\u00ednea f\u00e9rrea donde se encontraba el conductor de la locomotora, identificado como \u00cdtalo Jil Figueroa, entregando los detalles de lo ocurrido a los efectivos policiales.<br \/>\nPreliminarmente se pudo conocer que el trabajador de la empresa Fepasa se dirig\u00eda en la locomotora 2353 en direcci\u00f3n a Los Andes para el transporte de concentrado de cobre, cuando sorpresivamente observ\u00f3 un sujeto tendido sobre la l\u00ednea f\u00e9rrea, activando de inmediato el frenado de emergencia.<br \/>\nSin embargo estas maniobras no lograron impedir que la mole de acero embistiera el cuerpo de Jos\u00e9 Casta\u00f1eda, falleciendo en el mismo lugar, siendo constatado por personal del Samu que confirm\u00f3 la muerte del transe\u00fante.<br \/>\nEl Fiscal de turno dispuso las pericias de los efectivos de la Subcomisar\u00eda Investigadora de Accidentes de Tr\u00e1nsito Siat de Carabineros para un informe que esclarezca los hechos.<br \/>\nEn tanto el cuerpo de Jos\u00e9 Casta\u00f1eda L\u00f3pez, domiciliado en el sector del Cerro San Jos\u00e9 de Curim\u00f3n, fue levantado por el Servicio M\u00e9dico Legal para la correspondiente autopsia de rigor.<br \/>\n<strong>Pablo Salinas Sald\u00edas<\/strong><\/p>\n","protected":false},"excerpt":{"rendered":"<p>El maquinista de la empresa Fepasa activ\u00f3 el frenado de emergencia tras divisar a un sujeto que se encontraba tendido sobre el cruce ferroviario, mecanismo que no logr\u00f3 impedir arrollar a Jos\u00e9&#8230;<\/p>\n","protected":false},"author":482,"featured_media":63449,"comment_status":"open","ping_status":"open","sticky":false,"template":"","format":"standard","meta":{"advanced_seo_description":"","jetpack_seo_html_title":"","jetpack_seo_noindex":false,"_jetpack_memberships_contains_paid_content":false,"footnotes":""},"categories":[21],"tags":[],"class_list":["post-63448","post","type-post","status-publish","format-standard","has-post-thumbnail","hentry","category-policial"],"jetpack_featured_media_url":"https:\/\/i0.wp.com\/eltrabajo.cl\/portal\/wp-content\/uploads\/2015\/11\/JOSE-CASTA%C3%91EDA-LOPEZ.jpg?fit=530%2C348&ssl=1","jetpack_sharing_enabled":true,"jetpack_likes_enabled":true,"jetpack-related-posts":[],"_links":{"self":[{"href":"https:\/\/eltrabajo.cl\/portal\/wp-json\/wp\/v2\/posts\/63448","targetHints":{"allow":["GET"]}}],"collection":[{"href":"https:\/\/eltrabajo.cl\/portal\/wp-json\/wp\/v2\/posts"}],"about":[{"href":"https:\/\/eltrabajo.cl\/portal\/wp-json\/wp\/v2\/types\/post"}],"author":[{"embeddable":true,"href":"https:\/\/eltrabajo.cl\/portal\/wp-json\/wp\/v2\/users\/482"}],"replies":[{"embeddable":true,"href":"https:\/\/eltrabajo.cl\/portal\/wp-json\/wp\/v2\/comments?post=63448"}],"version-history":[{"count":0,"href":"https:\/\/eltrabajo.cl\/portal\/wp-json\/wp\/v2\/posts\/63448\/revisions"}],"wp:featuredmedia":[{"embeddable":true,"href":"https:\/\/eltrabajo.cl\/portal\/wp-json\/wp\/v2\/media\/63449"}],"wp:attachment":[{"href":"https:\/\/eltrabajo.cl\/portal\/wp-json\/wp\/v2\/media?parent=63448"}],"wp:term":[{"taxonomy":"category","embeddable":true,"href":"https:\/\/eltrabajo.cl\/portal\/wp-json\/wp\/v2\/categories?post=63448"},{"taxonomy":"post_tag","embeddable":true,"href":"https:\/\/eltrabajo.cl\/portal\/wp-json\/wp\/v2\/tags?post=63448"}],"curies":[{"name":"wp","href":"https:\/\/api.w.org\/{rel}","templated":true}]}}