{"id":63451,"date":"2015-11-02T09:39:34","date_gmt":"2015-11-02T12:39:34","guid":{"rendered":"http:\/\/www.eltrabajo.cl\/portal\/?p=63451"},"modified":"2015-11-02T09:39:34","modified_gmt":"2015-11-02T12:39:34","slug":"motorista-pierde-tragicamente-la-vida-tras-impactar-contra-camioneta","status":"publish","type":"post","link":"https:\/\/eltrabajo.cl\/portal\/motorista-pierde-tragicamente-la-vida-tras-impactar-contra-camioneta\/","title":{"rendered":"Motorista pierde tr\u00e1gicamente la vida tras impactar contra camioneta"},"content":{"rendered":"<figure id=\"attachment_63452\" aria-describedby=\"caption-attachment-63452\" style=\"width: 300px\" class=\"wp-caption alignleft\"><a href=\"https:\/\/i0.wp.com\/www.eltrabajo.cl\/portal\/wp-content\/uploads\/2015\/11\/JOSE-VILCHES-NAVEA.jpg\"><img data-recalc-dims=\"1\" loading=\"lazy\" decoding=\"async\" class=\"wp-image-63452 size-medium\" src=\"https:\/\/i0.wp.com\/www.eltrabajo.cl\/portal\/wp-content\/uploads\/2015\/11\/JOSE-VILCHES-NAVEA-300x197.jpg?resize=300%2C197\" alt=\"Lamentablemente el joven de 27 a\u00f1os Jos\u00e9 Alejandro Vilches Navea perdi\u00f3 la vida tras protagonizar el violento accidente vehicular en San Felipe.\" width=\"300\" height=\"197\" srcset=\"https:\/\/i0.wp.com\/eltrabajo.cl\/portal\/wp-content\/uploads\/2015\/11\/JOSE-VILCHES-NAVEA.jpg?resize=300%2C197&amp;ssl=1 300w, https:\/\/i0.wp.com\/eltrabajo.cl\/portal\/wp-content\/uploads\/2015\/11\/JOSE-VILCHES-NAVEA.jpg?resize=200%2C131&amp;ssl=1 200w, https:\/\/i0.wp.com\/eltrabajo.cl\/portal\/wp-content\/uploads\/2015\/11\/JOSE-VILCHES-NAVEA.jpg?resize=228%2C150&amp;ssl=1 228w, https:\/\/i0.wp.com\/eltrabajo.cl\/portal\/wp-content\/uploads\/2015\/11\/JOSE-VILCHES-NAVEA.jpg?resize=400%2C263&amp;ssl=1 400w, https:\/\/i0.wp.com\/eltrabajo.cl\/portal\/wp-content\/uploads\/2015\/11\/JOSE-VILCHES-NAVEA.jpg?w=530&amp;ssl=1 530w\" sizes=\"auto, (max-width: 300px) 100vw, 300px\" \/><\/a><figcaption id=\"caption-attachment-63452\" class=\"wp-caption-text\">Lamentablemente el joven de 27 a\u00f1os Jos\u00e9 Alejandro Vilches Navea perdi\u00f3 la vida tras protagonizar el violento accidente vehicular en San Felipe.<\/figcaption><\/figure>\n<ul>\n<li><strong>Joven de 27 a\u00f1os de edad muri\u00f3 instant\u00e1neamente mientras que conductor de la camioneta, que lo hac\u00eda bajo la influencia del alcohol, fue detenido por Carabineros en Avenida Manso de Velasco en San Felipe.<\/strong><\/li>\n<\/ul>\n<p>Un tr\u00e1gico accidente con resultado de muerte se produjo a eso de las 04:00 de la madrugada de ayer domingo, tras la violenta colisi\u00f3n entre una camioneta y una moto. El conductor del veh\u00edculo menor, a ra\u00edz del impacto, sali\u00f3 eyectado, cayendo violentamente sobre la calzada, perdiendo la vida en la avenida Manso de Velasco esquina de Pasaje Buin de San Felipe.<br \/>\nEl reporte preliminar de Carabineros indica que las circunstancias de esta tragedia ocurrieron cuando el conductor de la camioneta marca Chevrolet color verde, placa patente LZ 1283, identificado como Roberto Adr\u00e1n Lobos Leiva, se desplazaba bajo los efectos del alcohol en direcci\u00f3n al norte y colision\u00f3 al motoclicista que conduc\u00eda una moto Yamaha placa patente IT 325 en direcci\u00f3n al sur.<br \/>\nA ra\u00edz del accidente, el motorista identificado como Jos\u00e9 Alejandro Vilches Navea de 27 a\u00f1os de edad, debido al violento impacto entre los m\u00f3viles, perdi\u00f3 la vida al caer violentamente al pavimento. En tanto, el veh\u00edculo de dos ruedas qued\u00f3 literalmente incrustado bajo la camioneta.<br \/>\nHasta el lugar de los hechos concurri\u00f3 personal del Samu para asistir al herido, sin embargo los profesionales de la salud solo constataron su muerte en el lugar.<br \/>\nAsimismo personal de Carabineros aplic\u00f3 el examen de intoxylizer al conductor de la camioneta Roberto Lobos Leiva, constantando que \u00e9ste lo hac\u00eda bajo la influencia del alcohol y adem\u00e1s que manten\u00eda la documentaci\u00f3n del m\u00f3vil vencida, por lo cual fue detenido, quedando a disposici\u00f3n del Ministerio P\u00fablico de San Felipe.<br \/>\nPor instrucci\u00f3n del Fiscal de turno, se ordenaron las diligencias de los efectivos de la Subcomisar\u00eda Investigadora de Accidentes de Tr\u00e1nsito, Siat de Carabineros de San Felipe, para la elaboraci\u00f3n de los informes pertinentes que esclarecer\u00e1n las circunstancias de esta lamentable tragedia.<br \/>\nEn tanto el cuerpo de Jos\u00e9 Vilches Navea, domiciliado en poblaci\u00f3n Los Naranjos, fue levantando por el Servicio M\u00e9dico Legal para la correspondiente autopsia de rigor y posterior entrega a sus familiares.<br \/>\n<strong>Pablo Salinas Sald\u00edas<\/strong><\/p>\n<div class=\"tiled-gallery type-rectangular tiled-gallery-unresized\" data-original-width=\"640\" data-carousel-extra='null' itemscope itemtype=\"http:\/\/schema.org\/ImageGallery\" > <div class=\"gallery-row\" style=\"width: 640px; height: 212px;\" data-original-width=\"640\" data-original-height=\"212\" > <div class=\"gallery-group images-1\" style=\"width: 320px; height: 212px;\" data-original-width=\"320\" data-original-height=\"212\" > <div class=\"tiled-gallery-item tiled-gallery-item-large\" itemprop=\"associatedMedia\" itemscope itemtype=\"http:\/\/schema.org\/ImageObject\"> <a href=\"https:\/\/eltrabajo.cl\/portal\/motorista-pierde-tragicamente-la-vida-tras-impactar-contra-camioneta\/moto2-4\/\" border=\"0\" itemprop=\"url\"> <meta itemprop=\"width\" content=\"316\"> <meta itemprop=\"height\" content=\"208\"> <img decoding=\"async\" class=\"\" data-attachment-id=\"63454\" data-orig-file=\"https:\/\/eltrabajo.cl\/portal\/wp-content\/uploads\/2015\/11\/MOTO2.jpg\" data-orig-size=\"530,350\" data-comments-opened=\"1\" data-image-meta=\"{&quot;aperture&quot;:&quot;0&quot;,&quot;credit&quot;:&quot;&quot;,&quot;camera&quot;:&quot;&quot;,&quot;caption&quot;:&quot;&quot;,&quot;created_timestamp&quot;:&quot;0&quot;,&quot;copyright&quot;:&quot;&quot;,&quot;focal_length&quot;:&quot;0&quot;,&quot;iso&quot;:&quot;0&quot;,&quot;shutter_speed&quot;:&quot;0&quot;,&quot;title&quot;:&quot;&quot;,&quot;orientation&quot;:&quot;0&quot;}\" data-image-title=\"MOTO2\" data-image-description=\"&lt;p&gt;La moto qued\u00f3 incrustada bajo la camioneta cuyo conductor lo hac\u00eda bajo los efectos del alcohol.&lt;\/p&gt; \" data-medium-file=\"https:\/\/i0.wp.com\/eltrabajo.cl\/portal\/wp-content\/uploads\/2015\/11\/MOTO2.jpg?fit=300%2C198&#038;ssl=1\" data-large-file=\"https:\/\/i0.wp.com\/eltrabajo.cl\/portal\/wp-content\/uploads\/2015\/11\/MOTO2.jpg?fit=530%2C350&#038;ssl=1\" src=\"https:\/\/i0.wp.com\/eltrabajo.cl\/portal\/wp-content\/uploads\/2015\/11\/MOTO2.jpg?w=316&#038;h=208&#038;ssl=1\" srcset=\"https:\/\/i0.wp.com\/eltrabajo.cl\/portal\/wp-content\/uploads\/2015\/11\/MOTO2.jpg?w=530&amp;ssl=1 530w, https:\/\/i0.wp.com\/eltrabajo.cl\/portal\/wp-content\/uploads\/2015\/11\/MOTO2.jpg?resize=200%2C132&amp;ssl=1 200w, https:\/\/i0.wp.com\/eltrabajo.cl\/portal\/wp-content\/uploads\/2015\/11\/MOTO2.jpg?resize=300%2C198&amp;ssl=1 300w, https:\/\/i0.wp.com\/eltrabajo.cl\/portal\/wp-content\/uploads\/2015\/11\/MOTO2.jpg?resize=227%2C150&amp;ssl=1 227w, https:\/\/i0.wp.com\/eltrabajo.cl\/portal\/wp-content\/uploads\/2015\/11\/MOTO2.jpg?resize=400%2C264&amp;ssl=1 400w\" width=\"316\" height=\"208\" loading=\"lazy\" data-original-width=\"316\" data-original-height=\"208\" itemprop=\"http:\/\/schema.org\/image\" title=\"MOTO2\" alt=\"La moto qued\u00f3 incrustada bajo la camioneta cuyo conductor lo hac\u00eda bajo los efectos del alcohol.\" style=\"width: 316px; height: 208px;\" \/> <\/a> <div class=\"tiled-gallery-caption\" itemprop=\"caption description\"> La moto qued\u00f3 incrustada bajo la camioneta cuyo conductor lo hac\u00eda bajo los efectos del alcohol. <\/div> <\/div> <\/div> <!-- close group --> <div class=\"gallery-group images-1\" style=\"width: 320px; height: 212px;\" data-original-width=\"320\" data-original-height=\"212\" > <div class=\"tiled-gallery-item tiled-gallery-item-large\" itemprop=\"associatedMedia\" itemscope itemtype=\"http:\/\/schema.org\/ImageObject\"> <a href=\"https:\/\/eltrabajo.cl\/portal\/motorista-pierde-tragicamente-la-vida-tras-impactar-contra-camioneta\/accidente-2-6\/\" border=\"0\" itemprop=\"url\"> <meta itemprop=\"width\" content=\"316\"> <meta itemprop=\"height\" content=\"208\"> <img decoding=\"async\" class=\"\" data-attachment-id=\"63453\" data-orig-file=\"https:\/\/eltrabajo.cl\/portal\/wp-content\/uploads\/2015\/11\/ACCIDENTE-2.jpg\" data-orig-size=\"530,349\" data-comments-opened=\"1\" data-image-meta=\"{&quot;aperture&quot;:&quot;0&quot;,&quot;credit&quot;:&quot;&quot;,&quot;camera&quot;:&quot;&quot;,&quot;caption&quot;:&quot;&quot;,&quot;created_timestamp&quot;:&quot;0&quot;,&quot;copyright&quot;:&quot;&quot;,&quot;focal_length&quot;:&quot;0&quot;,&quot;iso&quot;:&quot;0&quot;,&quot;shutter_speed&quot;:&quot;0&quot;,&quot;title&quot;:&quot;&quot;,&quot;orientation&quot;:&quot;0&quot;}\" data-image-title=\"ACCIDENTE 2\" data-image-description=\"&lt;p&gt;La tragedia ocurri\u00f3 a eso de las 04:00 horas de la madrugada del domingo en avenida Manso de Velasco de San Felipe.&lt;\/p&gt; \" data-medium-file=\"https:\/\/i0.wp.com\/eltrabajo.cl\/portal\/wp-content\/uploads\/2015\/11\/ACCIDENTE-2.jpg?fit=300%2C198&#038;ssl=1\" data-large-file=\"https:\/\/i0.wp.com\/eltrabajo.cl\/portal\/wp-content\/uploads\/2015\/11\/ACCIDENTE-2.jpg?fit=530%2C349&#038;ssl=1\" src=\"https:\/\/i0.wp.com\/eltrabajo.cl\/portal\/wp-content\/uploads\/2015\/11\/ACCIDENTE-2.jpg?w=316&#038;h=208&#038;ssl=1\" srcset=\"https:\/\/i0.wp.com\/eltrabajo.cl\/portal\/wp-content\/uploads\/2015\/11\/ACCIDENTE-2.jpg?w=530&amp;ssl=1 530w, https:\/\/i0.wp.com\/eltrabajo.cl\/portal\/wp-content\/uploads\/2015\/11\/ACCIDENTE-2.jpg?resize=200%2C132&amp;ssl=1 200w, https:\/\/i0.wp.com\/eltrabajo.cl\/portal\/wp-content\/uploads\/2015\/11\/ACCIDENTE-2.jpg?resize=300%2C198&amp;ssl=1 300w, https:\/\/i0.wp.com\/eltrabajo.cl\/portal\/wp-content\/uploads\/2015\/11\/ACCIDENTE-2.jpg?resize=228%2C150&amp;ssl=1 228w, https:\/\/i0.wp.com\/eltrabajo.cl\/portal\/wp-content\/uploads\/2015\/11\/ACCIDENTE-2.jpg?resize=400%2C263&amp;ssl=1 400w\" width=\"316\" height=\"208\" loading=\"lazy\" data-original-width=\"316\" data-original-height=\"208\" itemprop=\"http:\/\/schema.org\/image\" title=\"ACCIDENTE 2\" alt=\"La tragedia ocurri\u00f3 a eso de las 04:00 horas de la madrugada del domingo en avenida Manso de Velasco de San Felipe.\" style=\"width: 316px; height: 208px;\" \/> <\/a> <div class=\"tiled-gallery-caption\" itemprop=\"caption description\"> La tragedia ocurri\u00f3 a eso de las 04:00 horas de la madrugada del domingo en avenida Manso de Velasco de San Felipe. <\/div> <\/div> <\/div> <!-- close group --> <\/div> <!-- close row --> <\/div>\n","protected":false},"excerpt":{"rendered":"<p>Joven de 27 a\u00f1os de edad muri\u00f3 instant\u00e1neamente mientras que conductor de la camioneta, que lo hac\u00eda bajo la influencia del alcohol, fue detenido por Carabineros en Avenida Manso de Velasco en&#8230;<\/p>\n","protected":false},"author":482,"featured_media":63452,"comment_status":"open","ping_status":"open","sticky":false,"template":"","format":"standard","meta":{"advanced_seo_description":"","jetpack_seo_html_title":"","jetpack_seo_noindex":false,"_jetpack_memberships_contains_paid_content":false,"footnotes":""},"categories":[21],"tags":[],"class_list":["post-63451","post","type-post","status-publish","format-standard","has-post-thumbnail","hentry","category-policial"],"jetpack_featured_media_url":"https:\/\/i0.wp.com\/eltrabajo.cl\/portal\/wp-content\/uploads\/2015\/11\/JOSE-VILCHES-NAVEA.jpg?fit=530%2C348&ssl=1","jetpack_sharing_enabled":true,"jetpack_likes_enabled":true,"jetpack-related-posts":[],"_links":{"self":[{"href":"https:\/\/eltrabajo.cl\/portal\/wp-json\/wp\/v2\/posts\/63451","targetHints":{"allow":["GET"]}}],"collection":[{"href":"https:\/\/eltrabajo.cl\/portal\/wp-json\/wp\/v2\/posts"}],"about":[{"href":"https:\/\/eltrabajo.cl\/portal\/wp-json\/wp\/v2\/types\/post"}],"author":[{"embeddable":true,"href":"https:\/\/eltrabajo.cl\/portal\/wp-json\/wp\/v2\/users\/482"}],"replies":[{"embeddable":true,"href":"https:\/\/eltrabajo.cl\/portal\/wp-json\/wp\/v2\/comments?post=63451"}],"version-history":[{"count":0,"href":"https:\/\/eltrabajo.cl\/portal\/wp-json\/wp\/v2\/posts\/63451\/revisions"}],"wp:featuredmedia":[{"embeddable":true,"href":"https:\/\/eltrabajo.cl\/portal\/wp-json\/wp\/v2\/media\/63452"}],"wp:attachment":[{"href":"https:\/\/eltrabajo.cl\/portal\/wp-json\/wp\/v2\/media?parent=63451"}],"wp:term":[{"taxonomy":"category","embeddable":true,"href":"https:\/\/eltrabajo.cl\/portal\/wp-json\/wp\/v2\/categories?post=63451"},{"taxonomy":"post_tag","embeddable":true,"href":"https:\/\/eltrabajo.cl\/portal\/wp-json\/wp\/v2\/tags?post=63451"}],"curies":[{"name":"wp","href":"https:\/\/api.w.org\/{rel}","templated":true}]}}