{"id":63459,"date":"2015-11-03T09:07:07","date_gmt":"2015-11-03T12:07:07","guid":{"rendered":"http:\/\/www.eltrabajo.cl\/portal\/?p=63459"},"modified":"2015-11-03T09:07:07","modified_gmt":"2015-11-03T12:07:07","slug":"jardines-infantiles-del-valle-de-aconcagua-celebraron-aniversario-n-25-de-integra","status":"publish","type":"post","link":"https:\/\/eltrabajo.cl\/portal\/jardines-infantiles-del-valle-de-aconcagua-celebraron-aniversario-n-25-de-integra\/","title":{"rendered":"Jardines infantiles del Valle de Aconcagua celebraron aniversario N\u00b0 25 de Integra"},"content":{"rendered":"<figure id=\"attachment_63460\" aria-describedby=\"caption-attachment-63460\" style=\"width: 300px\" class=\"wp-caption alignleft\"><a href=\"https:\/\/i0.wp.com\/www.eltrabajo.cl\/portal\/wp-content\/uploads\/2015\/11\/Sala-Cuna-La-Pirquita-de-Panquehue.jpg\"><img data-recalc-dims=\"1\" loading=\"lazy\" decoding=\"async\" class=\"wp-image-63460 size-medium\" src=\"https:\/\/i0.wp.com\/www.eltrabajo.cl\/portal\/wp-content\/uploads\/2015\/11\/Sala-Cuna-La-Pirquita-de-Panquehue-300x198.jpg?resize=300%2C198\" alt=\"La Sala Cuna \u2018La Pirquita\u2019 de Panquehue, tambi\u00e9n particip\u00f3 de las celebraciones realizadas por los jardines de Fundaci\u00f3n Integra.\" width=\"300\" height=\"198\" srcset=\"https:\/\/i0.wp.com\/eltrabajo.cl\/portal\/wp-content\/uploads\/2015\/11\/Sala-Cuna-La-Pirquita-de-Panquehue.jpg?resize=300%2C198&amp;ssl=1 300w, https:\/\/i0.wp.com\/eltrabajo.cl\/portal\/wp-content\/uploads\/2015\/11\/Sala-Cuna-La-Pirquita-de-Panquehue.jpg?resize=200%2C132&amp;ssl=1 200w, https:\/\/i0.wp.com\/eltrabajo.cl\/portal\/wp-content\/uploads\/2015\/11\/Sala-Cuna-La-Pirquita-de-Panquehue.jpg?resize=228%2C150&amp;ssl=1 228w, https:\/\/i0.wp.com\/eltrabajo.cl\/portal\/wp-content\/uploads\/2015\/11\/Sala-Cuna-La-Pirquita-de-Panquehue.jpg?resize=400%2C263&amp;ssl=1 400w, https:\/\/i0.wp.com\/eltrabajo.cl\/portal\/wp-content\/uploads\/2015\/11\/Sala-Cuna-La-Pirquita-de-Panquehue.jpg?w=530&amp;ssl=1 530w\" sizes=\"auto, (max-width: 300px) 100vw, 300px\" \/><\/a><figcaption id=\"caption-attachment-63460\" class=\"wp-caption-text\">La Sala Cuna \u2018La Pirquita\u2019 de Panquehue, tambi\u00e9n particip\u00f3 de las celebraciones realizadas por los jardines de Fundaci\u00f3n Integra.<\/figcaption><\/figure>\n<p>Carnavales, ferias educativas, y diversas manifestaciones art\u00edsticas fueron parte de las actividades que se llevaron a cabo en el marco de los 25 a\u00f1os de Fundaci\u00f3n Integra. En la oportunidad adem\u00e1s, se realiz\u00f3 un especial reconocimiento a la trayectoria y compromiso de los y las trabajadoras de la regi\u00f3n.<br \/>\nEn su aniversario N\u00b0 25, Fundaci\u00f3n Integra celebr\u00f3 entregando educaci\u00f3n parvularia gratuita y de calidad a m\u00e1s de 1300 ni\u00f1os de 19 jardines infantiles de las Provincias de San Felipe y Los Andes y m\u00e1s de 80 en toda la regi\u00f3n, as\u00ed lo dio a conocer la Directora Regional de Fundaci\u00f3n Integra, Paola \u00c1lvarez, en el marco de la ceremonia regional de aniversario.<\/p>\n<figure id=\"attachment_63461\" aria-describedby=\"caption-attachment-63461\" style=\"width: 300px\" class=\"wp-caption alignright\"><a href=\"https:\/\/i0.wp.com\/www.eltrabajo.cl\/portal\/wp-content\/uploads\/2015\/11\/Jardin-Montanita-de-Los-Andes.jpg\"><img data-recalc-dims=\"1\" loading=\"lazy\" decoding=\"async\" class=\"wp-image-63461 size-medium\" src=\"https:\/\/i0.wp.com\/www.eltrabajo.cl\/portal\/wp-content\/uploads\/2015\/11\/Jardin-Montanita-de-Los-Andes-300x197.jpg?resize=300%2C197\" alt=\"El Jard\u00edn Infantil Monta\u00f1ita de Los Andes, tambi\u00e9n se sum\u00f3 a las celebraciones de este nuevo aniversario.\" width=\"300\" height=\"197\" srcset=\"https:\/\/i0.wp.com\/eltrabajo.cl\/portal\/wp-content\/uploads\/2015\/11\/Jardin-Montanita-de-Los-Andes.jpg?resize=300%2C197&amp;ssl=1 300w, https:\/\/i0.wp.com\/eltrabajo.cl\/portal\/wp-content\/uploads\/2015\/11\/Jardin-Montanita-de-Los-Andes.jpg?resize=200%2C131&amp;ssl=1 200w, https:\/\/i0.wp.com\/eltrabajo.cl\/portal\/wp-content\/uploads\/2015\/11\/Jardin-Montanita-de-Los-Andes.jpg?resize=228%2C150&amp;ssl=1 228w, https:\/\/i0.wp.com\/eltrabajo.cl\/portal\/wp-content\/uploads\/2015\/11\/Jardin-Montanita-de-Los-Andes.jpg?resize=400%2C263&amp;ssl=1 400w, https:\/\/i0.wp.com\/eltrabajo.cl\/portal\/wp-content\/uploads\/2015\/11\/Jardin-Montanita-de-Los-Andes.jpg?w=530&amp;ssl=1 530w\" sizes=\"auto, (max-width: 300px) 100vw, 300px\" \/><\/a><figcaption id=\"caption-attachment-63461\" class=\"wp-caption-text\">El Jard\u00edn Infantil Monta\u00f1ita de Los Andes, tambi\u00e9n se sum\u00f3 a las celebraciones de este nuevo aniversario.<\/figcaption><\/figure>\n<p>Las celebraciones m\u00e1s festivas estuvieron a cargo de las comunidades educativas de los 10 jardines infantiles de la Provincia de San Felipe y 9 de la Provincia de Los Andes que administra Integra. Equipos t\u00e9cnicos, ni\u00f1os y familias se reunieron para dar vida a carnavales, ferias educativas, manifestaciones art\u00edsticas, y muestras saludables, con las que festejaron los 25 a\u00f1os de historia que cumpli\u00f3 la instituci\u00f3n y los importantes avances que ha concretado en beneficio de la educaci\u00f3n parvularia p\u00fablica del pa\u00eds.<br \/>\nIntegra pertenece a la Red Fundaciones de la Direcci\u00f3n Sociocultural de la Presidencia de la Rep\u00fablica. Con 25 a\u00f1os de experiencia, es uno de los principales prestadores de educaci\u00f3n parvularia en Chile.<\/p>\n","protected":false},"excerpt":{"rendered":"<p>Carnavales, ferias educativas, y diversas manifestaciones art\u00edsticas fueron parte de las actividades que se llevaron a cabo en el marco de los 25 a\u00f1os de Fundaci\u00f3n Integra. En la oportunidad adem\u00e1s, se&#8230;<\/p>\n","protected":false},"author":482,"featured_media":63460,"comment_status":"open","ping_status":"open","sticky":false,"template":"","format":"standard","meta":{"advanced_seo_description":"","jetpack_seo_html_title":"","jetpack_seo_noindex":false,"_jetpack_memberships_contains_paid_content":false,"footnotes":""},"categories":[15],"tags":[],"class_list":["post-63459","post","type-post","status-publish","format-standard","has-post-thumbnail","hentry","category-comunidad"],"jetpack_featured_media_url":"https:\/\/i0.wp.com\/eltrabajo.cl\/portal\/wp-content\/uploads\/2015\/11\/Sala-Cuna-La-Pirquita-de-Panquehue.jpg?fit=530%2C349&ssl=1","jetpack_sharing_enabled":true,"jetpack_likes_enabled":true,"jetpack-related-posts":[],"_links":{"self":[{"href":"https:\/\/eltrabajo.cl\/portal\/wp-json\/wp\/v2\/posts\/63459","targetHints":{"allow":["GET"]}}],"collection":[{"href":"https:\/\/eltrabajo.cl\/portal\/wp-json\/wp\/v2\/posts"}],"about":[{"href":"https:\/\/eltrabajo.cl\/portal\/wp-json\/wp\/v2\/types\/post"}],"author":[{"embeddable":true,"href":"https:\/\/eltrabajo.cl\/portal\/wp-json\/wp\/v2\/users\/482"}],"replies":[{"embeddable":true,"href":"https:\/\/eltrabajo.cl\/portal\/wp-json\/wp\/v2\/comments?post=63459"}],"version-history":[{"count":0,"href":"https:\/\/eltrabajo.cl\/portal\/wp-json\/wp\/v2\/posts\/63459\/revisions"}],"wp:featuredmedia":[{"embeddable":true,"href":"https:\/\/eltrabajo.cl\/portal\/wp-json\/wp\/v2\/media\/63460"}],"wp:attachment":[{"href":"https:\/\/eltrabajo.cl\/portal\/wp-json\/wp\/v2\/media?parent=63459"}],"wp:term":[{"taxonomy":"category","embeddable":true,"href":"https:\/\/eltrabajo.cl\/portal\/wp-json\/wp\/v2\/categories?post=63459"},{"taxonomy":"post_tag","embeddable":true,"href":"https:\/\/eltrabajo.cl\/portal\/wp-json\/wp\/v2\/tags?post=63459"}],"curies":[{"name":"wp","href":"https:\/\/api.w.org\/{rel}","templated":true}]}}