{"id":6346,"date":"2011-11-18T08:42:11","date_gmt":"2011-11-18T12:42:11","guid":{"rendered":"http:\/\/www.eltrabajo.cl\/portal\/?p=6346"},"modified":"2011-11-18T08:42:11","modified_gmt":"2011-11-18T12:42:11","slug":"banda-sanfelipena-gano-premio-anual-en-vina-del-mar","status":"publish","type":"post","link":"https:\/\/eltrabajo.cl\/portal\/banda-sanfelipena-gano-premio-anual-en-vina-del-mar\/","title":{"rendered":"Banda sanfelipe\u00f1a gan\u00f3 premio anual en Vi\u00f1a del Mar"},"content":{"rendered":"<p>&nbsp;<\/p>\n<figure id=\"attachment_6347\" aria-describedby=\"caption-attachment-6347\" style=\"width: 600px\" class=\"wp-caption alignnone\"><a href=\"http:\/\/www.eltrabajo.cl\/portal\/archives\/6346\/banda1\" rel=\"attachment wp-att-6347\"><img data-recalc-dims=\"1\" loading=\"lazy\" decoding=\"async\" class=\"size-full wp-image-6347\" title=\"Banda1\" src=\"https:\/\/i0.wp.com\/www.eltrabajo.cl\/portal\/wp-content\/uploads\/2011\/11\/Banda1.jpg?resize=600%2C387\" alt=\"\" width=\"600\" height=\"387\" srcset=\"https:\/\/i0.wp.com\/eltrabajo.cl\/portal\/wp-content\/uploads\/2011\/11\/Banda1.jpg?w=600&amp;ssl=1 600w, https:\/\/i0.wp.com\/eltrabajo.cl\/portal\/wp-content\/uploads\/2011\/11\/Banda1.jpg?resize=200%2C129&amp;ssl=1 200w, https:\/\/i0.wp.com\/eltrabajo.cl\/portal\/wp-content\/uploads\/2011\/11\/Banda1.jpg?resize=300%2C193&amp;ssl=1 300w, https:\/\/i0.wp.com\/eltrabajo.cl\/portal\/wp-content\/uploads\/2011\/11\/Banda1.jpg?resize=150%2C96&amp;ssl=1 150w, https:\/\/i0.wp.com\/eltrabajo.cl\/portal\/wp-content\/uploads\/2011\/11\/Banda1.jpg?resize=400%2C258&amp;ssl=1 400w\" sizes=\"auto, (max-width: 600px) 100vw, 600px\" \/><\/a><figcaption id=\"caption-attachment-6347\" class=\"wp-caption-text\">As\u00ed luci\u00f3 la \u201cSonora E\u201d del Alonso de Ercilla en la Final de interescolares UNAB 2011,ma\u00f1ana s\u00e1bado, entre las 14:00 y  20:00 horas en el estadio de Curim\u00f3n habr\u00e1 un encuentro masivo de bandas musicales respaldado por la Comisi\u00f3n de Accidentes Asociados al consumo de alcohol, SEREMI  de Salud y distintas instituciones.<\/figcaption><\/figure>\n<p>Roberto Gonz\u00e1lez Short &#8211; rgonzalez@eltrabajo.cl<\/p>\n<p>Cuando en abril de este a\u00f1o, los profesores de m\u00fasica del Colegio Alonso de Ercilla de San Felipe, Alex Hidalgo y Miguel Cataldo, idearon articular una banda musical y as\u00ed compartir y ampliar sus conocimientos con sus estudiantes, jam\u00e1s se imaginaron que en pocos meses llegar\u00edan a ser \u201clos novatos\u201d que arrebatar\u00edan a las mejores 49 agrupaciones musicales Interescolar UNAB 2011 en Vi\u00f1a del Mar, el codiciado premio de $500.000 en instrumentos musicales que esa entidad otorga a la propuesta con mejor proyecci\u00f3n en el escenario.<\/p>\n<p>Los encuentros interescolares de la Universidad Andr\u00e9s Bello se desarrollan en diferentes categor\u00edas como Fotograf\u00eda Publicitaria, Nataci\u00f3n, Modelismo Naval, Reporteo y Bandas entre muchas otras ramas del saber humano.<\/p>\n<p>\u00abEn abril creamos la \u2018Sonora E\u2019 que es una banda de m\u00fasica bailable, lo formamos para adquirir rendimiento en instrumentos como el saxof\u00f3n, trompeta, teclado y bajo. Los ocho miembros fuimos invitados a participar en las Interescolar de la UNAB 2011, enviamos nuestro demo en Mp3, el 24 de octubre quedamos entre los once mejores del pa\u00eds y este doce de noviembre ganamos la categor\u00eda m\u00e1s codiciada, no lo pod\u00edamos creer pero; aunque no figur\u00e1bamos como favoritos, nos quedamos con medio mill\u00f3n en premios\u00bb, coment\u00f3 entusiasmado Alex Hidalgo, fundador de la banda.<\/p>\n<p><strong>PERFIL DE LAS INTERESCOLARES<\/strong><\/p>\n<p>Son m\u00e1s de 350 asistentes y 26 bandas en competencia, provenientes de colegios de la V, VII, VIII y Regi\u00f3n Metropolitana, participaron en la gran final del 6\u00ba Interescolar de Bandas que organiza como siempre, la Direcci\u00f3n de Interescolares y la carrera de Educaci\u00f3n Musical de la Universidad Andr\u00e9s Bello.<\/p>\n<p>Desde rock y grunge hasta m\u00fasica popular y cumbia, fueron los sonidos que pudieron presenciar los asistentes a esta final, que premi\u00f3 a los participantes en tres categor\u00edas: Instrumental sin letra, Cover y M\u00fasica Original.<\/p>\n<p><strong>CATEGOR\u00cdAS PREMIADAS<\/strong><\/p>\n<p>1\u00ba Lugar: $150.000, Categor\u00eda Cover, Banda Yolanda, Colegio Nuestra Se\u00f1ora de Andacollo de Santiago.<\/p>\n<p>2\u00ba Lugar: \u201c100.000, Categor\u00eda Cover: Banda Tributo a Chile del Colegio Polit\u00e9cnico Aquelarre de Teno. (El Maule)<\/p>\n<p>3\u00ba Lugar: $70.000, Categor\u00eda Cover: Banda\u00a0Los\u00a0Perlas del Colegio Concepci\u00f3n de Chiguayante.<\/p>\n<p>Mayor Proyecci\u00f3n: Banda\u00a0Sonora\u00a0Eliana del Colegio Alonso de Ercilla de San Felipe.<\/p>\n","protected":false},"excerpt":{"rendered":"<p>&nbsp; Roberto Gonz\u00e1lez Short &#8211; rgonzalez@eltrabajo.cl Cuando en abril de este a\u00f1o, los profesores de m\u00fasica del Colegio Alonso de Ercilla de San Felipe, Alex Hidalgo y Miguel Cataldo, idearon articular una&#8230;<\/p>\n","protected":false},"author":482,"featured_media":6347,"comment_status":"open","ping_status":"open","sticky":false,"template":"","format":"standard","meta":{"advanced_seo_description":"","jetpack_seo_html_title":"","jetpack_seo_noindex":false,"_jetpack_memberships_contains_paid_content":false,"footnotes":""},"categories":[15],"tags":[],"class_list":["post-6346","post","type-post","status-publish","format-standard","has-post-thumbnail","hentry","category-comunidad"],"jetpack_featured_media_url":"https:\/\/i0.wp.com\/eltrabajo.cl\/portal\/wp-content\/uploads\/2011\/11\/Banda1.jpg?fit=600%2C387&ssl=1","jetpack_sharing_enabled":true,"jetpack_likes_enabled":true,"jetpack-related-posts":[],"_links":{"self":[{"href":"https:\/\/eltrabajo.cl\/portal\/wp-json\/wp\/v2\/posts\/6346","targetHints":{"allow":["GET"]}}],"collection":[{"href":"https:\/\/eltrabajo.cl\/portal\/wp-json\/wp\/v2\/posts"}],"about":[{"href":"https:\/\/eltrabajo.cl\/portal\/wp-json\/wp\/v2\/types\/post"}],"author":[{"embeddable":true,"href":"https:\/\/eltrabajo.cl\/portal\/wp-json\/wp\/v2\/users\/482"}],"replies":[{"embeddable":true,"href":"https:\/\/eltrabajo.cl\/portal\/wp-json\/wp\/v2\/comments?post=6346"}],"version-history":[{"count":0,"href":"https:\/\/eltrabajo.cl\/portal\/wp-json\/wp\/v2\/posts\/6346\/revisions"}],"wp:featuredmedia":[{"embeddable":true,"href":"https:\/\/eltrabajo.cl\/portal\/wp-json\/wp\/v2\/media\/6347"}],"wp:attachment":[{"href":"https:\/\/eltrabajo.cl\/portal\/wp-json\/wp\/v2\/media?parent=6346"}],"wp:term":[{"taxonomy":"category","embeddable":true,"href":"https:\/\/eltrabajo.cl\/portal\/wp-json\/wp\/v2\/categories?post=6346"},{"taxonomy":"post_tag","embeddable":true,"href":"https:\/\/eltrabajo.cl\/portal\/wp-json\/wp\/v2\/tags?post=6346"}],"curies":[{"name":"wp","href":"https:\/\/api.w.org\/{rel}","templated":true}]}}