{"id":63467,"date":"2015-11-03T09:12:47","date_gmt":"2015-11-03T12:12:47","guid":{"rendered":"http:\/\/www.eltrabajo.cl\/portal\/?p=63467"},"modified":"2015-11-03T09:12:47","modified_gmt":"2015-11-03T12:12:47","slug":"poblacion-norberto-vargas-celebra-50-anos-de-existencia","status":"publish","type":"post","link":"https:\/\/eltrabajo.cl\/portal\/poblacion-norberto-vargas-celebra-50-anos-de-existencia\/","title":{"rendered":"Poblaci\u00f3n Norberto Vargas celebra 50 a\u00f1os de existencia"},"content":{"rendered":"<figure id=\"attachment_63468\" aria-describedby=\"caption-attachment-63468\" style=\"width: 300px\" class=\"wp-caption alignleft\"><a href=\"https:\/\/i0.wp.com\/www.eltrabajo.cl\/portal\/wp-content\/uploads\/2015\/11\/Aniversario-pobl.-Norberto-Vargas-2.jpg\"><img data-recalc-dims=\"1\" loading=\"lazy\" decoding=\"async\" class=\"wp-image-63468 size-medium\" src=\"https:\/\/i0.wp.com\/www.eltrabajo.cl\/portal\/wp-content\/uploads\/2015\/11\/Aniversario-pobl.-Norberto-Vargas-2-300x198.jpg?resize=300%2C198\" alt=\"En una c\u00e1lida y alegre ceremonia, los vecinos de la Poblaci\u00f3n Norberto Vargas celebraron 50 a\u00f1os de existencia.\" width=\"300\" height=\"198\" srcset=\"https:\/\/i0.wp.com\/eltrabajo.cl\/portal\/wp-content\/uploads\/2015\/11\/Aniversario-pobl.-Norberto-Vargas-2.jpg?resize=300%2C198&amp;ssl=1 300w, https:\/\/i0.wp.com\/eltrabajo.cl\/portal\/wp-content\/uploads\/2015\/11\/Aniversario-pobl.-Norberto-Vargas-2.jpg?resize=200%2C132&amp;ssl=1 200w, https:\/\/i0.wp.com\/eltrabajo.cl\/portal\/wp-content\/uploads\/2015\/11\/Aniversario-pobl.-Norberto-Vargas-2.jpg?resize=227%2C150&amp;ssl=1 227w, https:\/\/i0.wp.com\/eltrabajo.cl\/portal\/wp-content\/uploads\/2015\/11\/Aniversario-pobl.-Norberto-Vargas-2.jpg?resize=400%2C264&amp;ssl=1 400w, https:\/\/i0.wp.com\/eltrabajo.cl\/portal\/wp-content\/uploads\/2015\/11\/Aniversario-pobl.-Norberto-Vargas-2.jpg?w=530&amp;ssl=1 530w\" sizes=\"auto, (max-width: 300px) 100vw, 300px\" \/><\/a><figcaption id=\"caption-attachment-63468\" class=\"wp-caption-text\">En una c\u00e1lida y alegre ceremonia, los vecinos de la Poblaci\u00f3n Norberto Vargas celebraron 50 a\u00f1os de existencia.<\/figcaption><\/figure>\n<p><strong>SANTA MAR\u00cdA.<\/strong>&#8211; La junta de vecinos Norberto Vargas, celebr\u00f3 sus 50 a\u00f1os de existencia en una hermosa y c\u00e1lida ceremonia llevada a cabo en su sede en calle San Jos\u00e9 de la comuna de Santa Mar\u00eda.<br \/>\nSe trata de vecinos que han ido poblando el cerro las Herreras, en su derivaci\u00f3n al norte por calle San Jos\u00e9; casas empinadas en los cerros y construidas sobre dura roca. El poblamiento comenz\u00f3 el 27 de octubre de 1965, despu\u00e9s del terremoto de marzo de ese mismo a\u00f1o. Diez familias damnificadas, apoyadas y organizadas por Norberto Vargas, decidieron poblar el cerro y armar all\u00ed las mediaguas. No exist\u00eda luz, ni agua por lo tanto los vecinos sufr\u00edan para su abastecimiento y se formaban caravanas de ni\u00f1os que iban tras el agua del canal al otro lado del cerro. Gladys Leiva Sa\u00e1 es una de las fundadoras sobrevivientes y su descripci\u00f3n de su llegada es elocuente ya que con un fuerte suspiro dijo: \u201cEs que no s\u00e9 c\u00f3mo decirle, era algo tan terrible cuando nosotros llegamos aqu\u00ed. Yo llegu\u00e9 con ocho ni\u00f1os, imag\u00ednese como era, la mayor con 12 a\u00f1os. Era terrible, eran piedras, puras piedras, y sin agua\u201d.<br \/>\nLos vecinos tuvieron por a\u00f1os que luchar contra la roca, sus pozos s\u00e9pticos no filtraban y hab\u00eda que limpiar el \u00e1rea de piedras donde ahora est\u00e1 la sede para que los ni\u00f1os jugaran sin lastimarse. Sin embargo, la tranquilidad del lugar, la hermosa vista privilegiada, llevaron a que de diez familias hoy en d\u00eda vivan m\u00e1s de 100 familias, con luz, agua potable, alcantarillado y las mismas y hermosas vistas de esta gente de cerro.<br \/>\nEl alcalde Claudio Zurita Ibarra, dijo sentirse orgulloso de esta gente, que son verdaderos colonos en Santa Mar\u00eda. \u201cMuy agradecido de esta junta de vecinos y contento de festejar junto a ellos este logro, el poblar un \u00e1rea agreste, rural y ahora haberla transformado en una de las villas t\u00edpicas de Santa Mar\u00eda con su arquitectura de cerro y su gente muy unida, me llena de orgullo\u201d, afirm\u00f3 el edil.<br \/>\n<strong>Roberto Mercado Aced<\/strong><\/p>\n","protected":false},"excerpt":{"rendered":"<p>SANTA MAR\u00cdA.&#8211; La junta de vecinos Norberto Vargas, celebr\u00f3 sus 50 a\u00f1os de existencia en una hermosa y c\u00e1lida ceremonia llevada a cabo en su sede en calle San Jos\u00e9 de la&#8230;<\/p>\n","protected":false},"author":482,"featured_media":63468,"comment_status":"open","ping_status":"open","sticky":false,"template":"","format":"standard","meta":{"advanced_seo_description":"","jetpack_seo_html_title":"","jetpack_seo_noindex":false,"_jetpack_memberships_contains_paid_content":false,"footnotes":""},"categories":[15],"tags":[],"class_list":["post-63467","post","type-post","status-publish","format-standard","has-post-thumbnail","hentry","category-comunidad"],"jetpack_featured_media_url":"https:\/\/i0.wp.com\/eltrabajo.cl\/portal\/wp-content\/uploads\/2015\/11\/Aniversario-pobl.-Norberto-Vargas-2.jpg?fit=530%2C350&ssl=1","jetpack_sharing_enabled":true,"jetpack_likes_enabled":true,"jetpack-related-posts":[],"_links":{"self":[{"href":"https:\/\/eltrabajo.cl\/portal\/wp-json\/wp\/v2\/posts\/63467","targetHints":{"allow":["GET"]}}],"collection":[{"href":"https:\/\/eltrabajo.cl\/portal\/wp-json\/wp\/v2\/posts"}],"about":[{"href":"https:\/\/eltrabajo.cl\/portal\/wp-json\/wp\/v2\/types\/post"}],"author":[{"embeddable":true,"href":"https:\/\/eltrabajo.cl\/portal\/wp-json\/wp\/v2\/users\/482"}],"replies":[{"embeddable":true,"href":"https:\/\/eltrabajo.cl\/portal\/wp-json\/wp\/v2\/comments?post=63467"}],"version-history":[{"count":0,"href":"https:\/\/eltrabajo.cl\/portal\/wp-json\/wp\/v2\/posts\/63467\/revisions"}],"wp:featuredmedia":[{"embeddable":true,"href":"https:\/\/eltrabajo.cl\/portal\/wp-json\/wp\/v2\/media\/63468"}],"wp:attachment":[{"href":"https:\/\/eltrabajo.cl\/portal\/wp-json\/wp\/v2\/media?parent=63467"}],"wp:term":[{"taxonomy":"category","embeddable":true,"href":"https:\/\/eltrabajo.cl\/portal\/wp-json\/wp\/v2\/categories?post=63467"},{"taxonomy":"post_tag","embeddable":true,"href":"https:\/\/eltrabajo.cl\/portal\/wp-json\/wp\/v2\/tags?post=63467"}],"curies":[{"name":"wp","href":"https:\/\/api.w.org\/{rel}","templated":true}]}}