{"id":63470,"date":"2015-11-03T09:15:49","date_gmt":"2015-11-03T12:15:49","guid":{"rendered":"http:\/\/www.eltrabajo.cl\/portal\/?p=63470"},"modified":"2015-11-03T09:15:49","modified_gmt":"2015-11-03T12:15:49","slug":"vecinos-lograron-sacar-vehiculo-que-cayo-a-canal-de-regadio-en-calle-diego-portales","status":"publish","type":"post","link":"https:\/\/eltrabajo.cl\/portal\/vecinos-lograron-sacar-vehiculo-que-cayo-a-canal-de-regadio-en-calle-diego-portales\/","title":{"rendered":"Vecinos lograron sacar veh\u00edculo que cay\u00f3 a canal de regad\u00edo en calle Diego Portales"},"content":{"rendered":"<figure id=\"attachment_63471\" aria-describedby=\"caption-attachment-63471\" style=\"width: 300px\" class=\"wp-caption alignleft\"><a href=\"https:\/\/i0.wp.com\/www.eltrabajo.cl\/portal\/wp-content\/uploads\/2015\/11\/Auto-canal.jpg\"><img data-recalc-dims=\"1\" loading=\"lazy\" decoding=\"async\" class=\"wp-image-63471 size-medium\" src=\"https:\/\/i0.wp.com\/www.eltrabajo.cl\/portal\/wp-content\/uploads\/2015\/11\/Auto-canal-300x197.jpg?resize=300%2C197\" alt=\"Vecinos del sector ayudaron a ambos ocupantes a salir del veh\u00edculo, resultando solo con lesiones menores despu\u00e9s del accidente.\" width=\"300\" height=\"197\" srcset=\"https:\/\/i0.wp.com\/eltrabajo.cl\/portal\/wp-content\/uploads\/2015\/11\/Auto-canal.jpg?resize=300%2C197&amp;ssl=1 300w, https:\/\/i0.wp.com\/eltrabajo.cl\/portal\/wp-content\/uploads\/2015\/11\/Auto-canal.jpg?resize=200%2C131&amp;ssl=1 200w, https:\/\/i0.wp.com\/eltrabajo.cl\/portal\/wp-content\/uploads\/2015\/11\/Auto-canal.jpg?resize=228%2C150&amp;ssl=1 228w, https:\/\/i0.wp.com\/eltrabajo.cl\/portal\/wp-content\/uploads\/2015\/11\/Auto-canal.jpg?resize=400%2C263&amp;ssl=1 400w, https:\/\/i0.wp.com\/eltrabajo.cl\/portal\/wp-content\/uploads\/2015\/11\/Auto-canal.jpg?w=530&amp;ssl=1 530w\" sizes=\"auto, (max-width: 300px) 100vw, 300px\" \/><\/a><figcaption id=\"caption-attachment-63471\" class=\"wp-caption-text\">Vecinos del sector ayudaron a ambos ocupantes a salir del veh\u00edculo, resultando solo con lesiones menores despu\u00e9s del accidente.<\/figcaption><\/figure>\n<p><strong>PUTAENDO<\/strong>.- Literalmente dentro de un canal de regad\u00edo termin\u00f3 un veh\u00edculo la tarde de este domingo en Calle Diego Portales al llegar a Av. Alejandrina Carvajal.<br \/>\nCerca de las 19:45 horas, el autom\u00f3vil que era guiado por un hombre cuya identidad se desconoce, transitaba por la avenida Alejandrina Carvajal de norte a sur, y al legar a calle Portales vir\u00f3 a la izquierda. En el veh\u00edculo tambi\u00e9n viajaba una mujer en el asiento del acompa\u00f1ante.<br \/>\nAparentemente el conductor efectu\u00f3 un viraje muy amplio, provocando la ca\u00edda del m\u00f3vil a un costado del canal matriz que pasa por ese lugar, y que tra\u00eda un caudal considerable.<br \/>\nLos residentes del sector ayudaron a ambos ocupantes a salir desde el veh\u00edculo, y aparentemente s\u00f3lo resultaron lesionados, mientras que el autom\u00f3vil no registr\u00f3 da\u00f1os importantes. Posteriormente y con la ayuda de una camioneta, los afectados y vecinos consiguieron sacar el autom\u00f3vil desde el canal.<br \/>\n<strong>Patricio Gallardo M.<\/strong><\/p>\n","protected":false},"excerpt":{"rendered":"<p>PUTAENDO.- Literalmente dentro de un canal de regad\u00edo termin\u00f3 un veh\u00edculo la tarde de este domingo en Calle Diego Portales al llegar a Av. Alejandrina Carvajal. Cerca de las 19:45 horas, el&#8230;<\/p>\n","protected":false},"author":482,"featured_media":63471,"comment_status":"open","ping_status":"open","sticky":false,"template":"","format":"standard","meta":{"advanced_seo_description":"","jetpack_seo_html_title":"","jetpack_seo_noindex":false,"_jetpack_memberships_contains_paid_content":false,"footnotes":""},"categories":[15],"tags":[],"class_list":["post-63470","post","type-post","status-publish","format-standard","has-post-thumbnail","hentry","category-comunidad"],"jetpack_featured_media_url":"https:\/\/i0.wp.com\/eltrabajo.cl\/portal\/wp-content\/uploads\/2015\/11\/Auto-canal.jpg?fit=530%2C348&ssl=1","jetpack_sharing_enabled":true,"jetpack_likes_enabled":true,"jetpack-related-posts":[],"_links":{"self":[{"href":"https:\/\/eltrabajo.cl\/portal\/wp-json\/wp\/v2\/posts\/63470","targetHints":{"allow":["GET"]}}],"collection":[{"href":"https:\/\/eltrabajo.cl\/portal\/wp-json\/wp\/v2\/posts"}],"about":[{"href":"https:\/\/eltrabajo.cl\/portal\/wp-json\/wp\/v2\/types\/post"}],"author":[{"embeddable":true,"href":"https:\/\/eltrabajo.cl\/portal\/wp-json\/wp\/v2\/users\/482"}],"replies":[{"embeddable":true,"href":"https:\/\/eltrabajo.cl\/portal\/wp-json\/wp\/v2\/comments?post=63470"}],"version-history":[{"count":0,"href":"https:\/\/eltrabajo.cl\/portal\/wp-json\/wp\/v2\/posts\/63470\/revisions"}],"wp:featuredmedia":[{"embeddable":true,"href":"https:\/\/eltrabajo.cl\/portal\/wp-json\/wp\/v2\/media\/63471"}],"wp:attachment":[{"href":"https:\/\/eltrabajo.cl\/portal\/wp-json\/wp\/v2\/media?parent=63470"}],"wp:term":[{"taxonomy":"category","embeddable":true,"href":"https:\/\/eltrabajo.cl\/portal\/wp-json\/wp\/v2\/categories?post=63470"},{"taxonomy":"post_tag","embeddable":true,"href":"https:\/\/eltrabajo.cl\/portal\/wp-json\/wp\/v2\/tags?post=63470"}],"curies":[{"name":"wp","href":"https:\/\/api.w.org\/{rel}","templated":true}]}}