{"id":63473,"date":"2015-11-03T09:17:19","date_gmt":"2015-11-03T12:17:19","guid":{"rendered":"http:\/\/www.eltrabajo.cl\/portal\/?p=63473"},"modified":"2015-11-03T09:17:19","modified_gmt":"2015-11-03T12:17:19","slug":"solicitan-a-la-gobernacion-impedir-instalacion-de-antena-de-celulares-en-el-cerro-mercacha","status":"publish","type":"post","link":"https:\/\/eltrabajo.cl\/portal\/solicitan-a-la-gobernacion-impedir-instalacion-de-antena-de-celulares-en-el-cerro-mercacha\/","title":{"rendered":"Solicitan a la gobernaci\u00f3n impedir instalaci\u00f3n de antena de celulares en el cerro Mercacha"},"content":{"rendered":"<figure id=\"attachment_63474\" aria-describedby=\"caption-attachment-63474\" style=\"width: 300px\" class=\"wp-caption alignleft\"><a href=\"https:\/\/i0.wp.com\/www.eltrabajo.cl\/portal\/wp-content\/uploads\/2015\/11\/Antena-cerro-La-mercacha.jpg\"><img data-recalc-dims=\"1\" loading=\"lazy\" decoding=\"async\" class=\"wp-image-63474 size-medium\" src=\"https:\/\/i0.wp.com\/www.eltrabajo.cl\/portal\/wp-content\/uploads\/2015\/11\/Antena-cerro-La-mercacha-300x198.jpg?resize=300%2C198\" alt=\"Representantes de la agrupaci\u00f3n de Baile Chino \u2018Adoraci\u00f3n Cerro Mercacha\u2019, hicieron entrega formal una carta solicitando que se impida la instalaci\u00f3n de una antena de telefon\u00eda m\u00f3vil en ese lugar.\" width=\"300\" height=\"198\" srcset=\"https:\/\/i0.wp.com\/eltrabajo.cl\/portal\/wp-content\/uploads\/2015\/11\/Antena-cerro-La-mercacha.jpg?resize=300%2C198&amp;ssl=1 300w, https:\/\/i0.wp.com\/eltrabajo.cl\/portal\/wp-content\/uploads\/2015\/11\/Antena-cerro-La-mercacha.jpg?resize=200%2C132&amp;ssl=1 200w, https:\/\/i0.wp.com\/eltrabajo.cl\/portal\/wp-content\/uploads\/2015\/11\/Antena-cerro-La-mercacha.jpg?resize=228%2C150&amp;ssl=1 228w, https:\/\/i0.wp.com\/eltrabajo.cl\/portal\/wp-content\/uploads\/2015\/11\/Antena-cerro-La-mercacha.jpg?resize=400%2C263&amp;ssl=1 400w, https:\/\/i0.wp.com\/eltrabajo.cl\/portal\/wp-content\/uploads\/2015\/11\/Antena-cerro-La-mercacha.jpg?w=530&amp;ssl=1 530w\" sizes=\"auto, (max-width: 300px) 100vw, 300px\" \/><\/a><figcaption id=\"caption-attachment-63474\" class=\"wp-caption-text\">Representantes de la agrupaci\u00f3n de Baile Chino \u2018Adoraci\u00f3n Cerro Mercacha\u2019, hicieron entrega formal una carta solicitando que se impida la instalaci\u00f3n de una antena de telefon\u00eda m\u00f3vil en ese lugar.<\/figcaption><\/figure>\n<ul>\n<li><strong>Grupos de bailes chinos insisten en que se estar\u00eda destruyendo uno de los sitios arqueol\u00f3gicos m\u00e1s importantes de Aconcagua.<\/strong><\/li>\n<\/ul>\n<p><strong>LOS ANDES<\/strong>.- Agrupaciones de bailes chinos de Los Andes hicieron entrega a la gobernadora Mar\u00eda Victoria Rodr\u00edguez de una carta solicitando que se impida la instalaci\u00f3n de una antena de telefon\u00eda m\u00f3vil en el cerro Mercacha (La Mesa), la cual ya fue autorizada por la Subsecretar\u00eda de Telecomunicaciones.<br \/>\nEl alf\u00e9rez de la agrupaci\u00f3n de Baile Chino \u2018Adoraci\u00f3n Cerro Mercacha\u2019, Mario Mart\u00ednez, expres\u00f3 que de concretarse este iniciativa se estar\u00eda destruyendo uno de los sitios arqueol\u00f3gicos m\u00e1s importantes del Valle de Aconcagua y que desde hace siete a\u00f1o est\u00e1 siendo usado para revivir ceremonias ancestrales de los pueblos nativos de la zona.<br \/>\nAgreg\u00f3 que no solamente ser perder\u00eda un patrimonio arquitect\u00f3nico, y arqueol\u00f3gico, sino tambi\u00e9n astron\u00f3mico.<br \/>\n\u201cNosotros vamos a seguir realizando otras acciones, difundiendo esta situaci\u00f3n, recolecci\u00f3n de firmas, entre otras\u201d, afirm\u00f3 Mart\u00ednez.<br \/>\nEl alf\u00e9rez dijo que como agrupaci\u00f3n efectuaron un reclamo formal a la Subtel en el entendido que se est\u00e1 cayendo en una ilegalidad porque el cerro Mercacha est\u00e1 protegido por la ley de monumentos nacionales, \u201ce incluso porque los bailes chinos son patrimonio de la humanidad desde el a\u00f1o 2014 y el estado debe resguardar los lugares donde se llevan adelante estos bailes y nosotros estamos hace siete a\u00f1os haci\u00e9ndolos en el cerro, por lo tanto esa ley tambi\u00e9n nos ampara\u201d.<br \/>\nRemarc\u00f3 que cuando se instala una antena se destruye tambi\u00e9n todo el entorno y no solamente el lugar mismo del emplazamiento, ya que el cerro tiene petroglifos y tumbas en diferentes lugares.<br \/>\nNo obstante se mostr\u00f3 confiado en poder evitar esta situaci\u00f3n y que los andinos tomen conciencia de esta situaci\u00f3n.<br \/>\nEn tanto, la gobernadora Mar\u00eda Victoria Rodr\u00edguez, reconoci\u00f3 que el cerro tiene un valor patrimonial incalculable para la cultura e historia local, \u201cpor lo que hemos recibido esta solicitud y la carta donde ellos nos piden interceder y es lo que vamos a hacer a trav\u00e9s de la Subtel porque tambi\u00e9n queremos nosotros canalizar esta inquietud y buscar una soluci\u00f3n\u201d.<br \/>\nPrecis\u00f3 que se pueden recopilar antecedentes valederos para evitar su instalaci\u00f3n, \u201cy en la necesidad de poder dialogar con esta empresa para entreg\u00e1rselos y revertir esto que nos afecta\u201d.<\/p>\n","protected":false},"excerpt":{"rendered":"<p>Grupos de bailes chinos insisten en que se estar\u00eda destruyendo uno de los sitios arqueol\u00f3gicos m\u00e1s importantes de Aconcagua. LOS ANDES.- Agrupaciones de bailes chinos de Los Andes hicieron entrega a la&#8230;<\/p>\n","protected":false},"author":482,"featured_media":63474,"comment_status":"open","ping_status":"open","sticky":false,"template":"","format":"standard","meta":{"advanced_seo_description":"","jetpack_seo_html_title":"","jetpack_seo_noindex":false,"_jetpack_memberships_contains_paid_content":false,"footnotes":""},"categories":[15],"tags":[],"class_list":["post-63473","post","type-post","status-publish","format-standard","has-post-thumbnail","hentry","category-comunidad"],"jetpack_featured_media_url":"https:\/\/i0.wp.com\/eltrabajo.cl\/portal\/wp-content\/uploads\/2015\/11\/Antena-cerro-La-mercacha.jpg?fit=530%2C349&ssl=1","jetpack_sharing_enabled":true,"jetpack_likes_enabled":true,"jetpack-related-posts":[],"_links":{"self":[{"href":"https:\/\/eltrabajo.cl\/portal\/wp-json\/wp\/v2\/posts\/63473","targetHints":{"allow":["GET"]}}],"collection":[{"href":"https:\/\/eltrabajo.cl\/portal\/wp-json\/wp\/v2\/posts"}],"about":[{"href":"https:\/\/eltrabajo.cl\/portal\/wp-json\/wp\/v2\/types\/post"}],"author":[{"embeddable":true,"href":"https:\/\/eltrabajo.cl\/portal\/wp-json\/wp\/v2\/users\/482"}],"replies":[{"embeddable":true,"href":"https:\/\/eltrabajo.cl\/portal\/wp-json\/wp\/v2\/comments?post=63473"}],"version-history":[{"count":0,"href":"https:\/\/eltrabajo.cl\/portal\/wp-json\/wp\/v2\/posts\/63473\/revisions"}],"wp:featuredmedia":[{"embeddable":true,"href":"https:\/\/eltrabajo.cl\/portal\/wp-json\/wp\/v2\/media\/63474"}],"wp:attachment":[{"href":"https:\/\/eltrabajo.cl\/portal\/wp-json\/wp\/v2\/media?parent=63473"}],"wp:term":[{"taxonomy":"category","embeddable":true,"href":"https:\/\/eltrabajo.cl\/portal\/wp-json\/wp\/v2\/categories?post=63473"},{"taxonomy":"post_tag","embeddable":true,"href":"https:\/\/eltrabajo.cl\/portal\/wp-json\/wp\/v2\/tags?post=63473"}],"curies":[{"name":"wp","href":"https:\/\/api.w.org\/{rel}","templated":true}]}}