{"id":63476,"date":"2015-11-03T09:18:26","date_gmt":"2015-11-03T12:18:26","guid":{"rendered":"http:\/\/www.eltrabajo.cl\/portal\/?p=63476"},"modified":"2015-11-03T09:18:26","modified_gmt":"2015-11-03T12:18:26","slug":"inician-nueva-etapa-de-consultas-participativas-de-pladeco","status":"publish","type":"post","link":"https:\/\/eltrabajo.cl\/portal\/inician-nueva-etapa-de-consultas-participativas-de-pladeco\/","title":{"rendered":"Inician nueva etapa de consultas participativas de Pladeco"},"content":{"rendered":"<figure id=\"attachment_63477\" aria-describedby=\"caption-attachment-63477\" style=\"width: 300px\" class=\"wp-caption alignleft\"><a href=\"https:\/\/i0.wp.com\/www.eltrabajo.cl\/portal\/wp-content\/uploads\/2015\/11\/taller-pladeco.jpg\"><img data-recalc-dims=\"1\" loading=\"lazy\" decoding=\"async\" class=\"wp-image-63477 size-medium\" src=\"https:\/\/i0.wp.com\/www.eltrabajo.cl\/portal\/wp-content\/uploads\/2015\/11\/taller-pladeco-300x198.jpg?resize=300%2C198\" alt=\"Se dio inicio a nuevas consultas ciudadanas en el marco de la elaboraci\u00f3n del Pladeco de San Felipe\" width=\"300\" height=\"198\" srcset=\"https:\/\/i0.wp.com\/eltrabajo.cl\/portal\/wp-content\/uploads\/2015\/11\/taller-pladeco.jpg?resize=300%2C198&amp;ssl=1 300w, https:\/\/i0.wp.com\/eltrabajo.cl\/portal\/wp-content\/uploads\/2015\/11\/taller-pladeco.jpg?resize=200%2C132&amp;ssl=1 200w, https:\/\/i0.wp.com\/eltrabajo.cl\/portal\/wp-content\/uploads\/2015\/11\/taller-pladeco.jpg?resize=227%2C150&amp;ssl=1 227w, https:\/\/i0.wp.com\/eltrabajo.cl\/portal\/wp-content\/uploads\/2015\/11\/taller-pladeco.jpg?resize=400%2C264&amp;ssl=1 400w, https:\/\/i0.wp.com\/eltrabajo.cl\/portal\/wp-content\/uploads\/2015\/11\/taller-pladeco.jpg?w=530&amp;ssl=1 530w\" sizes=\"auto, (max-width: 300px) 100vw, 300px\" \/><\/a><figcaption id=\"caption-attachment-63477\" class=\"wp-caption-text\">Se dio inicio a nuevas consultas ciudadanas en el marco de la elaboraci\u00f3n del Pladeco de San Felipe<\/figcaption><\/figure>\n<p>Un nuevo ciclo de consultas ciudadanas comenz\u00f3 efectuarse la semana reci\u00e9n pasada en el marco de la elaboraci\u00f3n del Plan de Desarrollo Comunal de San Felipe, con visitas a los territorios para levantar informaci\u00f3n con respecto a pr\u00f3ximas iniciativas de inversi\u00f3n.<br \/>\nEn el marco de las consultas ciudadanas, un equipo de profesionales realizar\u00e1 una serie de visitas de acuerdo a una calendarizaci\u00f3n ya establecida y que contin\u00faan este martes 3 de noviembre en El Tambo y en 21 de Mayo, el mi\u00e9rcoles 4 en Curim\u00f3n, el jueves 5 en El Asiento y San Rafael, el viernes 6 en San Felipe centro, el lunes 9 y martes 10 en San Felipe, el mi\u00e9rcoles 11 en Casas de Quilpu\u00e9 y en San Felipe y el jueves 12 en Tierras Blancas.<br \/>\nSeg\u00fan explic\u00f3 el Secretario de Planificaci\u00f3n, Claudio Paredes, el objetivo del alcalde Patricio Freire es recopilar, junto con la comunidad la informaci\u00f3n necesaria, \u201cpara construir todos juntos el San Felipe que queremos\u201d, sostuvo.<br \/>\nEn ese sentido se est\u00e1 elaborando una planilla de nuevos proyectos para postularlos a diferentes fuentes de financiamiento, con miras a avanzar hacia una mejor calidad de vida de los habitantes de la comuna.<br \/>\nEsta nueva etapa incluye, adem\u00e1s, un nuevo repaso de las consultas al interior de cada unidad de gesti\u00f3n municipal, as\u00ed como a grupos profesionales que han manifestado su inter\u00e9s por estar presentes en la discusi\u00f3n para el San Felipe del futuro.<\/p>\n","protected":false},"excerpt":{"rendered":"<p>Un nuevo ciclo de consultas ciudadanas comenz\u00f3 efectuarse la semana reci\u00e9n pasada en el marco de la elaboraci\u00f3n del Plan de Desarrollo Comunal de San Felipe, con visitas a los territorios para&#8230;<\/p>\n","protected":false},"author":482,"featured_media":63477,"comment_status":"open","ping_status":"open","sticky":false,"template":"","format":"standard","meta":{"advanced_seo_description":"","jetpack_seo_html_title":"","jetpack_seo_noindex":false,"_jetpack_memberships_contains_paid_content":false,"footnotes":""},"categories":[1],"tags":[],"class_list":["post-63476","post","type-post","status-publish","format-standard","has-post-thumbnail","hentry","category-cronica"],"jetpack_featured_media_url":"https:\/\/i0.wp.com\/eltrabajo.cl\/portal\/wp-content\/uploads\/2015\/11\/taller-pladeco.jpg?fit=530%2C350&ssl=1","jetpack_sharing_enabled":true,"jetpack_likes_enabled":true,"jetpack-related-posts":[],"_links":{"self":[{"href":"https:\/\/eltrabajo.cl\/portal\/wp-json\/wp\/v2\/posts\/63476","targetHints":{"allow":["GET"]}}],"collection":[{"href":"https:\/\/eltrabajo.cl\/portal\/wp-json\/wp\/v2\/posts"}],"about":[{"href":"https:\/\/eltrabajo.cl\/portal\/wp-json\/wp\/v2\/types\/post"}],"author":[{"embeddable":true,"href":"https:\/\/eltrabajo.cl\/portal\/wp-json\/wp\/v2\/users\/482"}],"replies":[{"embeddable":true,"href":"https:\/\/eltrabajo.cl\/portal\/wp-json\/wp\/v2\/comments?post=63476"}],"version-history":[{"count":0,"href":"https:\/\/eltrabajo.cl\/portal\/wp-json\/wp\/v2\/posts\/63476\/revisions"}],"wp:featuredmedia":[{"embeddable":true,"href":"https:\/\/eltrabajo.cl\/portal\/wp-json\/wp\/v2\/media\/63477"}],"wp:attachment":[{"href":"https:\/\/eltrabajo.cl\/portal\/wp-json\/wp\/v2\/media?parent=63476"}],"wp:term":[{"taxonomy":"category","embeddable":true,"href":"https:\/\/eltrabajo.cl\/portal\/wp-json\/wp\/v2\/categories?post=63476"},{"taxonomy":"post_tag","embeddable":true,"href":"https:\/\/eltrabajo.cl\/portal\/wp-json\/wp\/v2\/tags?post=63476"}],"curies":[{"name":"wp","href":"https:\/\/api.w.org\/{rel}","templated":true}]}}