{"id":63479,"date":"2015-11-03T09:19:56","date_gmt":"2015-11-03T12:19:56","guid":{"rendered":"http:\/\/www.eltrabajo.cl\/portal\/?p=63479"},"modified":"2015-11-03T09:19:56","modified_gmt":"2015-11-03T12:19:56","slug":"sindicados-de-andina-se-manifiestan-en-rechazo-a-despidos-masivos","status":"publish","type":"post","link":"https:\/\/eltrabajo.cl\/portal\/sindicados-de-andina-se-manifiestan-en-rechazo-a-despidos-masivos\/","title":{"rendered":"Sindicados de Andina se manifiestan en rechazo a despidos masivos"},"content":{"rendered":"<figure id=\"attachment_63480\" aria-describedby=\"caption-attachment-63480\" style=\"width: 300px\" class=\"wp-caption alignleft\"><a href=\"https:\/\/i0.wp.com\/www.eltrabajo.cl\/portal\/wp-content\/uploads\/2015\/11\/bloqueo-eila1.jpg\"><img data-recalc-dims=\"1\" loading=\"lazy\" decoding=\"async\" class=\"wp-image-63480 size-medium\" src=\"https:\/\/i0.wp.com\/www.eltrabajo.cl\/portal\/wp-content\/uploads\/2015\/11\/bloqueo-eila1-300x198.jpg?resize=300%2C198\" alt=\"Dirigentes de los sindicatos Sisan y SUT bloquearon la entrada al edificio institucional de Codelco en rechazo a la decisi\u00f3n de Codelco de desvincular supervisores en todas sus divisiones para reducir costos.\" width=\"300\" height=\"198\" srcset=\"https:\/\/i0.wp.com\/eltrabajo.cl\/portal\/wp-content\/uploads\/2015\/11\/bloqueo-eila1.jpg?resize=300%2C198&amp;ssl=1 300w, https:\/\/i0.wp.com\/eltrabajo.cl\/portal\/wp-content\/uploads\/2015\/11\/bloqueo-eila1.jpg?resize=200%2C132&amp;ssl=1 200w, https:\/\/i0.wp.com\/eltrabajo.cl\/portal\/wp-content\/uploads\/2015\/11\/bloqueo-eila1.jpg?resize=228%2C150&amp;ssl=1 228w, https:\/\/i0.wp.com\/eltrabajo.cl\/portal\/wp-content\/uploads\/2015\/11\/bloqueo-eila1.jpg?resize=400%2C263&amp;ssl=1 400w, https:\/\/i0.wp.com\/eltrabajo.cl\/portal\/wp-content\/uploads\/2015\/11\/bloqueo-eila1.jpg?w=530&amp;ssl=1 530w\" sizes=\"auto, (max-width: 300px) 100vw, 300px\" \/><\/a><figcaption id=\"caption-attachment-63480\" class=\"wp-caption-text\">Dirigentes de los sindicatos Sisan y SUT bloquearon la entrada al edificio institucional de Codelco en rechazo a la decisi\u00f3n de Codelco de desvincular supervisores en todas sus divisiones para reducir costos.<\/figcaption><\/figure>\n<ul>\n<li><strong>Presidente del Sisan acus\u00f3 a Codelco de dar falsas y malas se\u00f1ales de autoridad al desvincular de manera arbitraria a estos profesionales.<\/strong><\/li>\n<\/ul>\n<p><strong>LOS ANDES<\/strong>.- Con un bloqueo de media hora del acceso al edificio institucional de Andina, dirigentes de los sindicatos de Supervisores (Sisan) y Unificado de Trabajadores (SUT) de la empresa rechazaron de manera tajante la decisi\u00f3n de Codelco de desvincular supervisores en todas sus divisiones para reducir costos.<br \/>\nDel total de profesionales despedidos, 32 pertenec\u00eda a la planta de la Divisi\u00f3n Andina y es por ello que en un hito sindical, los dirigentes del Sisan y Sut decidieron unirse para protestar en contra de esta determinaci\u00f3n de Codelco.<br \/>\nAl respecto, Pablo Fern\u00e1ndez, Presidente del Sisan, agradeci\u00f3 la solidaridad manifestada por los trabajadores a trav\u00e9s de la dirigencia del SUT y enfatiz\u00f3 que esta decisi\u00f3n de Codelco atenta contra sus derechos, toda vez que solo supervisores fueron despedidos y no as\u00ed ejecutivos, trabajadores de planta y contratistas.<br \/>\nAgreg\u00f3 que esta es una muy mala se\u00f1al de autoridad que est\u00e1 dando la empresa, \u201cpues no tiene ninguna justificaci\u00f3n econ\u00f3mica ni con la baja del precio del cobre\u201d.<br \/>\nIndic\u00f3 que la responsabilidad pol\u00edtica de la empresa y del gobierno no se pueden soslayar, \u201cporque uno no puede pensar que los cargos gerenciales los ocupe cualquier persona y hay determinados puestos, pero la discusi\u00f3n no va por ah\u00ed, sino que lo que aqu\u00ed hay es un acto de matonaje por parte de algunos que pretenden imponer su visi\u00f3n de c\u00f3mo se tiene que administrar la empresa y eso tiene que ver con partidos pol\u00edticos, sino darle a Codelco el car\u00e1cter de una empresa que no es, ya que esta es una empresa p\u00fablica donde el valor de las personas es lo m\u00e1s importante y ser modelo de las empresas aqu\u00ed en Chile\u201d.<br \/>\nArgument\u00f3 que lo que se est\u00e1 instaurando en Codelco es el estilo del consejo minero de la empresa privada, \u201cimponiendo un sistema salvaje al interior de Codelco y lo que est\u00e1 detr\u00e1s es una privatizaci\u00f3n de la empresa\u201d.<br \/>\nPor su parte, el Presidente del SUT, Manuel Ca\u00f1as, dijo que como trabajadores no comparten para nada la forma en que se han llevado adelante estas desvinculaciones de supervisores, \u201cpues creemos que hay que respetar a la gente, hoy se ha atropellado la dignidad y la trayectoria de estos trabajadores que por muchos a\u00f1os le han entregado a esta divisi\u00f3n\u201d.<br \/>\nInsisti\u00f3 en que con esta decisi\u00f3n Codelco atropella su primer valor que es el respeto a la dignidad de las personas, \u201cy por eso cre\u00edmos necesario alzar la voz para decir que no compartimos la forma en que Codelco est\u00e1 realizando los despidos\u201d.<br \/>\nCa\u00f1as alert\u00f3 que esto puede ser el inicio de una etapa dif\u00edcil y compleja con nuevas desvinculaciones de personal de planta, \u201cpor lo que llamamos a los trabajadores mantenerse firmes y tener presencia actuando en consecuencia con los reglamentos porque cualquier error les puede costar su desvinculaci\u00f3n\u201d.<br \/>\nEl presidente del SUT afirm\u00f3 que Codelco lo \u00faltimo que debe hacer es desvincular personal, ya que existen muchas otras alternativas para reducir costos operacionales, \u201cpues los proyectos mal hechos, los dise\u00f1os estructurales en los distintos procesos y la falta de supervisi\u00f3n en lo que se hace son factores donde se puede ahorrar\u201d.<br \/>\nAcus\u00f3 tambi\u00e9n a Codelco de tener relaciones extra\u00f1as con las empresas contratistas, \u201cpues es sabido los intereses creados de los ejecutivos de la empresa con las contratistas\u201d.<\/p>\n","protected":false},"excerpt":{"rendered":"<p>Presidente del Sisan acus\u00f3 a Codelco de dar falsas y malas se\u00f1ales de autoridad al desvincular de manera arbitraria a estos profesionales. LOS ANDES.- Con un bloqueo de media hora del acceso&#8230;<\/p>\n","protected":false},"author":482,"featured_media":63480,"comment_status":"open","ping_status":"open","sticky":false,"template":"","format":"standard","meta":{"advanced_seo_description":"","jetpack_seo_html_title":"","jetpack_seo_noindex":false,"_jetpack_memberships_contains_paid_content":false,"footnotes":""},"categories":[1],"tags":[],"class_list":["post-63479","post","type-post","status-publish","format-standard","has-post-thumbnail","hentry","category-cronica"],"jetpack_featured_media_url":"https:\/\/i0.wp.com\/eltrabajo.cl\/portal\/wp-content\/uploads\/2015\/11\/bloqueo-eila1.jpg?fit=530%2C349&ssl=1","jetpack_sharing_enabled":true,"jetpack_likes_enabled":true,"jetpack-related-posts":[],"_links":{"self":[{"href":"https:\/\/eltrabajo.cl\/portal\/wp-json\/wp\/v2\/posts\/63479","targetHints":{"allow":["GET"]}}],"collection":[{"href":"https:\/\/eltrabajo.cl\/portal\/wp-json\/wp\/v2\/posts"}],"about":[{"href":"https:\/\/eltrabajo.cl\/portal\/wp-json\/wp\/v2\/types\/post"}],"author":[{"embeddable":true,"href":"https:\/\/eltrabajo.cl\/portal\/wp-json\/wp\/v2\/users\/482"}],"replies":[{"embeddable":true,"href":"https:\/\/eltrabajo.cl\/portal\/wp-json\/wp\/v2\/comments?post=63479"}],"version-history":[{"count":0,"href":"https:\/\/eltrabajo.cl\/portal\/wp-json\/wp\/v2\/posts\/63479\/revisions"}],"wp:featuredmedia":[{"embeddable":true,"href":"https:\/\/eltrabajo.cl\/portal\/wp-json\/wp\/v2\/media\/63480"}],"wp:attachment":[{"href":"https:\/\/eltrabajo.cl\/portal\/wp-json\/wp\/v2\/media?parent=63479"}],"wp:term":[{"taxonomy":"category","embeddable":true,"href":"https:\/\/eltrabajo.cl\/portal\/wp-json\/wp\/v2\/categories?post=63479"},{"taxonomy":"post_tag","embeddable":true,"href":"https:\/\/eltrabajo.cl\/portal\/wp-json\/wp\/v2\/tags?post=63479"}],"curies":[{"name":"wp","href":"https:\/\/api.w.org\/{rel}","templated":true}]}}