{"id":63485,"date":"2015-11-03T09:24:05","date_gmt":"2015-11-03T12:24:05","guid":{"rendered":"http:\/\/www.eltrabajo.cl\/portal\/?p=63485"},"modified":"2015-11-03T09:24:05","modified_gmt":"2015-11-03T12:24:05","slug":"este-miercoles-se-realizara-convencion-laboral-juvenil-en-la-plaza-civica-de-san-felipe","status":"publish","type":"post","link":"https:\/\/eltrabajo.cl\/portal\/este-miercoles-se-realizara-convencion-laboral-juvenil-en-la-plaza-civica-de-san-felipe\/","title":{"rendered":"Este mi\u00e9rcoles se realizar\u00e1 Convenci\u00f3n Laboral Juvenil en la Plaza C\u00edvica de San Felipe"},"content":{"rendered":"<figure id=\"attachment_63486\" aria-describedby=\"caption-attachment-63486\" style=\"width: 300px\" class=\"wp-caption alignleft\"><a href=\"https:\/\/i0.wp.com\/www.eltrabajo.cl\/portal\/wp-content\/uploads\/2015\/11\/sabina-castro.jpg\"><img data-recalc-dims=\"1\" loading=\"lazy\" decoding=\"async\" class=\"wp-image-63486 size-medium\" src=\"https:\/\/i0.wp.com\/www.eltrabajo.cl\/portal\/wp-content\/uploads\/2015\/11\/sabina-castro-300x197.jpg?resize=300%2C197\" alt=\"Sabina Castro, encargada de la Oficina Municipal de la Juventud.\" width=\"300\" height=\"197\" srcset=\"https:\/\/i0.wp.com\/eltrabajo.cl\/portal\/wp-content\/uploads\/2015\/11\/sabina-castro.jpg?resize=300%2C197&amp;ssl=1 300w, https:\/\/i0.wp.com\/eltrabajo.cl\/portal\/wp-content\/uploads\/2015\/11\/sabina-castro.jpg?resize=200%2C131&amp;ssl=1 200w, https:\/\/i0.wp.com\/eltrabajo.cl\/portal\/wp-content\/uploads\/2015\/11\/sabina-castro.jpg?resize=228%2C150&amp;ssl=1 228w, https:\/\/i0.wp.com\/eltrabajo.cl\/portal\/wp-content\/uploads\/2015\/11\/sabina-castro.jpg?resize=400%2C263&amp;ssl=1 400w, https:\/\/i0.wp.com\/eltrabajo.cl\/portal\/wp-content\/uploads\/2015\/11\/sabina-castro.jpg?w=530&amp;ssl=1 530w\" sizes=\"auto, (max-width: 300px) 100vw, 300px\" \/><\/a><figcaption id=\"caption-attachment-63486\" class=\"wp-caption-text\">Sabina Castro, encargada de la Oficina Municipal de la Juventud.<\/figcaption><\/figure>\n<ul>\n<li><strong>20 empresas de Aconcagua y la Regi\u00f3n ofertar\u00e1n puestos de empleo a los que podr\u00e1n postular los j\u00f3venes de la comuna.<\/strong><\/li>\n<\/ul>\n<p>Un llamado a los j\u00f3venes de la comuna de San Felipe, para que participen este mi\u00e9rcoles de la Primera Convenci\u00f3n Laboral Juvenil, formul\u00f3 la encargada de la Oficina Municipal de la Juventud Sabina Castro, quien explic\u00f3 que esta instancia tiene por objetivo generar un espacio de encuentro entre las empresas y los j\u00f3venes, para que puedan insertarse laboralmente.<br \/>\nSabina Castro se\u00f1al\u00f3 que a prop\u00f3sito de los lineamientos fijados por el alcalde Patricio Freire al crear la Oficina de la Juventud, se definieron varios criterios respecto de los cuales es necesario enfatizar el trabajo de esta instancia municipal, favoreciendo todas las instancias que permitan atender las necesidades de este segmento de la poblaci\u00f3n tan relevante.<br \/>\nBajo esta mirada, se realiz\u00f3 un trabajo conjunto con el Departamento de Desarrollo Productivo, a fin de generar instancias que vayan en apoyo de los j\u00f3venes en materia de su inserci\u00f3n en el mundo del trabajo, m\u00e1s a\u00fan considerando que muchos de ellos, si bien poseen las competencias para desenvolverse en un puesto laboral, enfrentan serias dificultades para encontrar un cupo.<br \/>\n\u201cEsta es la primera convenci\u00f3n laboral juvenil, que busca generar espacios para que las empresas de la zona oferten empleo a los j\u00f3venes de la comuna. Esta es la primera vez que realizamos una feria dirigida espec\u00edficamente a j\u00f3venes, para todos, incluidos los profesionales. Contamos con la confirmaci\u00f3n de 20 empresas que participar\u00e1n en esta iniciativa\u201d, se\u00f1al\u00f3 Sabina Castro.<br \/>\nFernando Fuentes, encargado del \u00e1rea de Desarrollo Productivo de la municipalidad, manifest\u00f3 que este es un esfuerzo que se realiza de manera conjunta y que se espera, pueda ser bien aprovechado por los j\u00f3venes, m\u00e1s a\u00fan considerando que existen posibilidades reales de inserci\u00f3n laboral a partir de la realizaci\u00f3n de esta feria.<br \/>\nLa invitaci\u00f3n es a los j\u00f3venes para que en caso de estar buscando trabajo, puedan acercarse con su curr\u00edculum a la Plaza C\u00edvica y conozcan cu\u00e1les son los requerimientos de las empresas.<br \/>\nLa cita entonces es este mi\u00e9rcoles, desde las 10.00 y hasta las 17.00 horas.<\/p>\n","protected":false},"excerpt":{"rendered":"<p>20 empresas de Aconcagua y la Regi\u00f3n ofertar\u00e1n puestos de empleo a los que podr\u00e1n postular los j\u00f3venes de la comuna. Un llamado a los j\u00f3venes de la comuna de San Felipe,&#8230;<\/p>\n","protected":false},"author":482,"featured_media":63486,"comment_status":"open","ping_status":"open","sticky":false,"template":"","format":"standard","meta":{"advanced_seo_description":"","jetpack_seo_html_title":"","jetpack_seo_noindex":false,"_jetpack_memberships_contains_paid_content":false,"footnotes":""},"categories":[1],"tags":[],"class_list":["post-63485","post","type-post","status-publish","format-standard","has-post-thumbnail","hentry","category-cronica"],"jetpack_featured_media_url":"https:\/\/i0.wp.com\/eltrabajo.cl\/portal\/wp-content\/uploads\/2015\/11\/sabina-castro.jpg?fit=530%2C348&ssl=1","jetpack_sharing_enabled":true,"jetpack_likes_enabled":true,"jetpack-related-posts":[],"_links":{"self":[{"href":"https:\/\/eltrabajo.cl\/portal\/wp-json\/wp\/v2\/posts\/63485","targetHints":{"allow":["GET"]}}],"collection":[{"href":"https:\/\/eltrabajo.cl\/portal\/wp-json\/wp\/v2\/posts"}],"about":[{"href":"https:\/\/eltrabajo.cl\/portal\/wp-json\/wp\/v2\/types\/post"}],"author":[{"embeddable":true,"href":"https:\/\/eltrabajo.cl\/portal\/wp-json\/wp\/v2\/users\/482"}],"replies":[{"embeddable":true,"href":"https:\/\/eltrabajo.cl\/portal\/wp-json\/wp\/v2\/comments?post=63485"}],"version-history":[{"count":0,"href":"https:\/\/eltrabajo.cl\/portal\/wp-json\/wp\/v2\/posts\/63485\/revisions"}],"wp:featuredmedia":[{"embeddable":true,"href":"https:\/\/eltrabajo.cl\/portal\/wp-json\/wp\/v2\/media\/63486"}],"wp:attachment":[{"href":"https:\/\/eltrabajo.cl\/portal\/wp-json\/wp\/v2\/media?parent=63485"}],"wp:term":[{"taxonomy":"category","embeddable":true,"href":"https:\/\/eltrabajo.cl\/portal\/wp-json\/wp\/v2\/categories?post=63485"},{"taxonomy":"post_tag","embeddable":true,"href":"https:\/\/eltrabajo.cl\/portal\/wp-json\/wp\/v2\/tags?post=63485"}],"curies":[{"name":"wp","href":"https:\/\/api.w.org\/{rel}","templated":true}]}}