{"id":63488,"date":"2015-11-03T09:25:47","date_gmt":"2015-11-03T12:25:47","guid":{"rendered":"http:\/\/www.eltrabajo.cl\/portal\/?p=63488"},"modified":"2015-11-03T09:25:47","modified_gmt":"2015-11-03T12:25:47","slug":"en-allanamiento-policial-incautan-drogas-municiones-y-armamento-en-llay-llay","status":"publish","type":"post","link":"https:\/\/eltrabajo.cl\/portal\/en-allanamiento-policial-incautan-drogas-municiones-y-armamento-en-llay-llay\/","title":{"rendered":"En allanamiento policial incautan drogas, municiones y armamento en Llay Llay"},"content":{"rendered":"<figure id=\"attachment_63489\" aria-describedby=\"caption-attachment-63489\" style=\"width: 300px\" class=\"wp-caption alignleft\"><a href=\"https:\/\/i0.wp.com\/www.eltrabajo.cl\/portal\/wp-content\/uploads\/2015\/11\/DROGAS-LLAY-LLAY.jpg\"><img data-recalc-dims=\"1\" loading=\"lazy\" decoding=\"async\" class=\"wp-image-63489 size-medium\" src=\"https:\/\/i0.wp.com\/www.eltrabajo.cl\/portal\/wp-content\/uploads\/2015\/11\/DROGAS-LLAY-LLAY-300x197.jpg?resize=300%2C197\" alt=\"Personal de OS7 de Carabineros de San Felipe incaut\u00f3 las drogas, municiones y armamentos desde una vivienda de la Villa El Amanecer de Llay Llay, procedimiento que culmin\u00f3 con la detenci\u00f3n de una pareja que qued\u00f3 en prisi\u00f3n preventiva.\" width=\"300\" height=\"197\" srcset=\"https:\/\/i0.wp.com\/eltrabajo.cl\/portal\/wp-content\/uploads\/2015\/11\/DROGAS-LLAY-LLAY.jpg?resize=300%2C197&amp;ssl=1 300w, https:\/\/i0.wp.com\/eltrabajo.cl\/portal\/wp-content\/uploads\/2015\/11\/DROGAS-LLAY-LLAY.jpg?resize=200%2C131&amp;ssl=1 200w, https:\/\/i0.wp.com\/eltrabajo.cl\/portal\/wp-content\/uploads\/2015\/11\/DROGAS-LLAY-LLAY.jpg?resize=228%2C150&amp;ssl=1 228w, https:\/\/i0.wp.com\/eltrabajo.cl\/portal\/wp-content\/uploads\/2015\/11\/DROGAS-LLAY-LLAY.jpg?resize=400%2C263&amp;ssl=1 400w, https:\/\/i0.wp.com\/eltrabajo.cl\/portal\/wp-content\/uploads\/2015\/11\/DROGAS-LLAY-LLAY.jpg?w=530&amp;ssl=1 530w\" sizes=\"auto, (max-width: 300px) 100vw, 300px\" \/><\/a><figcaption id=\"caption-attachment-63489\" class=\"wp-caption-text\">Personal de OS7 de Carabineros de San Felipe incaut\u00f3 las drogas, municiones y armamentos desde una vivienda de la Villa El Amanecer de Llay Llay, procedimiento que culmin\u00f3 con la detenci\u00f3n de una pareja que qued\u00f3 en prisi\u00f3n preventiva.<\/figcaption><\/figure>\n<ul>\n<li><strong>El procedimiento encabezado por los efectivos del OS7 de Carabineros de San Felipe constat\u00f3 que en una vivienda ubicada en la villa Amanecer de Llay Llay, una pareja se dedicaba a la comercializaci\u00f3n de sustancias il\u00edcitas por lo cual fueron detenidos.<\/strong><\/li>\n<\/ul>\n<p>Buscando disminuir los \u00edndices de microtr\u00e1fico de drogas, personal del OS7 de Carabineros de San Felipe, despleg\u00f3 un importante operativo en la comuna de Llay Llay, incautando sustancias como pasta base y marihuana, adem\u00e1s de dos armamentos, municiones y dinero en efectivo. El operativo culmin\u00f3 con la detenci\u00f3n de una pareja que, tras ser procesada judicialmente, qued\u00f3 bajo cautelar de prisi\u00f3n preventiva.<br \/>\nLa investigaci\u00f3n policial se inici\u00f3 tras mantener informaci\u00f3n que un sujeto conocido como \u2018El Carlos\u2019 junto a su grupo familiar, se dedicar\u00edan a la venta de estupefacientes en su domicilio en calle Blanca Manterola de la villa Amanecer en la comuna de Llay Llay, proveyendo de drogas a los adictos de este sector y otras localidades.<br \/>\nTras una orden de entrada y registro del inmueble emanada por el Juzgado de Garant\u00eda de San Felipe, a petici\u00f3n de la Fiscal\u00eda, Carabineros sorprendi\u00f3 al investigado, individualizado como Carlos Maturana Past\u00e9n y su pareja Tamara G\u00f3mez Carrasco, en el living de su casa, dosificando la droga que ser\u00eda comercializada, por lo que la polic\u00eda procedi\u00f3 a efectuar el arresto de ambos involucrados que se opusieron a su detenci\u00f3n por estos il\u00edcitos.<br \/>\nA partir de las labores policiales, se incaut\u00f3 en el domicilio un total de 26 envoltorios de pasta base equivalente a 73 gramos; una bolsa contenedora de 3 gramos de marihuana elaborada y 6 bolsas con 29 gramos de clorhidrato de coca\u00edna. Adem\u00e1s durante el allanamiento los efectivos policiales decomisaron una escopeta calibre 12 que manten\u00eda encargo por robo desde la comuna de Nogales; quince cartuchos calibre 12 y ocho calibre 22 incluyendo un arma a fogueo.<br \/>\nCarabineros continu\u00f3 con el procedimiento, incautando en el patio de la vivienda ocho plantas reci\u00e9n germinadas de cannabis sativa en proceso de cultivo y un total de $572.000 en efectivo atribuibles a la comercializaci\u00f3n de la droga.<br \/>\nAmbos detenidos Carlos Maturana Past\u00e9n y su pareja Tamara G\u00f3mez Carrasco fueron formalizados por la Fiscal\u00eda quedando bajo la cautelar de prisi\u00f3n preventiva impuesta por el Tribunal de Garant\u00eda por representar un peligro para la salud de la sociedad.<br \/>\n<strong>Pablo Salinas Sald\u00edas<\/strong><\/p>\n","protected":false},"excerpt":{"rendered":"<p>El procedimiento encabezado por los efectivos del OS7 de Carabineros de San Felipe constat\u00f3 que en una vivienda ubicada en la villa Amanecer de Llay Llay, una pareja se dedicaba a la&#8230;<\/p>\n","protected":false},"author":482,"featured_media":63489,"comment_status":"open","ping_status":"open","sticky":false,"template":"","format":"standard","meta":{"advanced_seo_description":"","jetpack_seo_html_title":"","jetpack_seo_noindex":false,"_jetpack_memberships_contains_paid_content":false,"footnotes":""},"categories":[21],"tags":[],"class_list":["post-63488","post","type-post","status-publish","format-standard","has-post-thumbnail","hentry","category-policial"],"jetpack_featured_media_url":"https:\/\/i0.wp.com\/eltrabajo.cl\/portal\/wp-content\/uploads\/2015\/11\/DROGAS-LLAY-LLAY.jpg?fit=530%2C348&ssl=1","jetpack_sharing_enabled":true,"jetpack_likes_enabled":true,"jetpack-related-posts":[],"_links":{"self":[{"href":"https:\/\/eltrabajo.cl\/portal\/wp-json\/wp\/v2\/posts\/63488","targetHints":{"allow":["GET"]}}],"collection":[{"href":"https:\/\/eltrabajo.cl\/portal\/wp-json\/wp\/v2\/posts"}],"about":[{"href":"https:\/\/eltrabajo.cl\/portal\/wp-json\/wp\/v2\/types\/post"}],"author":[{"embeddable":true,"href":"https:\/\/eltrabajo.cl\/portal\/wp-json\/wp\/v2\/users\/482"}],"replies":[{"embeddable":true,"href":"https:\/\/eltrabajo.cl\/portal\/wp-json\/wp\/v2\/comments?post=63488"}],"version-history":[{"count":0,"href":"https:\/\/eltrabajo.cl\/portal\/wp-json\/wp\/v2\/posts\/63488\/revisions"}],"wp:featuredmedia":[{"embeddable":true,"href":"https:\/\/eltrabajo.cl\/portal\/wp-json\/wp\/v2\/media\/63489"}],"wp:attachment":[{"href":"https:\/\/eltrabajo.cl\/portal\/wp-json\/wp\/v2\/media?parent=63488"}],"wp:term":[{"taxonomy":"category","embeddable":true,"href":"https:\/\/eltrabajo.cl\/portal\/wp-json\/wp\/v2\/categories?post=63488"},{"taxonomy":"post_tag","embeddable":true,"href":"https:\/\/eltrabajo.cl\/portal\/wp-json\/wp\/v2\/tags?post=63488"}],"curies":[{"name":"wp","href":"https:\/\/api.w.org\/{rel}","templated":true}]}}