{"id":63498,"date":"2015-11-04T09:05:09","date_gmt":"2015-11-04T12:05:09","guid":{"rendered":"http:\/\/www.eltrabajo.cl\/portal\/?p=63498"},"modified":"2015-11-04T09:05:09","modified_gmt":"2015-11-04T12:05:09","slug":"ahora-si-comienza-el-campeonato-super-senior-en-la-liga-vecinal","status":"publish","type":"post","link":"https:\/\/eltrabajo.cl\/portal\/ahora-si-comienza-el-campeonato-super-senior-en-la-liga-vecinal\/","title":{"rendered":"Ahora s\u00ed comienza el campeonato S\u00faper S\u00e9nior en la Liga Vecinal"},"content":{"rendered":"<figure id=\"attachment_63499\" aria-describedby=\"caption-attachment-63499\" style=\"width: 300px\" class=\"wp-caption alignleft\"><a href=\"https:\/\/i0.wp.com\/www.eltrabajo.cl\/portal\/wp-content\/uploads\/2015\/11\/liga-vecinal.jpg\"><img data-recalc-dims=\"1\" loading=\"lazy\" decoding=\"async\" class=\"wp-image-63499 size-medium\" src=\"https:\/\/i0.wp.com\/www.eltrabajo.cl\/portal\/wp-content\/uploads\/2015\/11\/liga-vecinal-300x198.jpg?resize=300%2C198\" alt=\"Esta noche se realizar\u00e1 la primera jornada del torneo S\u00faper S\u00e9nior de la Liga Vecinal.\" width=\"300\" height=\"198\" srcset=\"https:\/\/i0.wp.com\/eltrabajo.cl\/portal\/wp-content\/uploads\/2015\/11\/liga-vecinal.jpg?resize=300%2C198&amp;ssl=1 300w, https:\/\/i0.wp.com\/eltrabajo.cl\/portal\/wp-content\/uploads\/2015\/11\/liga-vecinal.jpg?resize=200%2C132&amp;ssl=1 200w, https:\/\/i0.wp.com\/eltrabajo.cl\/portal\/wp-content\/uploads\/2015\/11\/liga-vecinal.jpg?resize=227%2C150&amp;ssl=1 227w, https:\/\/i0.wp.com\/eltrabajo.cl\/portal\/wp-content\/uploads\/2015\/11\/liga-vecinal.jpg?resize=400%2C264&amp;ssl=1 400w, https:\/\/i0.wp.com\/eltrabajo.cl\/portal\/wp-content\/uploads\/2015\/11\/liga-vecinal.jpg?w=530&amp;ssl=1 530w\" sizes=\"auto, (max-width: 300px) 100vw, 300px\" \/><\/a><figcaption id=\"caption-attachment-63499\" class=\"wp-caption-text\">Esta noche se realizar\u00e1 la primera jornada del torneo S\u00faper S\u00e9nior de la Liga Vecinal.<\/figcaption><\/figure>\n<ul>\n<li><strong>Torneo se jugar\u00e1 durante las noches de los mi\u00e9rcoles y viernes.<\/strong><\/li>\n<\/ul>\n<p>Una vez solucionados los problemas t\u00e9cnicos que se presentaron en el complejo Parras\u00eda y que imposibilitaron que se diera el vamos la semana pasada, est\u00e1 noche comenzar\u00e1 a jugarse una nueva edici\u00f3n del torneo S\u00faper S\u00e9nior de la Liga Vecinal, un evento en el cual solo pueden actuar los jugadores que ya pasaron la barrera de los 55 a\u00f1os.<br \/>\nEn el torneo nocturno que arrancar\u00e1 esta noche participaran las escuadras de Villa Argelia, Uni\u00f3n Esperanza, Hern\u00e1n P\u00e9rez Quijanes, Andacollo, Tsunami, Santos, Carlos Barrera y Uni\u00f3n Esfuerzo, las que dirimir\u00e1n al campe\u00f3n luego de dos ruedas que con toda seguridad ser\u00e1n muy disputadas ya que esta divisi\u00f3n tiende a ser m\u00e1s pareja que el campeonato central, por lo que es muy aventurado para hablar de un favorito para quedarse con el t\u00edtulo.<br \/>\n<strong>La programaci\u00f3n de la primera fecha es la siguiente:<\/strong><br \/>\n<strong>Mi\u00e9rcoles 4 de noviembre<\/strong><br \/>\n19:45 horas, Villa Argelia \u2013 Tsunami<br \/>\n21:15 horas, Uni\u00f3n Esperanza \u2013 Santos<br \/>\n<strong>Viernes 6 de noviembre<\/strong><br \/>\n19:45 horas, Hern\u00e1n P\u00e9rez Quijanes \u2013 Carlos Barrera<br \/>\n21:15 horas, Andacollo- Uni\u00f3n Esfuerzo<\/p>\n","protected":false},"excerpt":{"rendered":"<p>Torneo se jugar\u00e1 durante las noches de los mi\u00e9rcoles y viernes. Una vez solucionados los problemas t\u00e9cnicos que se presentaron en el complejo Parras\u00eda y que imposibilitaron que se diera el vamos&#8230;<\/p>\n","protected":false},"author":482,"featured_media":63499,"comment_status":"open","ping_status":"open","sticky":false,"template":"","format":"standard","meta":{"advanced_seo_description":"","jetpack_seo_html_title":"","jetpack_seo_noindex":false,"_jetpack_memberships_contains_paid_content":false,"footnotes":""},"categories":[19],"tags":[],"class_list":["post-63498","post","type-post","status-publish","format-standard","has-post-thumbnail","hentry","category-deportes"],"jetpack_featured_media_url":"https:\/\/i0.wp.com\/eltrabajo.cl\/portal\/wp-content\/uploads\/2015\/11\/liga-vecinal.jpg?fit=530%2C350&ssl=1","jetpack_sharing_enabled":true,"jetpack_likes_enabled":true,"jetpack-related-posts":[],"_links":{"self":[{"href":"https:\/\/eltrabajo.cl\/portal\/wp-json\/wp\/v2\/posts\/63498","targetHints":{"allow":["GET"]}}],"collection":[{"href":"https:\/\/eltrabajo.cl\/portal\/wp-json\/wp\/v2\/posts"}],"about":[{"href":"https:\/\/eltrabajo.cl\/portal\/wp-json\/wp\/v2\/types\/post"}],"author":[{"embeddable":true,"href":"https:\/\/eltrabajo.cl\/portal\/wp-json\/wp\/v2\/users\/482"}],"replies":[{"embeddable":true,"href":"https:\/\/eltrabajo.cl\/portal\/wp-json\/wp\/v2\/comments?post=63498"}],"version-history":[{"count":0,"href":"https:\/\/eltrabajo.cl\/portal\/wp-json\/wp\/v2\/posts\/63498\/revisions"}],"wp:featuredmedia":[{"embeddable":true,"href":"https:\/\/eltrabajo.cl\/portal\/wp-json\/wp\/v2\/media\/63499"}],"wp:attachment":[{"href":"https:\/\/eltrabajo.cl\/portal\/wp-json\/wp\/v2\/media?parent=63498"}],"wp:term":[{"taxonomy":"category","embeddable":true,"href":"https:\/\/eltrabajo.cl\/portal\/wp-json\/wp\/v2\/categories?post=63498"},{"taxonomy":"post_tag","embeddable":true,"href":"https:\/\/eltrabajo.cl\/portal\/wp-json\/wp\/v2\/tags?post=63498"}],"curies":[{"name":"wp","href":"https:\/\/api.w.org\/{rel}","templated":true}]}}