{"id":63510,"date":"2015-11-04T09:15:52","date_gmt":"2015-11-04T12:15:52","guid":{"rendered":"http:\/\/www.eltrabajo.cl\/portal\/?p=63510"},"modified":"2015-11-04T09:15:52","modified_gmt":"2015-11-04T12:15:52","slug":"todo-un-exito-la-17a-pena-folclorica-alberto-ossandon-villegas","status":"publish","type":"post","link":"https:\/\/eltrabajo.cl\/portal\/todo-un-exito-la-17a-pena-folclorica-alberto-ossandon-villegas\/","title":{"rendered":"Todo un \u00e9xito la 17\u00aa Pe\u00f1a folcl\u00f3rica Alberto Ossand\u00f3n Villegas"},"content":{"rendered":"<figure id=\"attachment_63511\" aria-describedby=\"caption-attachment-63511\" style=\"width: 300px\" class=\"wp-caption alignleft\"><a href=\"https:\/\/i0.wp.com\/www.eltrabajo.cl\/portal\/wp-content\/uploads\/2015\/11\/Folklore1.jpg\"><img data-recalc-dims=\"1\" loading=\"lazy\" decoding=\"async\" class=\"wp-image-63511 size-medium\" src=\"https:\/\/i0.wp.com\/www.eltrabajo.cl\/portal\/wp-content\/uploads\/2015\/11\/Folklore1-300x198.jpg?resize=300%2C198\" alt=\"VIVA EL FOLKLORE.- Estos j\u00f3venes bailarines hicieron de las suyas en la XVII versi\u00f3n de la Pe\u00f1a folcl\u00f3rica Alberto Ossand\u00f3n Villegas, realizada en Jahuelito.\" width=\"300\" height=\"198\" srcset=\"https:\/\/i0.wp.com\/eltrabajo.cl\/portal\/wp-content\/uploads\/2015\/11\/Folklore1.jpg?resize=300%2C198&amp;ssl=1 300w, https:\/\/i0.wp.com\/eltrabajo.cl\/portal\/wp-content\/uploads\/2015\/11\/Folklore1.jpg?resize=200%2C132&amp;ssl=1 200w, https:\/\/i0.wp.com\/eltrabajo.cl\/portal\/wp-content\/uploads\/2015\/11\/Folklore1.jpg?resize=228%2C150&amp;ssl=1 228w, https:\/\/i0.wp.com\/eltrabajo.cl\/portal\/wp-content\/uploads\/2015\/11\/Folklore1.jpg?resize=400%2C263&amp;ssl=1 400w, https:\/\/i0.wp.com\/eltrabajo.cl\/portal\/wp-content\/uploads\/2015\/11\/Folklore1.jpg?w=530&amp;ssl=1 530w\" sizes=\"auto, (max-width: 300px) 100vw, 300px\" \/><\/a><figcaption id=\"caption-attachment-63511\" class=\"wp-caption-text\">VIVA EL FOLKLORE.- Estos j\u00f3venes bailarines hicieron de las suyas en la XVII versi\u00f3n de la Pe\u00f1a folcl\u00f3rica Alberto Ossand\u00f3n Villegas, realizada en Jahuelito.<\/figcaption><\/figure>\n<p><strong>SANTA MAR\u00cdA<\/strong>.- El d\u00eda viernes 30 de octubre reci\u00e9n pasado se llev\u00f3 a cabo la XVII versi\u00f3n de la Pe\u00f1a folcl\u00f3rica Alberto Ossand\u00f3n Villegas, organizada por la comunidad Educativa de la Escuela Julio Tejedor. Como cada a\u00f1o, dicha actividad se realiz\u00f3 en la multicancha de Jahuelito, donde acudieron aproximadamente unas 500 personas que disfrutaron con los n\u00fameros art\u00edsticos presentados por los alumnos de las escuelas y el Ballet Folcl\u00f3rico Municipal de San Felipe, adem\u00e1s de la presentaci\u00f3n del Grupo nacional Los Pira\u00f1as 4.<\/p>\n<figure id=\"attachment_63512\" aria-describedby=\"caption-attachment-63512\" style=\"width: 300px\" class=\"wp-caption alignright\"><a href=\"https:\/\/i0.wp.com\/www.eltrabajo.cl\/portal\/wp-content\/uploads\/2015\/11\/Folklore2.jpg\"><img data-recalc-dims=\"1\" loading=\"lazy\" decoding=\"async\" class=\"wp-image-63512 size-medium\" src=\"https:\/\/i0.wp.com\/www.eltrabajo.cl\/portal\/wp-content\/uploads\/2015\/11\/Folklore2-300x199.jpg?resize=300%2C199\" alt=\"SIN L\u00cdMITE DE EDAD.- Los apoderados tambi\u00e9n disfrutaron de la actividad al lado de sus hijos.\" width=\"300\" height=\"199\" srcset=\"https:\/\/i0.wp.com\/eltrabajo.cl\/portal\/wp-content\/uploads\/2015\/11\/Folklore2.jpg?resize=300%2C199&amp;ssl=1 300w, https:\/\/i0.wp.com\/eltrabajo.cl\/portal\/wp-content\/uploads\/2015\/11\/Folklore2.jpg?resize=200%2C133&amp;ssl=1 200w, https:\/\/i0.wp.com\/eltrabajo.cl\/portal\/wp-content\/uploads\/2015\/11\/Folklore2.jpg?resize=226%2C150&amp;ssl=1 226w, https:\/\/i0.wp.com\/eltrabajo.cl\/portal\/wp-content\/uploads\/2015\/11\/Folklore2.jpg?resize=400%2C265&amp;ssl=1 400w, https:\/\/i0.wp.com\/eltrabajo.cl\/portal\/wp-content\/uploads\/2015\/11\/Folklore2.jpg?w=528&amp;ssl=1 528w\" sizes=\"auto, (max-width: 300px) 100vw, 300px\" \/><\/a><figcaption id=\"caption-attachment-63512\" class=\"wp-caption-text\">SIN L\u00cdMITE DE EDAD.- Los apoderados tambi\u00e9n disfrutaron de la actividad al lado de sus hijos.<\/figcaption><\/figure>\n<p>La celebraci\u00f3n de la pe\u00f1a se enmarca en el sello propio de la instituci\u00f3n, que dice relaci\u00f3n con el rescate de la cultura local, el folclor y el cuidado del medio ambiente, adem\u00e1s de recordar al maestro Alberto Ossand\u00f3n, quien fue el gestor principal del folclor en la comuna de Santa Mar\u00eda, as\u00ed tambi\u00e9n dicha actividad permiti\u00f3 reunir fondos a modo de autofinanciamiento por parte del centro educativo para poder gestionar las diferentes actividades a realizar durante el a\u00f1o.<\/p>\n","protected":false},"excerpt":{"rendered":"<p>SANTA MAR\u00cdA.- El d\u00eda viernes 30 de octubre reci\u00e9n pasado se llev\u00f3 a cabo la XVII versi\u00f3n de la Pe\u00f1a folcl\u00f3rica Alberto Ossand\u00f3n Villegas, organizada por la comunidad Educativa de la Escuela&#8230;<\/p>\n","protected":false},"author":482,"featured_media":63511,"comment_status":"open","ping_status":"open","sticky":false,"template":"","format":"standard","meta":{"advanced_seo_description":"","jetpack_seo_html_title":"","jetpack_seo_noindex":false,"_jetpack_memberships_contains_paid_content":false,"footnotes":""},"categories":[1],"tags":[],"class_list":["post-63510","post","type-post","status-publish","format-standard","has-post-thumbnail","hentry","category-cronica"],"jetpack_featured_media_url":"https:\/\/i0.wp.com\/eltrabajo.cl\/portal\/wp-content\/uploads\/2015\/11\/Folklore1.jpg?fit=530%2C349&ssl=1","jetpack_sharing_enabled":true,"jetpack_likes_enabled":true,"jetpack-related-posts":[],"_links":{"self":[{"href":"https:\/\/eltrabajo.cl\/portal\/wp-json\/wp\/v2\/posts\/63510","targetHints":{"allow":["GET"]}}],"collection":[{"href":"https:\/\/eltrabajo.cl\/portal\/wp-json\/wp\/v2\/posts"}],"about":[{"href":"https:\/\/eltrabajo.cl\/portal\/wp-json\/wp\/v2\/types\/post"}],"author":[{"embeddable":true,"href":"https:\/\/eltrabajo.cl\/portal\/wp-json\/wp\/v2\/users\/482"}],"replies":[{"embeddable":true,"href":"https:\/\/eltrabajo.cl\/portal\/wp-json\/wp\/v2\/comments?post=63510"}],"version-history":[{"count":0,"href":"https:\/\/eltrabajo.cl\/portal\/wp-json\/wp\/v2\/posts\/63510\/revisions"}],"wp:featuredmedia":[{"embeddable":true,"href":"https:\/\/eltrabajo.cl\/portal\/wp-json\/wp\/v2\/media\/63511"}],"wp:attachment":[{"href":"https:\/\/eltrabajo.cl\/portal\/wp-json\/wp\/v2\/media?parent=63510"}],"wp:term":[{"taxonomy":"category","embeddable":true,"href":"https:\/\/eltrabajo.cl\/portal\/wp-json\/wp\/v2\/categories?post=63510"},{"taxonomy":"post_tag","embeddable":true,"href":"https:\/\/eltrabajo.cl\/portal\/wp-json\/wp\/v2\/tags?post=63510"}],"curies":[{"name":"wp","href":"https:\/\/api.w.org\/{rel}","templated":true}]}}