{"id":63514,"date":"2015-11-04T09:18:15","date_gmt":"2015-11-04T12:18:15","guid":{"rendered":"http:\/\/www.eltrabajo.cl\/portal\/?p=63514"},"modified":"2015-11-04T09:18:15","modified_gmt":"2015-11-04T12:18:15","slug":"estudiantes-de-panquehue-reciben-computadores-a-traves-de-programa-me-conecto-para-aprender","status":"publish","type":"post","link":"https:\/\/eltrabajo.cl\/portal\/estudiantes-de-panquehue-reciben-computadores-a-traves-de-programa-me-conecto-para-aprender\/","title":{"rendered":"Estudiantes de Panquehue reciben computadores a trav\u00e9s de programa \u2018Me Conecto para Aprender\u2019"},"content":{"rendered":"<figure id=\"attachment_63515\" aria-describedby=\"caption-attachment-63515\" style=\"width: 300px\" class=\"wp-caption alignleft\"><a href=\"https:\/\/i0.wp.com\/www.eltrabajo.cl\/portal\/wp-content\/uploads\/2015\/11\/Computadores-panquehue.jpg\"><img data-recalc-dims=\"1\" loading=\"lazy\" decoding=\"async\" class=\"wp-image-63515 size-medium\" src=\"https:\/\/i0.wp.com\/www.eltrabajo.cl\/portal\/wp-content\/uploads\/2015\/11\/Computadores-panquehue-300x198.jpg?resize=300%2C198\" alt=\"Autoridades junto a 47 alumnos panquehuinos que fueron beneficiados con la entrega de computadores gracias al programa \u2018Me Conecto para Aprender\u2019.\" width=\"300\" height=\"198\" srcset=\"https:\/\/i0.wp.com\/eltrabajo.cl\/portal\/wp-content\/uploads\/2015\/11\/Computadores-panquehue.jpg?resize=300%2C198&amp;ssl=1 300w, https:\/\/i0.wp.com\/eltrabajo.cl\/portal\/wp-content\/uploads\/2015\/11\/Computadores-panquehue.jpg?resize=200%2C132&amp;ssl=1 200w, https:\/\/i0.wp.com\/eltrabajo.cl\/portal\/wp-content\/uploads\/2015\/11\/Computadores-panquehue.jpg?resize=227%2C150&amp;ssl=1 227w, https:\/\/i0.wp.com\/eltrabajo.cl\/portal\/wp-content\/uploads\/2015\/11\/Computadores-panquehue.jpg?resize=400%2C264&amp;ssl=1 400w, https:\/\/i0.wp.com\/eltrabajo.cl\/portal\/wp-content\/uploads\/2015\/11\/Computadores-panquehue.jpg?w=530&amp;ssl=1 530w\" sizes=\"auto, (max-width: 300px) 100vw, 300px\" \/><\/a><figcaption id=\"caption-attachment-63515\" class=\"wp-caption-text\">Autoridades junto a 47 alumnos panquehuinos que fueron beneficiados con la entrega de computadores gracias al programa \u2018Me Conecto para Aprender\u2019.<\/figcaption><\/figure>\n<ul>\n<li><strong>Fue a trav\u00e9s de una ceremonia en la sala cultural, donde el alcalde Luis Pradenas junto al Gobernador y el Director regional de Junaeb hicieron entrega de estos implementos<\/strong><\/li>\n<\/ul>\n<p><strong>PANQUEHUE.<\/strong>&#8211; 47 alumnos de las escuelas de la comuna recibieron de parte de autoridades provinciales y regionales, sus respectivos computadores, gracias al programa \u2018Me Conecto para Aprender\u2019.<br \/>\nSe trata de una iniciativa de Estado, que busca apoyar el proceso de aprendizaje de los escolares, otorgando igualdad de oportunidades de acceso a la tecnolog\u00eda para los ni\u00f1os, as\u00ed como potenciar en ellos el desarrollo de habilidades digitales.<br \/>\nEste programa \u2013 explic\u00f3 el Director Regional de Junaeb Marcelo G\u00f3ngora- forma parte del fortalecimiento de la educaci\u00f3n p\u00fablica, que tiene como prop\u00f3sito acortar la brecha de acceso y uso de tecnolog\u00edas de informaci\u00f3n, comunicaci\u00f3n y apoyar los procesos de aprendizaje de los estudiantes, a trav\u00e9s de la entrega de estos computadores port\u00e1tiles.<br \/>\nLos equipos tienen incorporados recursos digitales, como software, videos y portales educativos, para as\u00ed apoyar los procesos de aprendizaje.<br \/>\nDel mismo modo se hizo entrega de cartillas informativas a los padres y apoderados de los estudiantes favorecidos, para que todo el n\u00facleo familiar pueda beneficiarse del uso de la tecnolog\u00eda, el acceso a conectividad y participaci\u00f3n en el mundo digital.<br \/>\nEn tanto el alcalde Luis Pradenas recalc\u00f3 que con la entrega de estos equipos, se logr\u00f3 sacar adelante un proceso de discriminaci\u00f3n en la entrega de herramientas digitales.<br \/>\n\u201cFeliz porque con cada acci\u00f3n que se realice para potenciar la educaci\u00f3n p\u00fablica o municipalizada es un gran avance, por eso la entrega de estos computadores a los alumnos de todas las escuelas de la comuna, es un gran avance para as\u00ed ir mejorando la calidad de nuestra educaci\u00f3n\u201d.<br \/>\nLa ceremonia se realiz\u00f3 en la sala cultural de la comuna y coment\u00f3 con la asistencia del alcalde Luis Pradenas, Gobernador Eduardo Le\u00f3n, el Director Regional de Junaeb Marcelo G\u00f3ngora y los concejales, Patricio Morales y Gonzalo Vergara, adem\u00e1s de padres y apoderados de los alumnos beneficiados.<\/p>\n","protected":false},"excerpt":{"rendered":"<p>Fue a trav\u00e9s de una ceremonia en la sala cultural, donde el alcalde Luis Pradenas junto al Gobernador y el Director regional de Junaeb hicieron entrega de estos implementos PANQUEHUE.&#8211; 47 alumnos&#8230;<\/p>\n","protected":false},"author":482,"featured_media":63515,"comment_status":"open","ping_status":"open","sticky":false,"template":"","format":"standard","meta":{"advanced_seo_description":"","jetpack_seo_html_title":"","jetpack_seo_noindex":false,"_jetpack_memberships_contains_paid_content":false,"footnotes":""},"categories":[1],"tags":[],"class_list":["post-63514","post","type-post","status-publish","format-standard","has-post-thumbnail","hentry","category-cronica"],"jetpack_featured_media_url":"https:\/\/i0.wp.com\/eltrabajo.cl\/portal\/wp-content\/uploads\/2015\/11\/Computadores-panquehue.jpg?fit=530%2C350&ssl=1","jetpack_sharing_enabled":true,"jetpack_likes_enabled":true,"jetpack-related-posts":[],"_links":{"self":[{"href":"https:\/\/eltrabajo.cl\/portal\/wp-json\/wp\/v2\/posts\/63514","targetHints":{"allow":["GET"]}}],"collection":[{"href":"https:\/\/eltrabajo.cl\/portal\/wp-json\/wp\/v2\/posts"}],"about":[{"href":"https:\/\/eltrabajo.cl\/portal\/wp-json\/wp\/v2\/types\/post"}],"author":[{"embeddable":true,"href":"https:\/\/eltrabajo.cl\/portal\/wp-json\/wp\/v2\/users\/482"}],"replies":[{"embeddable":true,"href":"https:\/\/eltrabajo.cl\/portal\/wp-json\/wp\/v2\/comments?post=63514"}],"version-history":[{"count":0,"href":"https:\/\/eltrabajo.cl\/portal\/wp-json\/wp\/v2\/posts\/63514\/revisions"}],"wp:featuredmedia":[{"embeddable":true,"href":"https:\/\/eltrabajo.cl\/portal\/wp-json\/wp\/v2\/media\/63515"}],"wp:attachment":[{"href":"https:\/\/eltrabajo.cl\/portal\/wp-json\/wp\/v2\/media?parent=63514"}],"wp:term":[{"taxonomy":"category","embeddable":true,"href":"https:\/\/eltrabajo.cl\/portal\/wp-json\/wp\/v2\/categories?post=63514"},{"taxonomy":"post_tag","embeddable":true,"href":"https:\/\/eltrabajo.cl\/portal\/wp-json\/wp\/v2\/tags?post=63514"}],"curies":[{"name":"wp","href":"https:\/\/api.w.org\/{rel}","templated":true}]}}