{"id":63523,"date":"2015-11-04T09:34:23","date_gmt":"2015-11-04T12:34:23","guid":{"rendered":"http:\/\/www.eltrabajo.cl\/portal\/?p=63523"},"modified":"2015-11-04T09:34:23","modified_gmt":"2015-11-04T12:34:23","slug":"peligrosos-delincuentes-que-portaban-revolver-y-municiones-quedaron-tras-las-rejas","status":"publish","type":"post","link":"https:\/\/eltrabajo.cl\/portal\/peligrosos-delincuentes-que-portaban-revolver-y-municiones-quedaron-tras-las-rejas\/","title":{"rendered":"Peligrosos delincuentes que portaban rev\u00f3lver y municiones quedaron tras las rejas"},"content":{"rendered":"<figure id=\"attachment_63524\" aria-describedby=\"caption-attachment-63524\" style=\"width: 300px\" class=\"wp-caption alignleft\"><a href=\"https:\/\/i0.wp.com\/www.eltrabajo.cl\/portal\/wp-content\/uploads\/2015\/11\/DETENIDO-1-Y-2-copia.jpg\"><img data-recalc-dims=\"1\" loading=\"lazy\" decoding=\"async\" class=\"wp-image-63524 size-medium\" src=\"https:\/\/i0.wp.com\/www.eltrabajo.cl\/portal\/wp-content\/uploads\/2015\/11\/DETENIDO-1-Y-2-copia-300x198.jpg?resize=300%2C198\" alt=\"Los detenidos identificados como Jonathan Iturrieta Rebolledo y Daniel Arredondo Torrej\u00f3n tras ser formalizados en tribunales quedaron sujetos bajo la cautelar de prisi\u00f3n preventiva mientras la Fiscal\u00eda investiga el caso.\" width=\"300\" height=\"198\" srcset=\"https:\/\/i0.wp.com\/eltrabajo.cl\/portal\/wp-content\/uploads\/2015\/11\/DETENIDO-1-Y-2-copia.jpg?resize=300%2C198&amp;ssl=1 300w, https:\/\/i0.wp.com\/eltrabajo.cl\/portal\/wp-content\/uploads\/2015\/11\/DETENIDO-1-Y-2-copia.jpg?resize=200%2C132&amp;ssl=1 200w, https:\/\/i0.wp.com\/eltrabajo.cl\/portal\/wp-content\/uploads\/2015\/11\/DETENIDO-1-Y-2-copia.jpg?resize=227%2C150&amp;ssl=1 227w, https:\/\/i0.wp.com\/eltrabajo.cl\/portal\/wp-content\/uploads\/2015\/11\/DETENIDO-1-Y-2-copia.jpg?resize=400%2C264&amp;ssl=1 400w, https:\/\/i0.wp.com\/eltrabajo.cl\/portal\/wp-content\/uploads\/2015\/11\/DETENIDO-1-Y-2-copia.jpg?w=530&amp;ssl=1 530w\" sizes=\"auto, (max-width: 300px) 100vw, 300px\" \/><\/a><figcaption id=\"caption-attachment-63524\" class=\"wp-caption-text\">Los detenidos identificados como Jonathan Iturrieta Rebolledo y Daniel Arredondo Torrej\u00f3n tras ser formalizados en tribunales quedaron sujetos bajo la cautelar de prisi\u00f3n preventiva mientras la Fiscal\u00eda investiga el caso.<\/figcaption><\/figure>\n<ul>\n<li><strong>Los sujetos con amplio prontuario delictivo, circulaban por calle Salinas cuando fueron sorprendidos por efectivos policiales portando un arma de fuego y municiones de escopeta.<\/strong><\/li>\n<\/ul>\n<p>Por representar un serio peligro para la sociedad, el Tribunal de Garant\u00eda de San Felipe orden\u00f3 el ingreso inmediato a la c\u00e1rcel de dos peligrosos delincuentes, quienes fueron detenidos por Carabineros cerca de la medianoche de este lunes portando un arma de fuego y municiones en calle Salinas de esta comuna.<br \/>\nLas diligencias policiales se concretaron a partir de patrullajes preventivos realizados por Carabineros, donde observaron a dos sujetos que huyeron a gran velocidad despoj\u00e1ndose de algunas especies.<\/p>\n<figure id=\"attachment_63525\" aria-describedby=\"caption-attachment-63525\" style=\"width: 300px\" class=\"wp-caption alignright\"><a href=\"https:\/\/i0.wp.com\/www.eltrabajo.cl\/portal\/wp-content\/uploads\/2015\/11\/ARMA-DE-FUEGO.jpg\"><img data-recalc-dims=\"1\" loading=\"lazy\" decoding=\"async\" class=\"wp-image-63525 size-medium\" src=\"https:\/\/i0.wp.com\/www.eltrabajo.cl\/portal\/wp-content\/uploads\/2015\/11\/ARMA-DE-FUEGO-300x197.jpg?resize=300%2C197\" alt=\"Carabineros incaut\u00f3 el rev\u00f3lver y las municiones de escopeta en calle Salinas de San Felipe.\" width=\"300\" height=\"197\" srcset=\"https:\/\/i0.wp.com\/eltrabajo.cl\/portal\/wp-content\/uploads\/2015\/11\/ARMA-DE-FUEGO.jpg?resize=300%2C197&amp;ssl=1 300w, https:\/\/i0.wp.com\/eltrabajo.cl\/portal\/wp-content\/uploads\/2015\/11\/ARMA-DE-FUEGO.jpg?resize=200%2C131&amp;ssl=1 200w, https:\/\/i0.wp.com\/eltrabajo.cl\/portal\/wp-content\/uploads\/2015\/11\/ARMA-DE-FUEGO.jpg?resize=228%2C150&amp;ssl=1 228w, https:\/\/i0.wp.com\/eltrabajo.cl\/portal\/wp-content\/uploads\/2015\/11\/ARMA-DE-FUEGO.jpg?resize=400%2C263&amp;ssl=1 400w, https:\/\/i0.wp.com\/eltrabajo.cl\/portal\/wp-content\/uploads\/2015\/11\/ARMA-DE-FUEGO.jpg?w=530&amp;ssl=1 530w\" sizes=\"auto, (max-width: 300px) 100vw, 300px\" \/><\/a><figcaption id=\"caption-attachment-63525\" class=\"wp-caption-text\">Carabineros incaut\u00f3 el rev\u00f3lver y las municiones de escopeta en calle Salinas de San Felipe.<\/figcaption><\/figure>\n<p>Sin embargo, la polic\u00eda uniformada logr\u00f3 interceptar a los antisociales quienes al momento de ser controlados, portaban entre sus vestimentas un rev\u00f3lver y municiones de escopeta, siendo arrestados por estos delitos.<br \/>\nLos imputados fueron individualizados como Jonathan Iturrieta Rebolledo y Daniel Arredondo Torrej\u00f3n quienes cuentan con un nutrido prontuario policial por delitos relacionados con infracci\u00f3n a la Ley de Drogas, porte de arma de fuego y robo con intimidaci\u00f3n, entre otras.<br \/>\nLa Fiscal\u00eda durante la audiencia de control de detenci\u00f3n de ambos sujetos, requiri\u00f3 ante el Tribunal de Garant\u00eda de San Felipe la m\u00e1xima cautelar de prisi\u00f3n preventiva, medida que fue aceptada por el juez, decretando su ingreso hasta un recinto penal mientras dure el proceso de investigaci\u00f3n a cargo del Ministerio P\u00fablico de esta comuna.<br \/>\n<strong>Pablo Salinas Sald\u00edas<\/strong><\/p>\n","protected":false},"excerpt":{"rendered":"<p>Los sujetos con amplio prontuario delictivo, circulaban por calle Salinas cuando fueron sorprendidos por efectivos policiales portando un arma de fuego y municiones de escopeta. Por representar un serio peligro para la&#8230;<\/p>\n","protected":false},"author":482,"featured_media":63524,"comment_status":"open","ping_status":"open","sticky":false,"template":"","format":"standard","meta":{"advanced_seo_description":"","jetpack_seo_html_title":"","jetpack_seo_noindex":false,"_jetpack_memberships_contains_paid_content":false,"footnotes":""},"categories":[21],"tags":[],"class_list":["post-63523","post","type-post","status-publish","format-standard","has-post-thumbnail","hentry","category-policial"],"jetpack_featured_media_url":"https:\/\/i0.wp.com\/eltrabajo.cl\/portal\/wp-content\/uploads\/2015\/11\/DETENIDO-1-Y-2-copia.jpg?fit=530%2C350&ssl=1","jetpack_sharing_enabled":true,"jetpack_likes_enabled":true,"jetpack-related-posts":[],"_links":{"self":[{"href":"https:\/\/eltrabajo.cl\/portal\/wp-json\/wp\/v2\/posts\/63523","targetHints":{"allow":["GET"]}}],"collection":[{"href":"https:\/\/eltrabajo.cl\/portal\/wp-json\/wp\/v2\/posts"}],"about":[{"href":"https:\/\/eltrabajo.cl\/portal\/wp-json\/wp\/v2\/types\/post"}],"author":[{"embeddable":true,"href":"https:\/\/eltrabajo.cl\/portal\/wp-json\/wp\/v2\/users\/482"}],"replies":[{"embeddable":true,"href":"https:\/\/eltrabajo.cl\/portal\/wp-json\/wp\/v2\/comments?post=63523"}],"version-history":[{"count":0,"href":"https:\/\/eltrabajo.cl\/portal\/wp-json\/wp\/v2\/posts\/63523\/revisions"}],"wp:featuredmedia":[{"embeddable":true,"href":"https:\/\/eltrabajo.cl\/portal\/wp-json\/wp\/v2\/media\/63524"}],"wp:attachment":[{"href":"https:\/\/eltrabajo.cl\/portal\/wp-json\/wp\/v2\/media?parent=63523"}],"wp:term":[{"taxonomy":"category","embeddable":true,"href":"https:\/\/eltrabajo.cl\/portal\/wp-json\/wp\/v2\/categories?post=63523"},{"taxonomy":"post_tag","embeddable":true,"href":"https:\/\/eltrabajo.cl\/portal\/wp-json\/wp\/v2\/tags?post=63523"}],"curies":[{"name":"wp","href":"https:\/\/api.w.org\/{rel}","templated":true}]}}