{"id":63527,"date":"2015-11-04T09:36:00","date_gmt":"2015-11-04T12:36:00","guid":{"rendered":"http:\/\/www.eltrabajo.cl\/portal\/?p=63527"},"modified":"2015-11-04T09:36:00","modified_gmt":"2015-11-04T12:36:00","slug":"otro-reclamo-por-horas-de-espera-en-urgencias-del-san-camilo","status":"publish","type":"post","link":"https:\/\/eltrabajo.cl\/portal\/otro-reclamo-por-horas-de-espera-en-urgencias-del-san-camilo\/","title":{"rendered":"Otro reclamo por horas de espera en Urgencias del San Camilo"},"content":{"rendered":"<figure id=\"attachment_63528\" aria-describedby=\"caption-attachment-63528\" style=\"width: 300px\" class=\"wp-caption alignleft\"><a href=\"https:\/\/i0.wp.com\/www.eltrabajo.cl\/portal\/wp-content\/uploads\/2015\/11\/Angelo-Vergara.jpg\"><img data-recalc-dims=\"1\" loading=\"lazy\" decoding=\"async\" class=\"wp-image-63528 size-medium\" src=\"https:\/\/i0.wp.com\/www.eltrabajo.cl\/portal\/wp-content\/uploads\/2015\/11\/Angelo-Vergara-300x197.jpg?resize=300%2C197\" alt=\"\u00c1ngelo Vergara, reclama que le descuentan mucho dinero, y que no merece su hijo esperar cinco horas para ser atendido.\" width=\"300\" height=\"197\" srcset=\"https:\/\/i0.wp.com\/eltrabajo.cl\/portal\/wp-content\/uploads\/2015\/11\/Angelo-Vergara.jpg?resize=300%2C197&amp;ssl=1 300w, https:\/\/i0.wp.com\/eltrabajo.cl\/portal\/wp-content\/uploads\/2015\/11\/Angelo-Vergara.jpg?resize=200%2C131&amp;ssl=1 200w, https:\/\/i0.wp.com\/eltrabajo.cl\/portal\/wp-content\/uploads\/2015\/11\/Angelo-Vergara.jpg?resize=228%2C150&amp;ssl=1 228w, https:\/\/i0.wp.com\/eltrabajo.cl\/portal\/wp-content\/uploads\/2015\/11\/Angelo-Vergara.jpg?resize=400%2C263&amp;ssl=1 400w, https:\/\/i0.wp.com\/eltrabajo.cl\/portal\/wp-content\/uploads\/2015\/11\/Angelo-Vergara.jpg?w=530&amp;ssl=1 530w\" sizes=\"auto, (max-width: 300px) 100vw, 300px\" \/><\/a><figcaption id=\"caption-attachment-63528\" class=\"wp-caption-text\">\u00c1ngelo Vergara, reclama que le descuentan mucho dinero, y que no merece su hijo esperar cinco horas para ser atendido.<\/figcaption><\/figure>\n<p>Asegurando que recibi\u00f3 una mala atenci\u00f3n en Urgencias del Hospital San Camilo, y que siente mucha rabia porque el dinero que le rebajan en su lugar de trabajo no es congruente con la atenci\u00f3n recibida, nos visit\u00f3 en nuestra Sala de Redacci\u00f3n el se\u00f1or \u00c1ngelo Vergara, quien explic\u00f3 a Diario El Trabajo su malestar.<br \/>\n\u00abMi reclamo es sobre lo que me ocurri\u00f3 el jueves 29 de octubre cuando mi suegra llev\u00f3 a mi hijo Agust\u00edn de cuatro a\u00f1os a Urgencias del Hospital San Camilo con fiebre, v\u00f3mitos y malestar estomacal. Ella lleg\u00f3 a las 9:20 horas cuando le tomaron la presi\u00f3n, y lo atendieron cinco horas despu\u00e9s (\u2026) yo ped\u00ed permiso en mi trabajo para ir a presionar, pero me dijeron que me armara de paciencia. Siento mucha rabia, pues a m\u00ed me descuentan mucho dinero por Salud, y no merezco que me hagan esperar cinco horas para recibir atenci\u00f3n m\u00e9dica de mi hijo\u00bb, indic\u00f3 Vergara.<br \/>\nYa son varias las quejas de usuarios por problemas con pediatras en Urgencias, el mes pasado nuestro medio expuso esta situaci\u00f3n, en esa ocasi\u00f3n tambi\u00e9n hubo respuesta a nuestras consultas y las de los usuarios.<\/p>\n<p><strong>RESPUESTA OFICIAL<\/strong><br \/>\nDiario El Trabajo pidi\u00f3 nuevamente explicaciones al Depto. de Comunicaciones de ese centro hospitalario, a lo que respondieron asegurando por medio de un comunicado, lo siguiente:<br \/>\nEl Hospital San Camilo a trav\u00e9s de su servicio de Urgencias tiene como misi\u00f3n prestar atenci\u00f3n m\u00e9dica a los casos de gravedad cl\u00ednica, para lo cual tiene creado un sistema de categorizaci\u00f3n que permite determinar qu\u00e9 paciente es grave y requiere atenci\u00f3n inmediata y qu\u00e9 paciente no es de urgencia.<br \/>\nDe esta manera, debido a la alta cantidad de usuarios que concurren diariamente, el establecimiento siempre privilegiar\u00e1 a los casos m\u00e1s complejos, gener\u00e1ndose tiempos de espera para aquellos que no presentan cuadros de gravedad. Esta metodolog\u00eda garantiza que ning\u00fan paciente que requiera atenci\u00f3n inmediata se quede sin ella. Por otra parte, todos aquellos pacientes que no la requieren, categorizados como C4 \u00f3 C5, pueden consultar en los centros preparados para ello, como los Cesfam o el Sapu, ya que su cuadro no requiere ser atendido de inmediato y de esta manera apoyar la descongesti\u00f3n del servicio.<br \/>\nA su vez, el Ministerio de Salud ha creado un sistema de apoyo a la atenci\u00f3n cl\u00ednica denominado Salud Responde, el cual, cuenta con diversos profesionales, incluso m\u00e9dicos, para responder y orientar a todos los usuarios que tengan dudas respecto de si solicitar atenci\u00f3n o no y d\u00f3nde ser\u00eda prudente hacerlo. Su n\u00famero es el 600-360-7777, el cual permite incluso que si usted no tiene saldo, deje el mensaje para ser llamado de vuelta.<br \/>\n<strong>Roberto Gonz\u00e1lez Short<\/strong><br \/>\n<strong>rgonzalez@eltrabajo<\/strong><\/p>\n","protected":false},"excerpt":{"rendered":"<p>Asegurando que recibi\u00f3 una mala atenci\u00f3n en Urgencias del Hospital San Camilo, y que siente mucha rabia porque el dinero que le rebajan en su lugar de trabajo no es congruente con&#8230;<\/p>\n","protected":false},"author":482,"featured_media":63528,"comment_status":"open","ping_status":"open","sticky":false,"template":"","format":"standard","meta":{"advanced_seo_description":"","jetpack_seo_html_title":"","jetpack_seo_noindex":false,"_jetpack_memberships_contains_paid_content":false,"footnotes":""},"categories":[1],"tags":[],"class_list":["post-63527","post","type-post","status-publish","format-standard","has-post-thumbnail","hentry","category-cronica"],"jetpack_featured_media_url":"https:\/\/i0.wp.com\/eltrabajo.cl\/portal\/wp-content\/uploads\/2015\/11\/Angelo-Vergara.jpg?fit=530%2C348&ssl=1","jetpack_sharing_enabled":true,"jetpack_likes_enabled":true,"jetpack-related-posts":[],"_links":{"self":[{"href":"https:\/\/eltrabajo.cl\/portal\/wp-json\/wp\/v2\/posts\/63527","targetHints":{"allow":["GET"]}}],"collection":[{"href":"https:\/\/eltrabajo.cl\/portal\/wp-json\/wp\/v2\/posts"}],"about":[{"href":"https:\/\/eltrabajo.cl\/portal\/wp-json\/wp\/v2\/types\/post"}],"author":[{"embeddable":true,"href":"https:\/\/eltrabajo.cl\/portal\/wp-json\/wp\/v2\/users\/482"}],"replies":[{"embeddable":true,"href":"https:\/\/eltrabajo.cl\/portal\/wp-json\/wp\/v2\/comments?post=63527"}],"version-history":[{"count":0,"href":"https:\/\/eltrabajo.cl\/portal\/wp-json\/wp\/v2\/posts\/63527\/revisions"}],"wp:featuredmedia":[{"embeddable":true,"href":"https:\/\/eltrabajo.cl\/portal\/wp-json\/wp\/v2\/media\/63528"}],"wp:attachment":[{"href":"https:\/\/eltrabajo.cl\/portal\/wp-json\/wp\/v2\/media?parent=63527"}],"wp:term":[{"taxonomy":"category","embeddable":true,"href":"https:\/\/eltrabajo.cl\/portal\/wp-json\/wp\/v2\/categories?post=63527"},{"taxonomy":"post_tag","embeddable":true,"href":"https:\/\/eltrabajo.cl\/portal\/wp-json\/wp\/v2\/tags?post=63527"}],"curies":[{"name":"wp","href":"https:\/\/api.w.org\/{rel}","templated":true}]}}