{"id":63542,"date":"2015-11-04T09:44:30","date_gmt":"2015-11-04T12:44:30","guid":{"rendered":"http:\/\/www.eltrabajo.cl\/portal\/?p=63542"},"modified":"2015-11-04T09:44:30","modified_gmt":"2015-11-04T12:44:30","slug":"%ef%bb%bf%ef%bb%bfcomenzaron-perforaciones-por-proyecto-minero-de-andes-cooper-en-los-patos","status":"publish","type":"post","link":"https:\/\/eltrabajo.cl\/portal\/%ef%bb%bf%ef%bb%bfcomenzaron-perforaciones-por-proyecto-minero-de-andes-cooper-en-los-patos\/","title":{"rendered":"\ufeff\ufeffComenzaron perforaciones por proyecto minero de Andes Cooper en Los Patos"},"content":{"rendered":"<figure id=\"attachment_63543\" aria-describedby=\"caption-attachment-63543\" style=\"width: 300px\" class=\"wp-caption alignleft\"><a href=\"https:\/\/i0.wp.com\/www.eltrabajo.cl\/portal\/wp-content\/uploads\/2015\/11\/RIO-ROCIN.jpg\"><img data-recalc-dims=\"1\" loading=\"lazy\" decoding=\"async\" class=\"wp-image-63543 size-medium\" src=\"https:\/\/i0.wp.com\/www.eltrabajo.cl\/portal\/wp-content\/uploads\/2015\/11\/RIO-ROCIN-300x198.jpg?resize=300%2C198\" alt=\"Seg\u00fan la informaci\u00f3n entregada, se construy\u00f3 en el R\u00edo Roc\u00edn una especie de represa que estar\u00eda acumulando agua proveniente de quebradas y vertientes y estar\u00eda siendo ocupada por las maquinas que ejecutan las perforaciones.\" width=\"300\" height=\"198\" srcset=\"https:\/\/i0.wp.com\/eltrabajo.cl\/portal\/wp-content\/uploads\/2015\/11\/RIO-ROCIN.jpg?resize=300%2C198&amp;ssl=1 300w, https:\/\/i0.wp.com\/eltrabajo.cl\/portal\/wp-content\/uploads\/2015\/11\/RIO-ROCIN.jpg?resize=200%2C132&amp;ssl=1 200w, https:\/\/i0.wp.com\/eltrabajo.cl\/portal\/wp-content\/uploads\/2015\/11\/RIO-ROCIN.jpg?resize=228%2C150&amp;ssl=1 228w, https:\/\/i0.wp.com\/eltrabajo.cl\/portal\/wp-content\/uploads\/2015\/11\/RIO-ROCIN.jpg?resize=400%2C263&amp;ssl=1 400w, https:\/\/i0.wp.com\/eltrabajo.cl\/portal\/wp-content\/uploads\/2015\/11\/RIO-ROCIN.jpg?w=530&amp;ssl=1 530w\" sizes=\"auto, (max-width: 300px) 100vw, 300px\" \/><\/a><figcaption id=\"caption-attachment-63543\" class=\"wp-caption-text\">Seg\u00fan la informaci\u00f3n entregada, se construy\u00f3 en el R\u00edo Roc\u00edn una especie de represa que estar\u00eda acumulando agua proveniente de quebradas y vertientes y estar\u00eda siendo ocupada por las maquinas que ejecutan las perforaciones.<\/figcaption><\/figure>\n<p><strong>PUTAENDO<\/strong>.- Un grupo de 45 mineros expertos en perforaciones o sondajes y provenientes de Copiap\u00f3, estar\u00edan trabajando en dos turnos durante las 24 horas del d\u00eda en el Campamento Las Tejas al interior de Los Patos, donde la empresa canadiense Andes Cooper pretende desarrollar el proyecto minero Vizcachitas.<br \/>\nEsta informaci\u00f3n lleg\u00f3 a nuestro medio a trav\u00e9s de los mismos trabajadores, quienes confirmaron que desde hace un par de semanas se encuentran trabajando en dos turnos de 12 horas cada uno para desarrollar sondajes, incluso con profundidades superiores a los mil metros.<br \/>\nLa informaci\u00f3n entregada adem\u00e1s indica que al interior del R\u00edo Roc\u00edn se construy\u00f3 una especie de represa o tranque que estar\u00eda acumulando toda el agua proveniente de quebradas y vertientes que estar\u00edan siendo ocupadas por las maquinas que ejecutan las perforaciones.<br \/>\nLos trabajadores, que pidieron expresamente el resguardo de sus identidades por miedo a ser despedidos, aseguraron adem\u00e1s que donde se pretende construir el proyecto hidroel\u00e9ctrico ya comenzaron los trabajos de perforaciones para mediante \u2018calicatas\u2019 ver la calidad del terreno y rocas.<br \/>\nEl gran flujo de camiones y camionetas, facilitado a trav\u00e9s del ensanchamiento del camino de acceso al sector Las Tejas, forma parte del diario movimiento, que de acuerdo a lo expresado por los trabajadores, no cesa durante las 24 horas, y para fomentar aquello la empresa canadiense habilit\u00f3 nuevas instalaciones para ellos, que contar\u00edan con televisi\u00f3n satelital, wi-fi, sala de descanso y hasta un chef.<br \/>\nSeg\u00fan lo se\u00f1alado por estos trabajadores, tambi\u00e9n les fue informado que el proyecto apunta a realizar m\u00e1s de 5.000 metros cuadrados de perforaciones durante este mes, pues la empresa estar\u00eda cerca de vender el proyecto Vizachitas a el consorcio minero Luksic.<br \/>\nEsta informaci\u00f3n, seg\u00fan nuestras fuentes, ya estar\u00eda en conocimiento de algunas autoridades comunales y provinciales, las que se pronunciar\u00edan al respecto en las pr\u00f3ximas horas.<br \/>\nContactamos a representantes de Andes Cooper para obtener su versi\u00f3n respecto a estos antecedentes, e indicaron que las labores de sondaje que actualmente desarrollan, asociadas al proceso de exploraci\u00f3n vinculado con el proyecto minero Vizcachitas, corresponden a un procedimiento normal dentro de la gesti\u00f3n de cualquier proyecto minero.<br \/>\nEn este contexto, desde la empresa se dijo que actualmente la campa\u00f1a de sondaje involucra aproximadamente a 32 personas trabajando en forma permanente, n\u00famero que podr\u00eda elevarse en ocasiones puntuales aproximadamente a 45 personas.<br \/>\nDe acuerdo a lo manifestado por Andes Cooper, estas labores de sondaje de exploraci\u00f3n cuentan con los permisos pertinentes, mientras que en lo que se refiere al uso del agua, precisaron que no se est\u00e1 utilizando agua del R\u00edo Roc\u00edn y que act\u00faan en relaci\u00f3n a lo que dictamina la ley minera.<br \/>\n<strong>Patricio Gallardo M.<\/strong><\/p>\n","protected":false},"excerpt":{"rendered":"<p>PUTAENDO.- Un grupo de 45 mineros expertos en perforaciones o sondajes y provenientes de Copiap\u00f3, estar\u00edan trabajando en dos turnos durante las 24 horas del d\u00eda en el Campamento Las Tejas al&#8230;<\/p>\n","protected":false},"author":482,"featured_media":63543,"comment_status":"open","ping_status":"open","sticky":false,"template":"","format":"standard","meta":{"advanced_seo_description":"","jetpack_seo_html_title":"","jetpack_seo_noindex":false,"_jetpack_memberships_contains_paid_content":false,"footnotes":""},"categories":[1],"tags":[],"class_list":["post-63542","post","type-post","status-publish","format-standard","has-post-thumbnail","hentry","category-cronica"],"jetpack_featured_media_url":"https:\/\/i0.wp.com\/eltrabajo.cl\/portal\/wp-content\/uploads\/2015\/11\/RIO-ROCIN.jpg?fit=530%2C349&ssl=1","jetpack_sharing_enabled":true,"jetpack_likes_enabled":true,"jetpack-related-posts":[],"_links":{"self":[{"href":"https:\/\/eltrabajo.cl\/portal\/wp-json\/wp\/v2\/posts\/63542","targetHints":{"allow":["GET"]}}],"collection":[{"href":"https:\/\/eltrabajo.cl\/portal\/wp-json\/wp\/v2\/posts"}],"about":[{"href":"https:\/\/eltrabajo.cl\/portal\/wp-json\/wp\/v2\/types\/post"}],"author":[{"embeddable":true,"href":"https:\/\/eltrabajo.cl\/portal\/wp-json\/wp\/v2\/users\/482"}],"replies":[{"embeddable":true,"href":"https:\/\/eltrabajo.cl\/portal\/wp-json\/wp\/v2\/comments?post=63542"}],"version-history":[{"count":0,"href":"https:\/\/eltrabajo.cl\/portal\/wp-json\/wp\/v2\/posts\/63542\/revisions"}],"wp:featuredmedia":[{"embeddable":true,"href":"https:\/\/eltrabajo.cl\/portal\/wp-json\/wp\/v2\/media\/63543"}],"wp:attachment":[{"href":"https:\/\/eltrabajo.cl\/portal\/wp-json\/wp\/v2\/media?parent=63542"}],"wp:term":[{"taxonomy":"category","embeddable":true,"href":"https:\/\/eltrabajo.cl\/portal\/wp-json\/wp\/v2\/categories?post=63542"},{"taxonomy":"post_tag","embeddable":true,"href":"https:\/\/eltrabajo.cl\/portal\/wp-json\/wp\/v2\/tags?post=63542"}],"curies":[{"name":"wp","href":"https:\/\/api.w.org\/{rel}","templated":true}]}}