{"id":63545,"date":"2015-11-04T09:54:45","date_gmt":"2015-11-04T12:54:45","guid":{"rendered":"http:\/\/www.eltrabajo.cl\/portal\/?p=63545"},"modified":"2015-11-04T09:54:45","modified_gmt":"2015-11-04T12:54:45","slug":"conductor-de-camioneta-se-refiere-a-tragedia-en-manso-de-velasco-si-no-me-impacta-a-mi-se-habria-estrellado-contra-la-muralla","status":"publish","type":"post","link":"https:\/\/eltrabajo.cl\/portal\/conductor-de-camioneta-se-refiere-a-tragedia-en-manso-de-velasco-si-no-me-impacta-a-mi-se-habria-estrellado-contra-la-muralla\/","title":{"rendered":"Conductor de camioneta se refiere a tragedia en Manso de Velasco:\u00a0\u201cSi no me impacta a m\u00ed se habr\u00eda estrellado contra la muralla\u201d"},"content":{"rendered":"<figure id=\"attachment_63546\" aria-describedby=\"caption-attachment-63546\" style=\"width: 300px\" class=\"wp-caption alignleft\"><a href=\"https:\/\/i0.wp.com\/www.eltrabajo.cl\/portal\/wp-content\/uploads\/2015\/11\/ACCIDENTE-1.jpg\"><img data-recalc-dims=\"1\" loading=\"lazy\" decoding=\"async\" class=\"wp-image-63546 size-medium\" src=\"https:\/\/i0.wp.com\/www.eltrabajo.cl\/portal\/wp-content\/uploads\/2015\/11\/ACCIDENTE-1-300x198.jpg?resize=300%2C198\" alt=\"El grave accidente ocurri\u00f3 cerca de las 04:00 horas de la madrugada del domingo en la avenida Manso de Velasco de la comuna de San Felipe.\" width=\"300\" height=\"198\" srcset=\"https:\/\/i0.wp.com\/eltrabajo.cl\/portal\/wp-content\/uploads\/2015\/11\/ACCIDENTE-1.jpg?resize=300%2C198&amp;ssl=1 300w, https:\/\/i0.wp.com\/eltrabajo.cl\/portal\/wp-content\/uploads\/2015\/11\/ACCIDENTE-1.jpg?resize=200%2C132&amp;ssl=1 200w, https:\/\/i0.wp.com\/eltrabajo.cl\/portal\/wp-content\/uploads\/2015\/11\/ACCIDENTE-1.jpg?resize=228%2C150&amp;ssl=1 228w, https:\/\/i0.wp.com\/eltrabajo.cl\/portal\/wp-content\/uploads\/2015\/11\/ACCIDENTE-1.jpg?resize=400%2C263&amp;ssl=1 400w, https:\/\/i0.wp.com\/eltrabajo.cl\/portal\/wp-content\/uploads\/2015\/11\/ACCIDENTE-1.jpg?w=530&amp;ssl=1 530w\" sizes=\"auto, (max-width: 300px) 100vw, 300px\" \/><\/a><figcaption id=\"caption-attachment-63546\" class=\"wp-caption-text\">El grave accidente ocurri\u00f3 cerca de las 04:00 horas de la madrugada del domingo en la avenida Manso de Velasco de la comuna de San Felipe.<\/figcaption><\/figure>\n<ul>\n<li><strong>En entrevista exclusiva a Diario El Trabajo, el comerciante putaendino Roberto Lobos Leiva, involucrado en un accidente ocurrido la madrugada del domingo en avenida Manso de Velasco de San Felipe, revela algunos detalles de los sucesos acaecidos tras el fatal accidente de Jos\u00e9 Vilches Navea, padre de una peque\u00f1a hija.<\/strong><\/li>\n<\/ul>\n<p>Conmocionado y en visible estado de shock por presenciar la tr\u00e1gica muerte de un joven motorista, Roberto Adri\u00e1n Lobos Leiva a trav\u00e9s de esta entrevista pretende esclarecer el fatal accidente del cual se convirti\u00f3 en protagonista la madrugada del pasado domingo. Seg\u00fan revela, Jos\u00e9 Alejandro Vilches Navea habr\u00eda perdido el control de su m\u00f3vil traspasando el eje de la calzada a gran velocidad, impactando directamente la camioneta conducida por Lobos.<br \/>\nA consecuencia de este accidente que se mantiene en investigaci\u00f3n por parte de la Siat de Carabineros, el joven motoquero falleci\u00f3 v\u00edctima de las m\u00faltiples lesiones y fracturas en su cuerpo, tras salir eyectado del veh\u00edculo de dos ruedas, cuyo m\u00f3vil qued\u00f3 literalmente bajo las ruedas de la camioneta que circulaba en direcci\u00f3n al norte por la avenida Manso de Velasco en San Felipe a eso de las 04:00 horas de la madrugada.<br \/>\nPor el otro lado de la moneda, seg\u00fan el parte policial, Roberto Lobos Leiva conduc\u00eda bajo los efectos del alcohol, sin su licencia de conducir y la revisi\u00f3n t\u00e9cnica vencida de la camioneta Chevrolet en la que circulaba. Este conductor durante el procedimiento fue detenido por Carabineros para ser sometido al examen de intoxilyzer que revel\u00f3 la presencia de alcohol en la sangre, mismo que deber\u00e1 ser cotejado con la muestra sangu\u00ednea aplicada en el Hospital San Camilo.<br \/>\nSin embargo por instrucci\u00f3n del Fiscal de turno, Lobos fue dejado en libertad a la espera de citaci\u00f3n de la Fiscal\u00eda que se mantiene a la espera de las pericias de la Siat de Carabineros en base a las presuntas responsabilidades que recaen en ambos conductores, donde uno de ellos result\u00f3 fallecido.<br \/>\nPor medio de esta entrevista, Roberto Lobos Leiva quien se desempe\u00f1a como comerciante en la comuna de Putaendo, revela algunos antecedentes para esclarecer este terrible accidente de tr\u00e1nsito de manera preliminar, recalcando que todo se debi\u00f3 a un hecho fortuito con tr\u00e1gicas consecuencias que lamenta haber protagonizado.<br \/>\n<strong>&#8211; \u00bfC\u00f3mo ocurrieron los hechos?<\/strong><br \/>\n<strong>&#8211;<\/strong> Fui a realizar una entrega a Las Vegas, volv\u00ed a cargar combustible en el Puente El Rey y me dirig\u00eda en direcci\u00f3n hacia Putaendo y al tomar la curva despu\u00e9s del sem\u00e1foro me percato del joven que ven\u00eda en moto y con la velocidad que tra\u00eda, no pudo controlar su m\u00f3vil y se vino hacia mi camioneta (\u2026) El joven sali\u00f3 eyectado y pas\u00f3 sobre mi camioneta y la moto qued\u00f3 debajo de las ruedas porque nosotros ven\u00edamos a baja velocidad.<br \/>\n<strong>&#8211; Lo que usted refiere es que \u00bfel motorista traspas\u00f3 el eje de la calzada? <\/strong><br \/>\n<strong>&#8211;<\/strong> El motorista traspas\u00f3 el eje de la calzada y con el m\u00f3vil sin control. \u00c9l sali\u00f3 (eyectado) antes de chocar su moto con mi camioneta, \u00e9l cay\u00f3 detr\u00e1s de mi camioneta y la moto se incrust\u00f3 debajo. Si el joven se hubiese metido con todo y moto, hubiera quedado \u00e9l tambi\u00e9n debajo de mi veh\u00edculo. Fueron mil\u00e9simas de segundos que pas\u00f3 este accidente. Tengo otros testigos y mi acompa\u00f1ante que prestaron declaraci\u00f3n en Carabineros.<br \/>\n<strong>&#8211; \u00bfC\u00f3mo fue el procedimiento de Carabineros?<\/strong><br \/>\n<strong>&#8211;<\/strong> Como a las 06:30 de la ma\u00f1ana me pusieron las esposas, me llevaron al Hospital (\u2026) Independientemente del test de alcoholemia, el accidente no fue provocado por m\u00ed, en ninguna circunstancia. Lo que yo quiero esclarecer es que la camioneta no choc\u00f3 la moto, fue lo contrario, yo no me sal\u00ed de mi pista.<br \/>\n<strong>&#8211; \u00bfLe aplicaron intoxilyzer?<\/strong><br \/>\n<strong>&#8211;<\/strong> S\u00ed y tambi\u00e9n un examen sangu\u00edneo en el Hospital.<br \/>\n<strong>&#8211; \u00bfUsted iba bajo los efectos del alcohol?<\/strong><br \/>\n<strong>&#8211;<\/strong> Eso tiene que pregunt\u00e1rselo al Fiscal o el Juez encargado de la investigaci\u00f3n, yo no tuve acceso a esa informaci\u00f3n, yo me acost\u00e9 a dormir a las 20:00 horas me levant\u00e9 a las 03:00 de la madrugada a dejar mi mercader\u00eda, antes de acostarme me tom\u00e9 una cerveza y me com\u00ed una ensalada con vinagre casero (\u2026) eso lo dir\u00e1n los resultados periciales del Hospital. Si yo hubiera estado bajo los efectos del alcohol, hubiera quedado detenido y seg\u00fan la Ley hubiera pasado a control de detenci\u00f3n.<br \/>\n<strong>&#8211; Pero el parte policial tipifica que usted consumi\u00f3 alcohol<\/strong><br \/>\n<strong>&#8211;<\/strong> La \u00fanica multa que me curs\u00f3 la autoridad policial y judicial fue un parte por conducir sin licencia de conducir y los papeles vencidos de la camioneta y que esperara una posible citaci\u00f3n al tribunal. A m\u00ed no me han pasado un parte por conducir en estado de ebriedad ni bajo los efectos del alcohol.<br \/>\n<strong>&#8211; Entonces \u00bfusted no tiene licencia de conducir?<\/strong><br \/>\n<strong>&#8211;<\/strong> Si tengo, pero se me extravi\u00f3. Tengo un aviso de p\u00e9rdida de documentos en la Tenencia de Carabineros en Putaendo. Ese es el \u00fanico delito que he cometido: andar sin licencia y con papeles vencidos, pero el accidente no lo ocasion\u00e9 yo, no cruc\u00e9 el eje central, nunca choqu\u00e9 la moto, no anduve a alta velocidad, no quiero que se diga que yo provoqu\u00e9 el accidente.<br \/>\n<strong>&#8211; Seg\u00fan informaci\u00f3n de Carabineros \u00bfUsted en el a\u00f1o 2010 fue condenado por conducir en estado de ebriedad?<\/strong><br \/>\n<strong>&#8211;<\/strong> Ese es otro tema que no viene al caso en este momento, bas\u00e9monos en las disculpas que yo le ofrezco a esta familia, pero no nos basemos en causas pasadas (\u2026).<br \/>\n<strong>&#8211; \u00bfC\u00f3mo se siente en estos momentos?<\/strong><br \/>\n<strong>&#8211;<\/strong> Es una cosa muy tr\u00e1gica para todas las personas involucradas, para la familia de este joven que perdi\u00f3 la vida en un accidente. Imag\u00ednese c\u00f3mo me siento yo de haberlo visto morir. El Samu se demor\u00f3 entre 30 a 40 minutos en llegar (\u2026) todav\u00eda estoy choqueado con todo esto, pero no tengo ninguna responsabilidad en el accidente.<br \/>\n<strong>&#8211; \u00bfCu\u00e1l es el mensaje que le entregar\u00eda a la familia del fallecido?<\/strong><br \/>\n<strong>&#8211;<\/strong> Decirles que todo fue un accidente, que no piensen que yo lo choqu\u00e9 a \u00e9l, c\u00f3mo le puedo explicar eso a la familia, \u00bfqu\u00e9 es lo que dice la prensa? Que yo lo mat\u00e9. Yo espero que salga la verdad porque yo voy a vivir con el karma de haber visto morir un joven (\u2026) No s\u00e9 cu\u00e1les fueron los motivos por qu\u00e9 perdi\u00f3 el control de su m\u00f3vil.<br \/>\n<strong>&#8211; \u00bfCu\u00e1l es la moraleja que le deja esta desgracia?<\/strong><br \/>\n<strong>&#8211;<\/strong> Que los accidentes pasan y uno no lo espera, siempre son por fallas humanas pero yo no podr\u00eda decir porque tampoco me puedo limitar. Si el joven no me hubiera impactado a m\u00ed, hubiera impactado la muralla. Los accidentes pasan, todos los d\u00edas los hay. No podr\u00eda decir nada del joven porque no lo conozco, yo no s\u00e9 si \u00e9l ven\u00eda en estado de ebriedad o si le dio un infarto y perdi\u00f3 el control de su moto (\u2026) Si yo tengo alguna responsabilidad en este accidente, no le quede duda que yo voy a cumplir la condena como corresponda, pero creo que no es el caso porque no tengo responsabilidad.<br \/>\n<strong>Pablo Salinas Sald\u00edas<\/strong><\/p>\n<div class=\"tiled-gallery type-rectangular tiled-gallery-unresized\" data-original-width=\"640\" data-carousel-extra='null' itemscope itemtype=\"http:\/\/schema.org\/ImageGallery\" > <div class=\"gallery-row\" style=\"width: 640px; height: 283px;\" data-original-width=\"640\" data-original-height=\"283\" > <div class=\"gallery-group images-1\" style=\"width: 428px; height: 283px;\" data-original-width=\"428\" data-original-height=\"283\" > <div class=\"tiled-gallery-item tiled-gallery-item-large\" itemprop=\"associatedMedia\" itemscope itemtype=\"http:\/\/schema.org\/ImageObject\"> <a href=\"https:\/\/eltrabajo.cl\/portal\/conductor-de-camioneta-se-refiere-a-tragedia-en-manso-de-velasco-si-no-me-impacta-a-mi-se-habria-estrellado-contra-la-muralla\/jose-vilches-navea-2\/\" border=\"0\" itemprop=\"url\"> <meta itemprop=\"width\" content=\"424\"> <meta itemprop=\"height\" content=\"279\"> <img decoding=\"async\" class=\"\" data-attachment-id=\"63548\" data-orig-file=\"https:\/\/eltrabajo.cl\/portal\/wp-content\/uploads\/2015\/11\/JOSE-VILCHES-NAVEA1.jpg\" data-orig-size=\"530,349\" data-comments-opened=\"1\" data-image-meta=\"{&quot;aperture&quot;:&quot;0&quot;,&quot;credit&quot;:&quot;&quot;,&quot;camera&quot;:&quot;&quot;,&quot;caption&quot;:&quot;&quot;,&quot;created_timestamp&quot;:&quot;0&quot;,&quot;copyright&quot;:&quot;&quot;,&quot;focal_length&quot;:&quot;0&quot;,&quot;iso&quot;:&quot;0&quot;,&quot;shutter_speed&quot;:&quot;0&quot;,&quot;title&quot;:&quot;&quot;,&quot;orientation&quot;:&quot;0&quot;}\" data-image-title=\"JOSE VILCHES NAVEA\" data-image-description=\"&lt;p&gt;Jos\u00e9 Vilches Navea ten\u00eda 27 a\u00f1os de edad, padre de una peque\u00f1a hija.&lt;\/p&gt; \" data-medium-file=\"https:\/\/i0.wp.com\/eltrabajo.cl\/portal\/wp-content\/uploads\/2015\/11\/JOSE-VILCHES-NAVEA1.jpg?fit=300%2C198&#038;ssl=1\" data-large-file=\"https:\/\/i0.wp.com\/eltrabajo.cl\/portal\/wp-content\/uploads\/2015\/11\/JOSE-VILCHES-NAVEA1.jpg?fit=530%2C349&#038;ssl=1\" src=\"https:\/\/i0.wp.com\/eltrabajo.cl\/portal\/wp-content\/uploads\/2015\/11\/JOSE-VILCHES-NAVEA1.jpg?w=424&#038;h=279&#038;ssl=1\" srcset=\"https:\/\/i0.wp.com\/eltrabajo.cl\/portal\/wp-content\/uploads\/2015\/11\/JOSE-VILCHES-NAVEA1.jpg?w=530&amp;ssl=1 530w, https:\/\/i0.wp.com\/eltrabajo.cl\/portal\/wp-content\/uploads\/2015\/11\/JOSE-VILCHES-NAVEA1.jpg?resize=200%2C132&amp;ssl=1 200w, https:\/\/i0.wp.com\/eltrabajo.cl\/portal\/wp-content\/uploads\/2015\/11\/JOSE-VILCHES-NAVEA1.jpg?resize=300%2C198&amp;ssl=1 300w, https:\/\/i0.wp.com\/eltrabajo.cl\/portal\/wp-content\/uploads\/2015\/11\/JOSE-VILCHES-NAVEA1.jpg?resize=228%2C150&amp;ssl=1 228w, https:\/\/i0.wp.com\/eltrabajo.cl\/portal\/wp-content\/uploads\/2015\/11\/JOSE-VILCHES-NAVEA1.jpg?resize=400%2C263&amp;ssl=1 400w\" width=\"424\" height=\"279\" loading=\"lazy\" data-original-width=\"424\" data-original-height=\"279\" itemprop=\"http:\/\/schema.org\/image\" title=\"JOSE VILCHES NAVEA\" alt=\"Jos\u00e9 Vilches Navea ten\u00eda 27 a\u00f1os de edad, padre de una peque\u00f1a hija.\" style=\"width: 424px; height: 279px;\" \/> <\/a> <div class=\"tiled-gallery-caption\" itemprop=\"caption description\"> Jos\u00e9 Vilches Navea ten\u00eda 27 a\u00f1os de edad, padre de una peque\u00f1a hija. <\/div> <\/div> <\/div> <!-- close group --> <div class=\"gallery-group images-2\" style=\"width: 212px; height: 283px;\" data-original-width=\"212\" data-original-height=\"283\" > <div class=\"tiled-gallery-item tiled-gallery-item-small\" itemprop=\"associatedMedia\" itemscope itemtype=\"http:\/\/schema.org\/ImageObject\"> <a href=\"https:\/\/eltrabajo.cl\/portal\/conductor-de-camioneta-se-refiere-a-tragedia-en-manso-de-velasco-si-no-me-impacta-a-mi-se-habria-estrellado-contra-la-muralla\/moto2-5\/\" border=\"0\" itemprop=\"url\"> <meta itemprop=\"width\" content=\"208\"> <meta itemprop=\"height\" content=\"138\"> <img decoding=\"async\" class=\"\" data-attachment-id=\"63549\" data-orig-file=\"https:\/\/eltrabajo.cl\/portal\/wp-content\/uploads\/2015\/11\/MOTO21.jpg\" data-orig-size=\"530,350\" data-comments-opened=\"1\" data-image-meta=\"{&quot;aperture&quot;:&quot;0&quot;,&quot;credit&quot;:&quot;&quot;,&quot;camera&quot;:&quot;&quot;,&quot;caption&quot;:&quot;&quot;,&quot;created_timestamp&quot;:&quot;0&quot;,&quot;copyright&quot;:&quot;&quot;,&quot;focal_length&quot;:&quot;0&quot;,&quot;iso&quot;:&quot;0&quot;,&quot;shutter_speed&quot;:&quot;0&quot;,&quot;title&quot;:&quot;&quot;,&quot;orientation&quot;:&quot;0&quot;}\" data-image-title=\"MOTO2\" data-image-description=\"&lt;p&gt;La moto conducida por Jos\u00e9 Vilches Navea qued\u00f3 incrustada bajo la camioneta.&lt;\/p&gt; \" data-medium-file=\"https:\/\/i0.wp.com\/eltrabajo.cl\/portal\/wp-content\/uploads\/2015\/11\/MOTO21.jpg?fit=300%2C198&#038;ssl=1\" data-large-file=\"https:\/\/i0.wp.com\/eltrabajo.cl\/portal\/wp-content\/uploads\/2015\/11\/MOTO21.jpg?fit=530%2C350&#038;ssl=1\" src=\"https:\/\/i0.wp.com\/eltrabajo.cl\/portal\/wp-content\/uploads\/2015\/11\/MOTO21.jpg?w=208&#038;h=138&#038;ssl=1\" srcset=\"https:\/\/i0.wp.com\/eltrabajo.cl\/portal\/wp-content\/uploads\/2015\/11\/MOTO21.jpg?w=530&amp;ssl=1 530w, https:\/\/i0.wp.com\/eltrabajo.cl\/portal\/wp-content\/uploads\/2015\/11\/MOTO21.jpg?resize=200%2C132&amp;ssl=1 200w, https:\/\/i0.wp.com\/eltrabajo.cl\/portal\/wp-content\/uploads\/2015\/11\/MOTO21.jpg?resize=300%2C198&amp;ssl=1 300w, https:\/\/i0.wp.com\/eltrabajo.cl\/portal\/wp-content\/uploads\/2015\/11\/MOTO21.jpg?resize=227%2C150&amp;ssl=1 227w, https:\/\/i0.wp.com\/eltrabajo.cl\/portal\/wp-content\/uploads\/2015\/11\/MOTO21.jpg?resize=400%2C264&amp;ssl=1 400w\" width=\"208\" height=\"138\" loading=\"lazy\" data-original-width=\"208\" data-original-height=\"138\" itemprop=\"http:\/\/schema.org\/image\" title=\"MOTO2\" alt=\"La moto conducida por Jos\u00e9 Vilches Navea qued\u00f3 incrustada bajo la camioneta.\" style=\"width: 208px; height: 138px;\" \/> <\/a> <div class=\"tiled-gallery-caption\" itemprop=\"caption description\"> La moto conducida por Jos\u00e9 Vilches Navea qued\u00f3 incrustada bajo la camioneta. <\/div> <\/div> <div class=\"tiled-gallery-item tiled-gallery-item-small\" itemprop=\"associatedMedia\" itemscope itemtype=\"http:\/\/schema.org\/ImageObject\"> <a href=\"https:\/\/eltrabajo.cl\/portal\/conductor-de-camioneta-se-refiere-a-tragedia-en-manso-de-velasco-si-no-me-impacta-a-mi-se-habria-estrellado-contra-la-muralla\/accidente-2-7\/\" border=\"0\" itemprop=\"url\"> <meta itemprop=\"width\" content=\"208\"> <meta itemprop=\"height\" content=\"137\"> <img decoding=\"async\" class=\"\" data-attachment-id=\"63547\" data-orig-file=\"https:\/\/eltrabajo.cl\/portal\/wp-content\/uploads\/2015\/11\/ACCIDENTE-21.jpg\" data-orig-size=\"530,349\" data-comments-opened=\"1\" data-image-meta=\"{&quot;aperture&quot;:&quot;0&quot;,&quot;credit&quot;:&quot;&quot;,&quot;camera&quot;:&quot;&quot;,&quot;caption&quot;:&quot;&quot;,&quot;created_timestamp&quot;:&quot;0&quot;,&quot;copyright&quot;:&quot;&quot;,&quot;focal_length&quot;:&quot;0&quot;,&quot;iso&quot;:&quot;0&quot;,&quot;shutter_speed&quot;:&quot;0&quot;,&quot;title&quot;:&quot;&quot;,&quot;orientation&quot;:&quot;0&quot;}\" data-image-title=\"ACCIDENTE 2\" data-image-description=\"&lt;p&gt;El malogrado joven motorista falleci\u00f3 a los pocos minutos del accidente.&lt;\/p&gt; \" data-medium-file=\"https:\/\/i0.wp.com\/eltrabajo.cl\/portal\/wp-content\/uploads\/2015\/11\/ACCIDENTE-21.jpg?fit=300%2C198&#038;ssl=1\" data-large-file=\"https:\/\/i0.wp.com\/eltrabajo.cl\/portal\/wp-content\/uploads\/2015\/11\/ACCIDENTE-21.jpg?fit=530%2C349&#038;ssl=1\" src=\"https:\/\/i0.wp.com\/eltrabajo.cl\/portal\/wp-content\/uploads\/2015\/11\/ACCIDENTE-21.jpg?w=208&#038;h=137&#038;ssl=1\" srcset=\"https:\/\/i0.wp.com\/eltrabajo.cl\/portal\/wp-content\/uploads\/2015\/11\/ACCIDENTE-21.jpg?w=530&amp;ssl=1 530w, https:\/\/i0.wp.com\/eltrabajo.cl\/portal\/wp-content\/uploads\/2015\/11\/ACCIDENTE-21.jpg?resize=200%2C132&amp;ssl=1 200w, https:\/\/i0.wp.com\/eltrabajo.cl\/portal\/wp-content\/uploads\/2015\/11\/ACCIDENTE-21.jpg?resize=300%2C198&amp;ssl=1 300w, https:\/\/i0.wp.com\/eltrabajo.cl\/portal\/wp-content\/uploads\/2015\/11\/ACCIDENTE-21.jpg?resize=228%2C150&amp;ssl=1 228w, https:\/\/i0.wp.com\/eltrabajo.cl\/portal\/wp-content\/uploads\/2015\/11\/ACCIDENTE-21.jpg?resize=400%2C263&amp;ssl=1 400w\" width=\"208\" height=\"137\" loading=\"lazy\" data-original-width=\"208\" data-original-height=\"137\" itemprop=\"http:\/\/schema.org\/image\" title=\"ACCIDENTE 2\" alt=\"El malogrado joven motorista falleci\u00f3 a los pocos minutos del accidente.\" style=\"width: 208px; height: 137px;\" \/> <\/a> <div class=\"tiled-gallery-caption\" itemprop=\"caption description\"> El malogrado joven motorista falleci\u00f3 a los pocos minutos del accidente. <\/div> <\/div> <\/div> <!-- close group --> <\/div> <!-- close row --> <\/div>\n","protected":false},"excerpt":{"rendered":"<p>En entrevista exclusiva a Diario El Trabajo, el comerciante putaendino Roberto Lobos Leiva, involucrado en un accidente ocurrido la madrugada del domingo en avenida Manso de Velasco de San Felipe, revela algunos&#8230;<\/p>\n","protected":false},"author":482,"featured_media":63546,"comment_status":"open","ping_status":"open","sticky":false,"template":"","format":"standard","meta":{"advanced_seo_description":"","jetpack_seo_html_title":"","jetpack_seo_noindex":false,"_jetpack_memberships_contains_paid_content":false,"footnotes":""},"categories":[15],"tags":[],"class_list":["post-63545","post","type-post","status-publish","format-standard","has-post-thumbnail","hentry","category-comunidad"],"jetpack_featured_media_url":"https:\/\/i0.wp.com\/eltrabajo.cl\/portal\/wp-content\/uploads\/2015\/11\/ACCIDENTE-1.jpg?fit=530%2C349&ssl=1","jetpack_sharing_enabled":true,"jetpack_likes_enabled":true,"jetpack-related-posts":[],"_links":{"self":[{"href":"https:\/\/eltrabajo.cl\/portal\/wp-json\/wp\/v2\/posts\/63545","targetHints":{"allow":["GET"]}}],"collection":[{"href":"https:\/\/eltrabajo.cl\/portal\/wp-json\/wp\/v2\/posts"}],"about":[{"href":"https:\/\/eltrabajo.cl\/portal\/wp-json\/wp\/v2\/types\/post"}],"author":[{"embeddable":true,"href":"https:\/\/eltrabajo.cl\/portal\/wp-json\/wp\/v2\/users\/482"}],"replies":[{"embeddable":true,"href":"https:\/\/eltrabajo.cl\/portal\/wp-json\/wp\/v2\/comments?post=63545"}],"version-history":[{"count":0,"href":"https:\/\/eltrabajo.cl\/portal\/wp-json\/wp\/v2\/posts\/63545\/revisions"}],"wp:featuredmedia":[{"embeddable":true,"href":"https:\/\/eltrabajo.cl\/portal\/wp-json\/wp\/v2\/media\/63546"}],"wp:attachment":[{"href":"https:\/\/eltrabajo.cl\/portal\/wp-json\/wp\/v2\/media?parent=63545"}],"wp:term":[{"taxonomy":"category","embeddable":true,"href":"https:\/\/eltrabajo.cl\/portal\/wp-json\/wp\/v2\/categories?post=63545"},{"taxonomy":"post_tag","embeddable":true,"href":"https:\/\/eltrabajo.cl\/portal\/wp-json\/wp\/v2\/tags?post=63545"}],"curies":[{"name":"wp","href":"https:\/\/api.w.org\/{rel}","templated":true}]}}