{"id":63552,"date":"2015-11-05T09:10:35","date_gmt":"2015-11-05T12:10:35","guid":{"rendered":"http:\/\/www.eltrabajo.cl\/portal\/?p=63552"},"modified":"2015-11-05T09:10:35","modified_gmt":"2015-11-05T12:10:35","slug":"campana-tu-permiso-con-sentido-permitio-esterilizar-a-mas-de-2-mil-mascotas","status":"publish","type":"post","link":"https:\/\/eltrabajo.cl\/portal\/campana-tu-permiso-con-sentido-permitio-esterilizar-a-mas-de-2-mil-mascotas\/","title":{"rendered":"Campa\u00f1a \u2018Tu Permiso Con Sentido\u2019 permiti\u00f3 esterilizar a m\u00e1s de 2 mil mascotas"},"content":{"rendered":"<figure id=\"attachment_63553\" aria-describedby=\"caption-attachment-63553\" style=\"width: 300px\" class=\"wp-caption alignleft\"><a href=\"https:\/\/i0.wp.com\/www.eltrabajo.cl\/portal\/wp-content\/uploads\/2015\/11\/esterilizacion-mascotas-Calle-Larga.jpg\"><img data-recalc-dims=\"1\" loading=\"lazy\" decoding=\"async\" class=\"wp-image-63553 size-medium\" src=\"https:\/\/i0.wp.com\/www.eltrabajo.cl\/portal\/wp-content\/uploads\/2015\/11\/esterilizacion-mascotas-Calle-Larga-300x199.jpg?resize=300%2C199\" alt=\"Le\u00f3n fue la mascota esterilizada n\u00famero 2 mil 84 en ser esterilizada bajo este exitoso programa.\" width=\"300\" height=\"199\" srcset=\"https:\/\/i0.wp.com\/eltrabajo.cl\/portal\/wp-content\/uploads\/2015\/11\/esterilizacion-mascotas-Calle-Larga.jpg?resize=300%2C199&amp;ssl=1 300w, https:\/\/i0.wp.com\/eltrabajo.cl\/portal\/wp-content\/uploads\/2015\/11\/esterilizacion-mascotas-Calle-Larga.jpg?resize=200%2C133&amp;ssl=1 200w, https:\/\/i0.wp.com\/eltrabajo.cl\/portal\/wp-content\/uploads\/2015\/11\/esterilizacion-mascotas-Calle-Larga.jpg?resize=226%2C150&amp;ssl=1 226w, https:\/\/i0.wp.com\/eltrabajo.cl\/portal\/wp-content\/uploads\/2015\/11\/esterilizacion-mascotas-Calle-Larga.jpg?resize=400%2C265&amp;ssl=1 400w, https:\/\/i0.wp.com\/eltrabajo.cl\/portal\/wp-content\/uploads\/2015\/11\/esterilizacion-mascotas-Calle-Larga.jpg?w=528&amp;ssl=1 528w\" sizes=\"auto, (max-width: 300px) 100vw, 300px\" \/><\/a><figcaption id=\"caption-attachment-63553\" class=\"wp-caption-text\">Le\u00f3n fue la mascota esterilizada n\u00famero 2 mil 84 en ser esterilizada bajo este exitoso programa.<\/figcaption><\/figure>\n<ul>\n<li><strong>Pr\u00f3ximamente el municipio realizar\u00e1 una campa\u00f1a que tiene por objetivo instalar un chip en mascotas callejeras o de familias de la comuna y adem\u00e1s se realizar\u00e1n operativos masivos de vacunaci\u00f3n antirr\u00e1bica<\/strong><\/li>\n<\/ul>\n<p><strong>CALLE LARGA.<\/strong>&#8211; Durante el 2014, el municipio encabez\u00f3 la campa\u00f1a \u2018Tu Permiso con Sentido\u2019, cuyo objetivo era que por cada nuevo Permiso de Circulaci\u00f3n obtenido en la comuna, el municipio se compromet\u00eda a esterilizar el mismo n\u00famero de mascotas callejeras.<br \/>\nTras esta campa\u00f1a, un total de 2 mil 84 nuevos Permisos de Circulaci\u00f3n fueron obtenidos en la comuna, raz\u00f3n por la que desde el mes de junio de 2014, comenz\u00f3 la ejecuci\u00f3n de las esterilizaciones, tarea que culmin\u00f3 a fines de octubre de este a\u00f1o, con la esterilizaci\u00f3n de la mascota n\u00famero 2 mil 84.<br \/>\n\u201cUna administraci\u00f3n municipal no s\u00f3lo debe preocuparse de generar obras, sino que tambi\u00e9n de instalar derechos y uno de los derechos que queremos instalar es el respeto a los derechos de los animales. En ese sentido fuimos pioneros. Hoy vemos c\u00f3mo se hace p\u00fablico el tema de la esterilizaci\u00f3n a nivel nacional, sin embargo nosotros empezamos hace cinco a\u00f1o este tipo de iniciativas, que se reforz\u00f3 con la campa\u00f1a gratuita de esterilizaci\u00f3n y que hoy est\u00e1 llegando a su fin de manera sumamente exitosa\u201d, sostuvo el alcalde Nelson Venegas.<br \/>\nPor su parte, el veterinario a cargo del programa de esterilizaci\u00f3n en Calle Larga, Erick Alvarado Barra, destac\u00f3 el \u00e9xito con el que se desarrollaron las intervenciones quir\u00fargicas en dependencias del Hospital Cl\u00ednico Veterinario de Calle Larga.<br \/>\n\u201cEstamos muy orgullosos del proyecto de esterilizaci\u00f3n que se puso hacer en una comuna de escasos recursos donde se hizo una buena labor donde parte fundamental fueron las personas que nos han ayudado y colaborado cuidando a los animalitos y llev\u00e1ndolos a sus controles. Del total de esterilizaciones, solamente tuvimos una baja por concepto de cirug\u00eda, pero el fallecimiento del perrito se produjo por un tumor\u201d, manifest\u00f3 el veterinario.<br \/>\nCon el objetivo de continuar comprometidos con la tenencia responsable de mascotas, pr\u00f3ximamente el municipio realizar\u00e1 una campa\u00f1a que tiene por objetivo instalar un chip en mascotas callejeras o de familias de la comuna y adem\u00e1s se realizar\u00e1n operativos masivos de vacunaci\u00f3n antirr\u00e1bica.<\/p>\n","protected":false},"excerpt":{"rendered":"<p>Pr\u00f3ximamente el municipio realizar\u00e1 una campa\u00f1a que tiene por objetivo instalar un chip en mascotas callejeras o de familias de la comuna y adem\u00e1s se realizar\u00e1n operativos masivos de vacunaci\u00f3n antirr\u00e1bica CALLE&#8230;<\/p>\n","protected":false},"author":482,"featured_media":63553,"comment_status":"open","ping_status":"open","sticky":false,"template":"","format":"standard","meta":{"advanced_seo_description":"","jetpack_seo_html_title":"","jetpack_seo_noindex":false,"_jetpack_memberships_contains_paid_content":false,"footnotes":""},"categories":[15],"tags":[],"class_list":["post-63552","post","type-post","status-publish","format-standard","has-post-thumbnail","hentry","category-comunidad"],"jetpack_featured_media_url":"https:\/\/i0.wp.com\/eltrabajo.cl\/portal\/wp-content\/uploads\/2015\/11\/esterilizacion-mascotas-Calle-Larga.jpg?fit=528%2C350&ssl=1","jetpack_sharing_enabled":true,"jetpack_likes_enabled":true,"jetpack-related-posts":[],"_links":{"self":[{"href":"https:\/\/eltrabajo.cl\/portal\/wp-json\/wp\/v2\/posts\/63552","targetHints":{"allow":["GET"]}}],"collection":[{"href":"https:\/\/eltrabajo.cl\/portal\/wp-json\/wp\/v2\/posts"}],"about":[{"href":"https:\/\/eltrabajo.cl\/portal\/wp-json\/wp\/v2\/types\/post"}],"author":[{"embeddable":true,"href":"https:\/\/eltrabajo.cl\/portal\/wp-json\/wp\/v2\/users\/482"}],"replies":[{"embeddable":true,"href":"https:\/\/eltrabajo.cl\/portal\/wp-json\/wp\/v2\/comments?post=63552"}],"version-history":[{"count":0,"href":"https:\/\/eltrabajo.cl\/portal\/wp-json\/wp\/v2\/posts\/63552\/revisions"}],"wp:featuredmedia":[{"embeddable":true,"href":"https:\/\/eltrabajo.cl\/portal\/wp-json\/wp\/v2\/media\/63553"}],"wp:attachment":[{"href":"https:\/\/eltrabajo.cl\/portal\/wp-json\/wp\/v2\/media?parent=63552"}],"wp:term":[{"taxonomy":"category","embeddable":true,"href":"https:\/\/eltrabajo.cl\/portal\/wp-json\/wp\/v2\/categories?post=63552"},{"taxonomy":"post_tag","embeddable":true,"href":"https:\/\/eltrabajo.cl\/portal\/wp-json\/wp\/v2\/tags?post=63552"}],"curies":[{"name":"wp","href":"https:\/\/api.w.org\/{rel}","templated":true}]}}