{"id":63555,"date":"2015-11-05T09:12:09","date_gmt":"2015-11-05T12:12:09","guid":{"rendered":"http:\/\/www.eltrabajo.cl\/portal\/?p=63555"},"modified":"2015-11-05T09:12:09","modified_gmt":"2015-11-05T12:12:09","slug":"realizan-primer-tour-inclusivo-dirigido-a-personas-ciegas-en-san-felipe","status":"publish","type":"post","link":"https:\/\/eltrabajo.cl\/portal\/realizan-primer-tour-inclusivo-dirigido-a-personas-ciegas-en-san-felipe\/","title":{"rendered":"Realizan primer tour inclusivo dirigido a personas ciegas en San Felipe"},"content":{"rendered":"<figure id=\"attachment_63556\" aria-describedby=\"caption-attachment-63556\" style=\"width: 300px\" class=\"wp-caption alignleft\"><a href=\"https:\/\/i0.wp.com\/www.eltrabajo.cl\/portal\/wp-content\/uploads\/2015\/11\/Turismo-Inclusivo.jpg\"><img data-recalc-dims=\"1\" loading=\"lazy\" decoding=\"async\" class=\"wp-image-63556 size-medium\" src=\"https:\/\/i0.wp.com\/www.eltrabajo.cl\/portal\/wp-content\/uploads\/2015\/11\/Turismo-Inclusivo-300x198.jpg?resize=300%2C198\" alt=\"Este mi\u00e9rcoles, con la tour operadora Gloria Padilla, se desarroll\u00f3 el primer tour inclusivo para personas ciegas en San Felipe.\" width=\"300\" height=\"198\" srcset=\"https:\/\/i0.wp.com\/eltrabajo.cl\/portal\/wp-content\/uploads\/2015\/11\/Turismo-Inclusivo.jpg?resize=300%2C198&amp;ssl=1 300w, https:\/\/i0.wp.com\/eltrabajo.cl\/portal\/wp-content\/uploads\/2015\/11\/Turismo-Inclusivo.jpg?resize=200%2C132&amp;ssl=1 200w, https:\/\/i0.wp.com\/eltrabajo.cl\/portal\/wp-content\/uploads\/2015\/11\/Turismo-Inclusivo.jpg?resize=227%2C150&amp;ssl=1 227w, https:\/\/i0.wp.com\/eltrabajo.cl\/portal\/wp-content\/uploads\/2015\/11\/Turismo-Inclusivo.jpg?resize=400%2C264&amp;ssl=1 400w, https:\/\/i0.wp.com\/eltrabajo.cl\/portal\/wp-content\/uploads\/2015\/11\/Turismo-Inclusivo.jpg?w=530&amp;ssl=1 530w\" sizes=\"auto, (max-width: 300px) 100vw, 300px\" \/><\/a><figcaption id=\"caption-attachment-63556\" class=\"wp-caption-text\">Este mi\u00e9rcoles, con la tour operadora Gloria Padilla, se desarroll\u00f3 el primer tour inclusivo para personas ciegas en San Felipe.<\/figcaption><\/figure>\n<ul>\n<li><strong>Directora regional de Sernatur felicit\u00f3 a la corporaci\u00f3n edilicia por la iniciativa, explicando que es pionera en la regi\u00f3n de Valpara\u00edso.<\/strong><\/li>\n<\/ul>\n<p>Como una iniciativa pionera en la regi\u00f3n, que se espera pueda replicarse en todas las comunas, fue calificada por la directora regional de Sernatur Katrina Sanguinetti, la actividad impulsada por la municipalidad de San Felipe, de turismo inclusivo que favoreci\u00f3 a un grupo de vecinos ciegos.<br \/>\nEste mi\u00e9rcoles, con la tour operadora Gloria Padilla, parti\u00f3 el grupo de beneficiarios en una experiencia que para esta gu\u00eda, es la primera y por lo tanto, le represent\u00f3 un trabajo de preparaci\u00f3n, en el entendido que lo com\u00fan es ofrecer este servicio a partir de los paisajes y atractivos que se pueden apreciar con la mirada.<br \/>\nSin embargo, en este caso el desaf\u00edo era distinto, ya que por medio del olfato y el tacto, era como se esperaba que los invitados a vivir esta experiencia, pudiesen sintonizar con la responsable de guiar el viaje por las comunas de Putaendo y San Felipe.<br \/>\nEl administrador municipal Patricio Gonz\u00e1lez, se\u00f1al\u00f3 que esta actividad, que desarrolla el municipio a trav\u00e9s de la Oficina de la Discapacidad y la unidad de turismo y patrimonio, da cuenta de la pol\u00edtica impulsada por el alcalde Patricio Freire, en t\u00e9rminos de hacer de San Felipe, \u2018la comuna de todas y todos\u2019, lo que se corrobora en la implementaci\u00f3n del Programa San Felipe Inclusivo y se traduce en acciones como este tour para ciegos.<br \/>\n\u201cNos alegra recibir el apoyo del Sernatur, porque este es un esfuerzo municipal a partir de un programa inserto en la l\u00ednea definida por el alcalde Freire, en torno a generar posibilidades de inclusi\u00f3n. El Programa \u2018San Felipe Inclusivo\u2019 es una iniciativa que pretende dar vida a este slogan de la gesti\u00f3n alcaldicia de \u2018la comuna de todas y de todos\u2019, por lo tanto nos alienta mucho que en esta jornada nos acompa\u00f1e la directora de Sernatur\u201d, manifest\u00f3 el administrador municipal.<br \/>\nLa directora regional de Sernatur, Katrina Sanguinetti, destac\u00f3 esta iniciativa que impulsa la municipalidad de San Felipe, explicando que si bien hay varias l\u00edneas de gobierno que apuntan a favorecer el turismo en beneficio de personas discapacitadas, no existen experiencias en la l\u00ednea de quienes presentan ceguera y por lo tanto, felicit\u00f3 la iniciativa.<br \/>\n\u201cMe parece fundamental ir pensando en el desarrollo tur\u00edstico con nuevos productos, pero desde la inclusividad. M\u00e1s interesante a\u00fan, pensando en personas ciegas, que tienen necesidades especiales de implementaci\u00f3n en cada uno de los puntos donde se pueda detener el recorrido. Por eso es tremendamente importante esta apuesta del municipio, que es pionera en la regi\u00f3n\u201d, expres\u00f3 Katrina Sanguinetti.<br \/>\nMuy temprano la ma\u00f1ana de este mi\u00e9rcoles, los vecinos ciegos que fueron invitados a participar, llegaron a la municipalidad para iniciar su tour, optimistas y expectantes de la iniciativa. En la ocasi\u00f3n, recibieron el saludo de la directora regional de Sernatur y del administrador municipal Patricio Gonz\u00e1lez.<\/p>\n","protected":false},"excerpt":{"rendered":"<p>Directora regional de Sernatur felicit\u00f3 a la corporaci\u00f3n edilicia por la iniciativa, explicando que es pionera en la regi\u00f3n de Valpara\u00edso. Como una iniciativa pionera en la regi\u00f3n, que se espera pueda&#8230;<\/p>\n","protected":false},"author":482,"featured_media":63556,"comment_status":"open","ping_status":"open","sticky":false,"template":"","format":"standard","meta":{"advanced_seo_description":"","jetpack_seo_html_title":"","jetpack_seo_noindex":false,"_jetpack_memberships_contains_paid_content":false,"footnotes":""},"categories":[15],"tags":[],"class_list":["post-63555","post","type-post","status-publish","format-standard","has-post-thumbnail","hentry","category-comunidad"],"jetpack_featured_media_url":"https:\/\/i0.wp.com\/eltrabajo.cl\/portal\/wp-content\/uploads\/2015\/11\/Turismo-Inclusivo.jpg?fit=530%2C350&ssl=1","jetpack_sharing_enabled":true,"jetpack_likes_enabled":true,"jetpack-related-posts":[],"_links":{"self":[{"href":"https:\/\/eltrabajo.cl\/portal\/wp-json\/wp\/v2\/posts\/63555","targetHints":{"allow":["GET"]}}],"collection":[{"href":"https:\/\/eltrabajo.cl\/portal\/wp-json\/wp\/v2\/posts"}],"about":[{"href":"https:\/\/eltrabajo.cl\/portal\/wp-json\/wp\/v2\/types\/post"}],"author":[{"embeddable":true,"href":"https:\/\/eltrabajo.cl\/portal\/wp-json\/wp\/v2\/users\/482"}],"replies":[{"embeddable":true,"href":"https:\/\/eltrabajo.cl\/portal\/wp-json\/wp\/v2\/comments?post=63555"}],"version-history":[{"count":0,"href":"https:\/\/eltrabajo.cl\/portal\/wp-json\/wp\/v2\/posts\/63555\/revisions"}],"wp:featuredmedia":[{"embeddable":true,"href":"https:\/\/eltrabajo.cl\/portal\/wp-json\/wp\/v2\/media\/63556"}],"wp:attachment":[{"href":"https:\/\/eltrabajo.cl\/portal\/wp-json\/wp\/v2\/media?parent=63555"}],"wp:term":[{"taxonomy":"category","embeddable":true,"href":"https:\/\/eltrabajo.cl\/portal\/wp-json\/wp\/v2\/categories?post=63555"},{"taxonomy":"post_tag","embeddable":true,"href":"https:\/\/eltrabajo.cl\/portal\/wp-json\/wp\/v2\/tags?post=63555"}],"curies":[{"name":"wp","href":"https:\/\/api.w.org\/{rel}","templated":true}]}}