{"id":63558,"date":"2015-11-05T09:13:46","date_gmt":"2015-11-05T12:13:46","guid":{"rendered":"http:\/\/www.eltrabajo.cl\/portal\/?p=63558"},"modified":"2015-11-05T09:13:46","modified_gmt":"2015-11-05T12:13:46","slug":"mas-de-260-ninos-se-beneficiaran-con-creacion-de-nuevos-jardines-infantiles-en-provincia-de-los-andes","status":"publish","type":"post","link":"https:\/\/eltrabajo.cl\/portal\/mas-de-260-ninos-se-beneficiaran-con-creacion-de-nuevos-jardines-infantiles-en-provincia-de-los-andes\/","title":{"rendered":"M\u00e1s de 260 ni\u00f1os se beneficiar\u00e1n con creaci\u00f3n de nuevos jardines infantiles en provincia de Los Andes"},"content":{"rendered":"<figure id=\"attachment_63559\" aria-describedby=\"caption-attachment-63559\" style=\"width: 300px\" class=\"wp-caption alignleft\"><a href=\"https:\/\/i0.wp.com\/www.eltrabajo.cl\/portal\/wp-content\/uploads\/2015\/11\/Jardin-integra.jpg\"><img data-recalc-dims=\"1\" loading=\"lazy\" decoding=\"async\" class=\"wp-image-63559 size-medium\" src=\"https:\/\/i0.wp.com\/www.eltrabajo.cl\/portal\/wp-content\/uploads\/2015\/11\/Jardin-integra-300x198.jpg?resize=300%2C198\" alt=\"La informaci\u00f3n la entregaron la gobernadora de la provincia de Los Andes, Mar\u00eda Victoria Rodr\u00edguez, y la Directora Regional de Integra, Paola \u00c1lvarez.\" width=\"300\" height=\"198\" srcset=\"https:\/\/i0.wp.com\/eltrabajo.cl\/portal\/wp-content\/uploads\/2015\/11\/Jardin-integra.jpg?resize=300%2C198&amp;ssl=1 300w, https:\/\/i0.wp.com\/eltrabajo.cl\/portal\/wp-content\/uploads\/2015\/11\/Jardin-integra.jpg?resize=200%2C132&amp;ssl=1 200w, https:\/\/i0.wp.com\/eltrabajo.cl\/portal\/wp-content\/uploads\/2015\/11\/Jardin-integra.jpg?resize=227%2C150&amp;ssl=1 227w, https:\/\/i0.wp.com\/eltrabajo.cl\/portal\/wp-content\/uploads\/2015\/11\/Jardin-integra.jpg?resize=400%2C264&amp;ssl=1 400w, https:\/\/i0.wp.com\/eltrabajo.cl\/portal\/wp-content\/uploads\/2015\/11\/Jardin-integra.jpg?w=530&amp;ssl=1 530w\" sizes=\"auto, (max-width: 300px) 100vw, 300px\" \/><\/a><figcaption id=\"caption-attachment-63559\" class=\"wp-caption-text\">La informaci\u00f3n la entregaron la gobernadora de la provincia de Los Andes, Mar\u00eda Victoria Rodr\u00edguez, y la Directora Regional de Integra, Paola \u00c1lvarez.<\/figcaption><\/figure>\n<ul>\n<li><strong>Gobernadora de la provincia de Los Andes, Mar\u00eda Victoria Rodr\u00edguez, y Directora Regional de Integra, Paola \u00c1lvarez, informaron de los avances en materia de aumento de cobertura en educaci\u00f3n parvularia para la zon<\/strong>a.<\/li>\n<\/ul>\n<p><strong>LOS ANDES.<\/strong>&#8211; En diciembre de este a\u00f1o se abrir\u00e1n las puestas a los 20 primeros ni\u00f1os de la provincia que ingresar\u00e1n a la nueva sala cuna del jard\u00edn infantil Sol del Mediod\u00eda de la comuna de Los Andes. A esta nueva sala cuna se suman otros dos grandes proyectos para la construcci\u00f3n de dos nuevos jardines infantiles con salas cunas en las comunas de Los Andes y Rinconada que permitir\u00e1n el acceso a otros 268 ni\u00f1os y ni\u00f1as durante el 2016.<br \/>\nAs\u00ed lo dieron a conocer la gobernadora de la provincia de Los Andes, Mar\u00eda Victoria Rodr\u00edguez, y la Directora Regional de Integra, Paola \u00c1lvarez, en el marco de una reuni\u00f3n de coordinaci\u00f3n para continuar analizando las posibilidades de generar nuevos proyectos que permitan mayor acceso a una educaci\u00f3n parvularia p\u00fablica, gratuita y de calidad en la zona.<br \/>\nPor su parte, la gobernadora provincial de Los Andes, Mar\u00eda Victoria Rodr\u00edguez, manifest\u00f3 que \u201cestos espacios reflejan la preocupaci\u00f3n por parte del Gobierno de la Presidenta Michelle Bachelet por esta meta presidencial en Chile y, particularmente, en la nuestra provincia, apoyando a las familias y a los mismos ni\u00f1os y ni\u00f1as a contar con una mayor cobertura en su matr\u00edcula. Adem\u00e1s, la construcci\u00f3n de nuevos jardines infantiles contribuyen a entregar m\u00e1s oportunidades y promover la igualdad social que quiere nuestra Presidenta\u201d.<br \/>\nEl jard\u00edn infantil y sala cuna es un espacio especialmente creado para ofrecer a ni\u00f1os m\u00faltiples experiencias que favorecen su desarrollo pleno, en un ambiente que los desaf\u00eda a descubrir y conocer a trav\u00e9s del juego.<br \/>\nPor tal raz\u00f3n, la gobernadora y la directora regional de Integra continuar\u00e1n trabajando para seguir incrementando la cobertura de acceso a la educaci\u00f3n parvularia en la provincia de Los Andes, tal cual como lo ha mandatado la Presidenta Michelle Bachelet en su programa de Gobierno.<\/p>\n","protected":false},"excerpt":{"rendered":"<p>Gobernadora de la provincia de Los Andes, Mar\u00eda Victoria Rodr\u00edguez, y Directora Regional de Integra, Paola \u00c1lvarez, informaron de los avances en materia de aumento de cobertura en educaci\u00f3n parvularia para la&#8230;<\/p>\n","protected":false},"author":482,"featured_media":63559,"comment_status":"open","ping_status":"open","sticky":false,"template":"","format":"standard","meta":{"advanced_seo_description":"","jetpack_seo_html_title":"","jetpack_seo_noindex":false,"_jetpack_memberships_contains_paid_content":false,"footnotes":""},"categories":[1],"tags":[],"class_list":["post-63558","post","type-post","status-publish","format-standard","has-post-thumbnail","hentry","category-cronica"],"jetpack_featured_media_url":"https:\/\/i0.wp.com\/eltrabajo.cl\/portal\/wp-content\/uploads\/2015\/11\/Jardin-integra.jpg?fit=530%2C350&ssl=1","jetpack_sharing_enabled":true,"jetpack_likes_enabled":true,"jetpack-related-posts":[],"_links":{"self":[{"href":"https:\/\/eltrabajo.cl\/portal\/wp-json\/wp\/v2\/posts\/63558","targetHints":{"allow":["GET"]}}],"collection":[{"href":"https:\/\/eltrabajo.cl\/portal\/wp-json\/wp\/v2\/posts"}],"about":[{"href":"https:\/\/eltrabajo.cl\/portal\/wp-json\/wp\/v2\/types\/post"}],"author":[{"embeddable":true,"href":"https:\/\/eltrabajo.cl\/portal\/wp-json\/wp\/v2\/users\/482"}],"replies":[{"embeddable":true,"href":"https:\/\/eltrabajo.cl\/portal\/wp-json\/wp\/v2\/comments?post=63558"}],"version-history":[{"count":0,"href":"https:\/\/eltrabajo.cl\/portal\/wp-json\/wp\/v2\/posts\/63558\/revisions"}],"wp:featuredmedia":[{"embeddable":true,"href":"https:\/\/eltrabajo.cl\/portal\/wp-json\/wp\/v2\/media\/63559"}],"wp:attachment":[{"href":"https:\/\/eltrabajo.cl\/portal\/wp-json\/wp\/v2\/media?parent=63558"}],"wp:term":[{"taxonomy":"category","embeddable":true,"href":"https:\/\/eltrabajo.cl\/portal\/wp-json\/wp\/v2\/categories?post=63558"},{"taxonomy":"post_tag","embeddable":true,"href":"https:\/\/eltrabajo.cl\/portal\/wp-json\/wp\/v2\/tags?post=63558"}],"curies":[{"name":"wp","href":"https:\/\/api.w.org\/{rel}","templated":true}]}}