{"id":63561,"date":"2015-11-05T09:18:45","date_gmt":"2015-11-05T12:18:45","guid":{"rendered":"http:\/\/www.eltrabajo.cl\/portal\/?p=63561"},"modified":"2015-11-05T09:18:45","modified_gmt":"2015-11-05T12:18:45","slug":"estudiantes-del-aiep-reclaman-por-alza-de-aranceles-en-carreras","status":"publish","type":"post","link":"https:\/\/eltrabajo.cl\/portal\/estudiantes-del-aiep-reclaman-por-alza-de-aranceles-en-carreras\/","title":{"rendered":"Estudiantes del Aiep reclaman por alza de aranceles en carreras"},"content":{"rendered":"<figure id=\"attachment_63562\" aria-describedby=\"caption-attachment-63562\" style=\"width: 300px\" class=\"wp-caption alignleft\"><a href=\"https:\/\/i0.wp.com\/www.eltrabajo.cl\/portal\/wp-content\/uploads\/2015\/11\/Protesta1.jpg\"><img data-recalc-dims=\"1\" loading=\"lazy\" decoding=\"async\" class=\"wp-image-63562 size-medium\" src=\"https:\/\/i0.wp.com\/www.eltrabajo.cl\/portal\/wp-content\/uploads\/2015\/11\/Protesta1-300x198.jpg?resize=300%2C198\" alt=\"PROTESTA.- Unos 80 estudiantes del Aiep se manifestaron en\u00e9rgicamente contra el alza de aranceles que esta casa de estudios est\u00e1 implementando a las carreras que imparte.\" width=\"300\" height=\"198\" srcset=\"https:\/\/i0.wp.com\/eltrabajo.cl\/portal\/wp-content\/uploads\/2015\/11\/Protesta1.jpg?resize=300%2C198&amp;ssl=1 300w, https:\/\/i0.wp.com\/eltrabajo.cl\/portal\/wp-content\/uploads\/2015\/11\/Protesta1.jpg?resize=200%2C132&amp;ssl=1 200w, https:\/\/i0.wp.com\/eltrabajo.cl\/portal\/wp-content\/uploads\/2015\/11\/Protesta1.jpg?resize=227%2C150&amp;ssl=1 227w, https:\/\/i0.wp.com\/eltrabajo.cl\/portal\/wp-content\/uploads\/2015\/11\/Protesta1.jpg?resize=400%2C264&amp;ssl=1 400w, https:\/\/i0.wp.com\/eltrabajo.cl\/portal\/wp-content\/uploads\/2015\/11\/Protesta1.jpg?w=530&amp;ssl=1 530w\" sizes=\"auto, (max-width: 300px) 100vw, 300px\" \/><\/a><figcaption id=\"caption-attachment-63562\" class=\"wp-caption-text\">PROTESTA.- Unos 80 estudiantes del Aiep se manifestaron en\u00e9rgicamente contra el alza de aranceles que esta casa de estudios est\u00e1 implementando a las carreras que imparte.<\/figcaption><\/figure>\n<p>\u00abA ver a ver, a mover las patitas, hay que moverlas por las matr\u00edculas gratuitas\u00bb. Proclamando consignas como estas y otras m\u00e1s directas, as\u00ed se manifestaron durante varias horas al menos unos 80 estudiantes del Aiep San Felipe frente a ese instituto.<br \/>\nSeg\u00fan pudo confirmar Diario El Trabajo, los estudiantes desde hace una semana vienen agotando todas las formas de di\u00e1logo con el director ejecutivo de Aiep San Felipe, Rodrigo Valderrama, a fin de generar una de dos cosas, o que \u00e9l se siente a negociar con los estudiantes, o que sea destituido de ese cargo.<\/p>\n<p><strong>EL PETITORIO<\/strong><br \/>\nSergio Flores y Daniel Pastr\u00e1n, delegados de curso, explicaron a nuestro medio los argumentos que los lleva a dejar sus aulas y protestar p\u00fablicamente.<br \/>\n\u00abNosotros primeramente y despu\u00e9s de haber consultado a las bases estudiantiles, estamos solicitando se nos cumplan estos tres puntos, Primero: \u2018Volver a los procesos de matr\u00edcula de los a\u00f1os 2012, 2013 y 2014, cuando se manten\u00edan tres procesos: Matr\u00edcula gratis, matr\u00edcula con un 50% de rebaja descuento y finalmente matr\u00edcula completa. Segundo: Congelar los aranceles seg\u00fan valores 2015 y Tercero: Construir Mesa de construcci\u00f3n acad\u00e9mica, para establecer est\u00e1ndares de curr\u00edculos acad\u00e9micos; construcci\u00f3n de m\u00f3dulos de pasant\u00eda y rotaci\u00f3n de docentes y jefes de \u00e1rea\u00bb, inform\u00f3 a nuestro medio Sergio Flores, uno de los l\u00edderes estudiantiles.<br \/>\nFlores agreg\u00f3 tambi\u00e9n, que \u00ablas instituciones pueden legalmente subir s\u00f3lo un 5% en Miner\u00eda por ejemplo, nosotros hicimos nuestras averiguaciones y aqu\u00ed nos subieron un 17% en el arancel, esto no se puede ser, o sea, hasta $200.000 anual por carrera\u00bb.<br \/>\nPara explicar el Cuarto punto, fue el l\u00edder estudiantil Daniel Pastr\u00e1n, quien lo explic\u00f3 a Diario El Trabajo de manera directa. \u00abSolicitar la renuncia de manera definitiva de la sede Aiep San Felipe de su director ejecutivo Rodrigo Valderrama, por no contar seg\u00fan nuestro an\u00e1lisis, con las competencias necesarias para una negociaci\u00f3n efectiva, ni contar con los conocimientos necesarios sobre los procedimientos acad\u00e9micos y administrativos de la sede\u00bb.<\/p>\n<p><strong>AIEP RESPONDE<\/strong><br \/>\nAs\u00ed las cosas y entendiendo que los estudiantes amenazan con ir hasta las \u00faltimas consecuencias, inclusive por la v\u00eda Sernac y otros canales, Diario El Trabajo busc\u00f3 hablar con el directivo del Aiep Rodrigo Valderrama, quien a trav\u00e9s de un comunicado explic\u00f3 lo siguiente:<br \/>\nFrente a las consultas en relaci\u00f3n a la matr\u00edcula para estudiantes antiguos, hemos enfatizado que el compromiso de Aiep ha sido el mantener los beneficios econ\u00f3micos ligados a la matr\u00edcula para todos nuestros estudiantes. Hemos hecho esfuerzos sistem\u00e1ticos para mantener los aranceles m\u00e1s bajos, trabajando para ser la mejor opci\u00f3n de formaci\u00f3n t\u00e9cnico profesional, alcanzable para todos quienes deseen mejorar su calidad de vida a trav\u00e9s de la educaci\u00f3n superior.<br \/>\nPara Aiep, lo m\u00e1s importante es la calidad de la educaci\u00f3n que entregamos, pues es esto lo que permite a nuestros estudiantes se incorporen r\u00e1pida y exitosamente al mundo laboral. Aiep ha trabajado en forma constante por mantener un flujo de comunicaci\u00f3n abierto para los estudiantes. De hecho, la instituci\u00f3n ha impulsado en los \u00faltimos a\u00f1os la creaci\u00f3n de grupos de delegados, que fungen de representantes de distintas carreras, sedes y jornadas y levantan preocupaciones y sugerencias que son tomadas por los directivos y transformados en acciones a implementar.<br \/>\nA los estudiantes de San Felipe que manifestaron sus peticiones, les hemos ofrecido establecer mesas de trabajo para gestionar en forma r\u00e1pida y acelerada las mejoras que estiman necesarias. Lamentablemente no han estado dispuestos a participar en esta instancia.<br \/>\n<strong>Roberto Gonz\u00e1lez Short<\/strong><br \/>\n<strong>rgonzalez@eltrabajo.cl<\/strong><\/p>\n<div class=\"tiled-gallery type-rectangular tiled-gallery-unresized\" data-original-width=\"640\" data-carousel-extra='null' itemscope itemtype=\"http:\/\/schema.org\/ImageGallery\" > <div class=\"gallery-row\" style=\"width: 640px; height: 282px;\" data-original-width=\"640\" data-original-height=\"282\" > <div class=\"gallery-group images-1\" style=\"width: 428px; height: 282px;\" data-original-width=\"428\" data-original-height=\"282\" > <div class=\"tiled-gallery-item tiled-gallery-item-large\" itemprop=\"associatedMedia\" itemscope itemtype=\"http:\/\/schema.org\/ImageObject\"> <a href=\"https:\/\/eltrabajo.cl\/portal\/estudiantes-del-aiep-reclaman-por-alza-de-aranceles-en-carreras\/protesta2-3\/\" border=\"0\" itemprop=\"url\"> <meta itemprop=\"width\" content=\"424\"> <meta itemprop=\"height\" content=\"278\"> <img decoding=\"async\" class=\"\" data-attachment-id=\"63565\" data-orig-file=\"https:\/\/eltrabajo.cl\/portal\/wp-content\/uploads\/2015\/11\/Protesta2.jpg\" data-orig-size=\"530,348\" data-comments-opened=\"1\" data-image-meta=\"{&quot;aperture&quot;:&quot;0&quot;,&quot;credit&quot;:&quot;&quot;,&quot;camera&quot;:&quot;&quot;,&quot;caption&quot;:&quot;&quot;,&quot;created_timestamp&quot;:&quot;0&quot;,&quot;copyright&quot;:&quot;&quot;,&quot;focal_length&quot;:&quot;0&quot;,&quot;iso&quot;:&quot;0&quot;,&quot;shutter_speed&quot;:&quot;0&quot;,&quot;title&quot;:&quot;&quot;,&quot;orientation&quot;:&quot;0&quot;}\" data-image-title=\"Protesta2\" data-image-description=\"&lt;p&gt;ENERG\u00cdA.- As\u00ed de firmes, as\u00ed reclamaron por sus convicciones estos estudiantes. No hubo violencia.&lt;\/p&gt; \" data-medium-file=\"https:\/\/i0.wp.com\/eltrabajo.cl\/portal\/wp-content\/uploads\/2015\/11\/Protesta2.jpg?fit=300%2C197&#038;ssl=1\" data-large-file=\"https:\/\/i0.wp.com\/eltrabajo.cl\/portal\/wp-content\/uploads\/2015\/11\/Protesta2.jpg?fit=530%2C348&#038;ssl=1\" src=\"https:\/\/i0.wp.com\/eltrabajo.cl\/portal\/wp-content\/uploads\/2015\/11\/Protesta2.jpg?w=424&#038;h=278&#038;ssl=1\" srcset=\"https:\/\/i0.wp.com\/eltrabajo.cl\/portal\/wp-content\/uploads\/2015\/11\/Protesta2.jpg?w=530&amp;ssl=1 530w, https:\/\/i0.wp.com\/eltrabajo.cl\/portal\/wp-content\/uploads\/2015\/11\/Protesta2.jpg?resize=200%2C131&amp;ssl=1 200w, https:\/\/i0.wp.com\/eltrabajo.cl\/portal\/wp-content\/uploads\/2015\/11\/Protesta2.jpg?resize=300%2C197&amp;ssl=1 300w, https:\/\/i0.wp.com\/eltrabajo.cl\/portal\/wp-content\/uploads\/2015\/11\/Protesta2.jpg?resize=228%2C150&amp;ssl=1 228w, https:\/\/i0.wp.com\/eltrabajo.cl\/portal\/wp-content\/uploads\/2015\/11\/Protesta2.jpg?resize=400%2C263&amp;ssl=1 400w\" width=\"424\" height=\"278\" loading=\"lazy\" data-original-width=\"424\" data-original-height=\"278\" itemprop=\"http:\/\/schema.org\/image\" title=\"Protesta2\" alt=\"ENERG\u00cdA.- As\u00ed de firmes, as\u00ed reclamaron por sus convicciones estos estudiantes. No hubo violencia.\" style=\"width: 424px; height: 278px;\" \/> <\/a> <div class=\"tiled-gallery-caption\" itemprop=\"caption description\"> ENERG\u00cdA.- As\u00ed de firmes, as\u00ed reclamaron por sus convicciones estos estudiantes. No hubo violencia. <\/div> <\/div> <\/div> <!-- close group --> <div class=\"gallery-group images-2\" style=\"width: 212px; height: 282px;\" data-original-width=\"212\" data-original-height=\"282\" > <div class=\"tiled-gallery-item tiled-gallery-item-small\" itemprop=\"associatedMedia\" itemscope itemtype=\"http:\/\/schema.org\/ImageObject\"> <a href=\"https:\/\/eltrabajo.cl\/portal\/estudiantes-del-aiep-reclaman-por-alza-de-aranceles-en-carreras\/protesta3\/\" border=\"0\" itemprop=\"url\"> <meta itemprop=\"width\" content=\"208\"> <meta itemprop=\"height\" content=\"137\"> <img decoding=\"async\" class=\"\" data-attachment-id=\"63566\" data-orig-file=\"https:\/\/eltrabajo.cl\/portal\/wp-content\/uploads\/2015\/11\/Protesta3.jpg\" data-orig-size=\"530,349\" data-comments-opened=\"1\" data-image-meta=\"{&quot;aperture&quot;:&quot;0&quot;,&quot;credit&quot;:&quot;&quot;,&quot;camera&quot;:&quot;&quot;,&quot;caption&quot;:&quot;&quot;,&quot;created_timestamp&quot;:&quot;0&quot;,&quot;copyright&quot;:&quot;&quot;,&quot;focal_length&quot;:&quot;0&quot;,&quot;iso&quot;:&quot;0&quot;,&quot;shutter_speed&quot;:&quot;0&quot;,&quot;title&quot;:&quot;&quot;,&quot;orientation&quot;:&quot;0&quot;}\" data-image-title=\"Protesta3\" data-image-description=\"&lt;p&gt;HASTA EL FINAL.- Seg\u00fan explicaron los estudiantes, ellos est\u00e1n dispuestos a seguir con la presi\u00f3n, hasta lograr las demandas o bien la salida del director de Aiep San Felipe.&lt;\/p&gt; \" data-medium-file=\"https:\/\/i0.wp.com\/eltrabajo.cl\/portal\/wp-content\/uploads\/2015\/11\/Protesta3.jpg?fit=300%2C198&#038;ssl=1\" data-large-file=\"https:\/\/i0.wp.com\/eltrabajo.cl\/portal\/wp-content\/uploads\/2015\/11\/Protesta3.jpg?fit=530%2C349&#038;ssl=1\" src=\"https:\/\/i0.wp.com\/eltrabajo.cl\/portal\/wp-content\/uploads\/2015\/11\/Protesta3.jpg?w=208&#038;h=137&#038;ssl=1\" srcset=\"https:\/\/i0.wp.com\/eltrabajo.cl\/portal\/wp-content\/uploads\/2015\/11\/Protesta3.jpg?w=530&amp;ssl=1 530w, https:\/\/i0.wp.com\/eltrabajo.cl\/portal\/wp-content\/uploads\/2015\/11\/Protesta3.jpg?resize=200%2C132&amp;ssl=1 200w, https:\/\/i0.wp.com\/eltrabajo.cl\/portal\/wp-content\/uploads\/2015\/11\/Protesta3.jpg?resize=300%2C198&amp;ssl=1 300w, https:\/\/i0.wp.com\/eltrabajo.cl\/portal\/wp-content\/uploads\/2015\/11\/Protesta3.jpg?resize=228%2C150&amp;ssl=1 228w, https:\/\/i0.wp.com\/eltrabajo.cl\/portal\/wp-content\/uploads\/2015\/11\/Protesta3.jpg?resize=400%2C263&amp;ssl=1 400w\" width=\"208\" height=\"137\" loading=\"lazy\" data-original-width=\"208\" data-original-height=\"137\" itemprop=\"http:\/\/schema.org\/image\" title=\"Protesta3\" alt=\"HASTA EL FINAL.- Seg\u00fan explicaron los estudiantes, ellos est\u00e1n dispuestos a seguir con la presi\u00f3n, hasta lograr las demandas o bien la salida del director de Aiep San Felipe.\" style=\"width: 208px; height: 137px;\" \/> <\/a> <div class=\"tiled-gallery-caption\" itemprop=\"caption description\"> HASTA EL FINAL.- Seg\u00fan explicaron los estudiantes, ellos est\u00e1n dispuestos a seguir con la presi\u00f3n, hasta lograr las demandas o bien la salida del director de Aiep San Felipe. <\/div> <\/div> <div class=\"tiled-gallery-item tiled-gallery-item-small\" itemprop=\"associatedMedia\" itemscope itemtype=\"http:\/\/schema.org\/ImageObject\"> <a href=\"https:\/\/eltrabajo.cl\/portal\/estudiantes-del-aiep-reclaman-por-alza-de-aranceles-en-carreras\/daniel-pastran\/\" border=\"0\" itemprop=\"url\"> <meta itemprop=\"width\" content=\"208\"> <meta itemprop=\"height\" content=\"137\"> <img decoding=\"async\" class=\"\" data-attachment-id=\"63564\" data-orig-file=\"https:\/\/eltrabajo.cl\/portal\/wp-content\/uploads\/2015\/11\/Daniel-Pastran.jpg\" data-orig-size=\"530,348\" data-comments-opened=\"1\" data-image-meta=\"{&quot;aperture&quot;:&quot;0&quot;,&quot;credit&quot;:&quot;&quot;,&quot;camera&quot;:&quot;&quot;,&quot;caption&quot;:&quot;&quot;,&quot;created_timestamp&quot;:&quot;0&quot;,&quot;copyright&quot;:&quot;&quot;,&quot;focal_length&quot;:&quot;0&quot;,&quot;iso&quot;:&quot;0&quot;,&quot;shutter_speed&quot;:&quot;0&quot;,&quot;title&quot;:&quot;&quot;,&quot;orientation&quot;:&quot;0&quot;}\" data-image-title=\"Daniel Pastran\" data-image-description=\"&lt;p&gt;L\u00edder estudiantil del Aiep San Felipe, Daniel Pastr\u00e1n.&lt;\/p&gt; \" data-medium-file=\"https:\/\/i0.wp.com\/eltrabajo.cl\/portal\/wp-content\/uploads\/2015\/11\/Daniel-Pastran.jpg?fit=300%2C197&#038;ssl=1\" data-large-file=\"https:\/\/i0.wp.com\/eltrabajo.cl\/portal\/wp-content\/uploads\/2015\/11\/Daniel-Pastran.jpg?fit=530%2C348&#038;ssl=1\" src=\"https:\/\/i0.wp.com\/eltrabajo.cl\/portal\/wp-content\/uploads\/2015\/11\/Daniel-Pastran.jpg?w=208&#038;h=137&#038;ssl=1\" srcset=\"https:\/\/i0.wp.com\/eltrabajo.cl\/portal\/wp-content\/uploads\/2015\/11\/Daniel-Pastran.jpg?w=530&amp;ssl=1 530w, https:\/\/i0.wp.com\/eltrabajo.cl\/portal\/wp-content\/uploads\/2015\/11\/Daniel-Pastran.jpg?resize=200%2C131&amp;ssl=1 200w, https:\/\/i0.wp.com\/eltrabajo.cl\/portal\/wp-content\/uploads\/2015\/11\/Daniel-Pastran.jpg?resize=300%2C197&amp;ssl=1 300w, https:\/\/i0.wp.com\/eltrabajo.cl\/portal\/wp-content\/uploads\/2015\/11\/Daniel-Pastran.jpg?resize=228%2C150&amp;ssl=1 228w, https:\/\/i0.wp.com\/eltrabajo.cl\/portal\/wp-content\/uploads\/2015\/11\/Daniel-Pastran.jpg?resize=400%2C263&amp;ssl=1 400w\" width=\"208\" height=\"137\" loading=\"lazy\" data-original-width=\"208\" data-original-height=\"137\" itemprop=\"http:\/\/schema.org\/image\" title=\"Daniel Pastran\" alt=\"L\u00edder estudiantil del Aiep San Felipe, Daniel Pastr\u00e1n.\" style=\"width: 208px; height: 137px;\" \/> <\/a> <div class=\"tiled-gallery-caption\" itemprop=\"caption description\"> L\u00edder estudiantil del Aiep San Felipe, Daniel Pastr\u00e1n. <\/div> <\/div> <\/div> <!-- close group --> <\/div> <!-- close row --> <div class=\"gallery-row\" style=\"width: 640px; height: 211px;\" data-original-width=\"640\" data-original-height=\"211\" > <div class=\"gallery-group images-1\" style=\"width: 320px; height: 211px;\" data-original-width=\"320\" data-original-height=\"211\" > <div class=\"tiled-gallery-item tiled-gallery-item-large\" itemprop=\"associatedMedia\" itemscope itemtype=\"http:\/\/schema.org\/ImageObject\"> <a href=\"https:\/\/eltrabajo.cl\/portal\/estudiantes-del-aiep-reclaman-por-alza-de-aranceles-en-carreras\/sergio-flores\/\" border=\"0\" itemprop=\"url\"> <meta itemprop=\"width\" content=\"316\"> <meta itemprop=\"height\" content=\"207\"> <img decoding=\"async\" class=\"\" data-attachment-id=\"63568\" data-orig-file=\"https:\/\/eltrabajo.cl\/portal\/wp-content\/uploads\/2015\/11\/Sergio-Flores.jpg\" data-orig-size=\"530,348\" data-comments-opened=\"1\" data-image-meta=\"{&quot;aperture&quot;:&quot;0&quot;,&quot;credit&quot;:&quot;&quot;,&quot;camera&quot;:&quot;&quot;,&quot;caption&quot;:&quot;&quot;,&quot;created_timestamp&quot;:&quot;0&quot;,&quot;copyright&quot;:&quot;&quot;,&quot;focal_length&quot;:&quot;0&quot;,&quot;iso&quot;:&quot;0&quot;,&quot;shutter_speed&quot;:&quot;0&quot;,&quot;title&quot;:&quot;&quot;,&quot;orientation&quot;:&quot;0&quot;}\" data-image-title=\"Sergio Flores\" data-image-description=\"&lt;p&gt;Sergio Flores, dirigente estudiantil al frente de esta protesta.&lt;\/p&gt; \" data-medium-file=\"https:\/\/i0.wp.com\/eltrabajo.cl\/portal\/wp-content\/uploads\/2015\/11\/Sergio-Flores.jpg?fit=300%2C197&#038;ssl=1\" data-large-file=\"https:\/\/i0.wp.com\/eltrabajo.cl\/portal\/wp-content\/uploads\/2015\/11\/Sergio-Flores.jpg?fit=530%2C348&#038;ssl=1\" src=\"https:\/\/i0.wp.com\/eltrabajo.cl\/portal\/wp-content\/uploads\/2015\/11\/Sergio-Flores.jpg?w=316&#038;h=207&#038;ssl=1\" srcset=\"https:\/\/i0.wp.com\/eltrabajo.cl\/portal\/wp-content\/uploads\/2015\/11\/Sergio-Flores.jpg?w=530&amp;ssl=1 530w, https:\/\/i0.wp.com\/eltrabajo.cl\/portal\/wp-content\/uploads\/2015\/11\/Sergio-Flores.jpg?resize=200%2C131&amp;ssl=1 200w, https:\/\/i0.wp.com\/eltrabajo.cl\/portal\/wp-content\/uploads\/2015\/11\/Sergio-Flores.jpg?resize=300%2C197&amp;ssl=1 300w, https:\/\/i0.wp.com\/eltrabajo.cl\/portal\/wp-content\/uploads\/2015\/11\/Sergio-Flores.jpg?resize=228%2C150&amp;ssl=1 228w, https:\/\/i0.wp.com\/eltrabajo.cl\/portal\/wp-content\/uploads\/2015\/11\/Sergio-Flores.jpg?resize=400%2C263&amp;ssl=1 400w\" width=\"316\" height=\"207\" loading=\"lazy\" data-original-width=\"316\" data-original-height=\"207\" itemprop=\"http:\/\/schema.org\/image\" title=\"Sergio Flores\" alt=\"Sergio Flores, dirigente estudiantil al frente de esta protesta.\" style=\"width: 316px; height: 207px;\" \/> <\/a> <div class=\"tiled-gallery-caption\" itemprop=\"caption description\"> Sergio Flores, dirigente estudiantil al frente de esta protesta. <\/div> <\/div> <\/div> <!-- close group --> <div class=\"gallery-group images-1\" style=\"width: 320px; height: 211px;\" data-original-width=\"320\" data-original-height=\"211\" > <div class=\"tiled-gallery-item tiled-gallery-item-large\" itemprop=\"associatedMedia\" itemscope itemtype=\"http:\/\/schema.org\/ImageObject\"> <a href=\"https:\/\/eltrabajo.cl\/portal\/estudiantes-del-aiep-reclaman-por-alza-de-aranceles-en-carreras\/rodrigo-valderrama-2\/\" border=\"0\" itemprop=\"url\"> <meta itemprop=\"width\" content=\"316\"> <meta itemprop=\"height\" content=\"207\"> <img decoding=\"async\" class=\"\" data-attachment-id=\"63567\" data-orig-file=\"https:\/\/eltrabajo.cl\/portal\/wp-content\/uploads\/2015\/11\/Rodrigo-Valderrama.jpg\" data-orig-size=\"530,348\" data-comments-opened=\"1\" data-image-meta=\"{&quot;aperture&quot;:&quot;0&quot;,&quot;credit&quot;:&quot;&quot;,&quot;camera&quot;:&quot;&quot;,&quot;caption&quot;:&quot;&quot;,&quot;created_timestamp&quot;:&quot;0&quot;,&quot;copyright&quot;:&quot;&quot;,&quot;focal_length&quot;:&quot;0&quot;,&quot;iso&quot;:&quot;0&quot;,&quot;shutter_speed&quot;:&quot;0&quot;,&quot;title&quot;:&quot;&quot;,&quot;orientation&quot;:&quot;0&quot;}\" data-image-title=\"Rodrigo Valderrama\" data-image-description=\"&lt;p&gt;Rodrigo Valderrama, director ejecutivo de Aiep San Felipe.&lt;\/p&gt; \" data-medium-file=\"https:\/\/i0.wp.com\/eltrabajo.cl\/portal\/wp-content\/uploads\/2015\/11\/Rodrigo-Valderrama.jpg?fit=300%2C197&#038;ssl=1\" data-large-file=\"https:\/\/i0.wp.com\/eltrabajo.cl\/portal\/wp-content\/uploads\/2015\/11\/Rodrigo-Valderrama.jpg?fit=530%2C348&#038;ssl=1\" src=\"https:\/\/i0.wp.com\/eltrabajo.cl\/portal\/wp-content\/uploads\/2015\/11\/Rodrigo-Valderrama.jpg?w=316&#038;h=207&#038;ssl=1\" srcset=\"https:\/\/i0.wp.com\/eltrabajo.cl\/portal\/wp-content\/uploads\/2015\/11\/Rodrigo-Valderrama.jpg?w=530&amp;ssl=1 530w, https:\/\/i0.wp.com\/eltrabajo.cl\/portal\/wp-content\/uploads\/2015\/11\/Rodrigo-Valderrama.jpg?resize=200%2C131&amp;ssl=1 200w, https:\/\/i0.wp.com\/eltrabajo.cl\/portal\/wp-content\/uploads\/2015\/11\/Rodrigo-Valderrama.jpg?resize=300%2C197&amp;ssl=1 300w, https:\/\/i0.wp.com\/eltrabajo.cl\/portal\/wp-content\/uploads\/2015\/11\/Rodrigo-Valderrama.jpg?resize=228%2C150&amp;ssl=1 228w, https:\/\/i0.wp.com\/eltrabajo.cl\/portal\/wp-content\/uploads\/2015\/11\/Rodrigo-Valderrama.jpg?resize=400%2C263&amp;ssl=1 400w\" width=\"316\" height=\"207\" loading=\"lazy\" data-original-width=\"316\" data-original-height=\"207\" itemprop=\"http:\/\/schema.org\/image\" title=\"Rodrigo Valderrama\" alt=\"Rodrigo Valderrama, director ejecutivo de Aiep San Felipe.\" style=\"width: 316px; height: 207px;\" \/> <\/a> <div class=\"tiled-gallery-caption\" itemprop=\"caption description\"> Rodrigo Valderrama, director ejecutivo de Aiep San Felipe. <\/div> <\/div> <\/div> <!-- close group --> <\/div> <!-- close row --> <\/div>\n","protected":false},"excerpt":{"rendered":"<p>\u00abA ver a ver, a mover las patitas, hay que moverlas por las matr\u00edculas gratuitas\u00bb. Proclamando consignas como estas y otras m\u00e1s directas, as\u00ed se manifestaron durante varias horas al menos unos&#8230;<\/p>\n","protected":false},"author":482,"featured_media":63562,"comment_status":"open","ping_status":"open","sticky":false,"template":"","format":"standard","meta":{"advanced_seo_description":"","jetpack_seo_html_title":"","jetpack_seo_noindex":false,"_jetpack_memberships_contains_paid_content":false,"footnotes":""},"categories":[15],"tags":[],"class_list":["post-63561","post","type-post","status-publish","format-standard","has-post-thumbnail","hentry","category-comunidad"],"jetpack_featured_media_url":"https:\/\/i0.wp.com\/eltrabajo.cl\/portal\/wp-content\/uploads\/2015\/11\/Protesta1.jpg?fit=530%2C350&ssl=1","jetpack_sharing_enabled":true,"jetpack_likes_enabled":true,"jetpack-related-posts":[],"_links":{"self":[{"href":"https:\/\/eltrabajo.cl\/portal\/wp-json\/wp\/v2\/posts\/63561","targetHints":{"allow":["GET"]}}],"collection":[{"href":"https:\/\/eltrabajo.cl\/portal\/wp-json\/wp\/v2\/posts"}],"about":[{"href":"https:\/\/eltrabajo.cl\/portal\/wp-json\/wp\/v2\/types\/post"}],"author":[{"embeddable":true,"href":"https:\/\/eltrabajo.cl\/portal\/wp-json\/wp\/v2\/users\/482"}],"replies":[{"embeddable":true,"href":"https:\/\/eltrabajo.cl\/portal\/wp-json\/wp\/v2\/comments?post=63561"}],"version-history":[{"count":0,"href":"https:\/\/eltrabajo.cl\/portal\/wp-json\/wp\/v2\/posts\/63561\/revisions"}],"wp:featuredmedia":[{"embeddable":true,"href":"https:\/\/eltrabajo.cl\/portal\/wp-json\/wp\/v2\/media\/63562"}],"wp:attachment":[{"href":"https:\/\/eltrabajo.cl\/portal\/wp-json\/wp\/v2\/media?parent=63561"}],"wp:term":[{"taxonomy":"category","embeddable":true,"href":"https:\/\/eltrabajo.cl\/portal\/wp-json\/wp\/v2\/categories?post=63561"},{"taxonomy":"post_tag","embeddable":true,"href":"https:\/\/eltrabajo.cl\/portal\/wp-json\/wp\/v2\/tags?post=63561"}],"curies":[{"name":"wp","href":"https:\/\/api.w.org\/{rel}","templated":true}]}}