{"id":63570,"date":"2015-11-05T09:20:33","date_gmt":"2015-11-05T12:20:33","guid":{"rendered":"http:\/\/www.eltrabajo.cl\/portal\/?p=63570"},"modified":"2015-11-05T09:20:33","modified_gmt":"2015-11-05T12:20:33","slug":"escolares-participaron-de-encuentro-de-palin-en-san-felipe","status":"publish","type":"post","link":"https:\/\/eltrabajo.cl\/portal\/escolares-participaron-de-encuentro-de-palin-en-san-felipe\/","title":{"rendered":"Escolares participaron de encuentro de pal\u00edn en San Felipe"},"content":{"rendered":"<figure id=\"attachment_63571\" aria-describedby=\"caption-attachment-63571\" style=\"width: 300px\" class=\"wp-caption alignleft\"><a href=\"https:\/\/i0.wp.com\/www.eltrabajo.cl\/portal\/wp-content\/uploads\/2015\/11\/Encuentro-palin-5.jpg\"><img data-recalc-dims=\"1\" loading=\"lazy\" decoding=\"async\" class=\"wp-image-63571 size-medium\" src=\"https:\/\/i0.wp.com\/www.eltrabajo.cl\/portal\/wp-content\/uploads\/2015\/11\/Encuentro-palin-5-300x198.jpg?resize=300%2C198\" alt=\"Escuelas de Quilpu\u00e9, Santa Mar\u00eda, La Ligua y San Felipe participaron de este nuevo encuentro de pal\u00edn en la escuela Manuel Rodr\u00edguez.\" width=\"300\" height=\"198\" srcset=\"https:\/\/i0.wp.com\/eltrabajo.cl\/portal\/wp-content\/uploads\/2015\/11\/Encuentro-palin-5.jpg?resize=300%2C198&amp;ssl=1 300w, https:\/\/i0.wp.com\/eltrabajo.cl\/portal\/wp-content\/uploads\/2015\/11\/Encuentro-palin-5.jpg?resize=200%2C132&amp;ssl=1 200w, https:\/\/i0.wp.com\/eltrabajo.cl\/portal\/wp-content\/uploads\/2015\/11\/Encuentro-palin-5.jpg?resize=227%2C150&amp;ssl=1 227w, https:\/\/i0.wp.com\/eltrabajo.cl\/portal\/wp-content\/uploads\/2015\/11\/Encuentro-palin-5.jpg?resize=400%2C264&amp;ssl=1 400w, https:\/\/i0.wp.com\/eltrabajo.cl\/portal\/wp-content\/uploads\/2015\/11\/Encuentro-palin-5.jpg?w=530&amp;ssl=1 530w\" sizes=\"auto, (max-width: 300px) 100vw, 300px\" \/><\/a><figcaption id=\"caption-attachment-63571\" class=\"wp-caption-text\">Escuelas de Quilpu\u00e9, Santa Mar\u00eda, La Ligua y San Felipe participaron de este nuevo encuentro de pal\u00edn en la escuela Manuel Rodr\u00edguez.<\/figcaption><\/figure>\n<ul>\n<li><strong>Evento del programa pueblos originarios se realiz\u00f3 en escuela Manuel Rodr\u00edguez<\/strong><\/li>\n<\/ul>\n<p>En la Escuela Manuel Rodr\u00edguez de San Felipe, se efectu\u00f3 ayer mi\u00e9rcoles un nuevo encuentro deportivo de pal\u00edn, del programa pueblos originarios. La actividad cont\u00f3 con la presencia del Director Regional del IND V\u00edctor Torres, y se inici\u00f3 con una rogativa a cargo del lonco Segundo Manuel Currilem.<br \/>\nPosteriormente escolares de la escuela Manuel Rodr\u00edguez, del Theodor Heuss de Quilpu\u00e9, de La Higuera de Santa Mar\u00eda y de la Escuela de Valle Hermoso, La Ligua. Los estudiantes participaron de varios encuentros de pal\u00edn. El Director Regional del IND V\u00edctor Torres coment\u00f3. \u201cPara nosotros es espectacular que una comuna como San Felipe nos permita hacer visible este tipo de actividades y que podamos seguir cultiv\u00e1ndolas. Esta es la forma en que podemos dar a conocer todos nuestros programas y que abarcan a toda la poblaci\u00f3n\u201d.<br \/>\nEl lonco Segundo Manuel Currilem destac\u00f3 la difusi\u00f3n del pal\u00edn entre la comunidad escolar, \u201ces importante poder llegar a los colegios y practicar el pal\u00edn. Este es un juego tradicional, muy ancestral que solamente los pueblos originarios lo practicaban y hoy estamos abri\u00e9ndonos a los colegios para mostrar nuestras costumbres y tradiciones\u201d.<br \/>\nEl programa tiene una inversi\u00f3n de 37 millones y talleres de pal\u00edn en las comunas de La Ligua, Quilpu\u00e9, San Antonio y Santa Mar\u00eda. En la Isla de Pascua se est\u00e1n ejecutando 10 talleres y se realizar\u00e1n 4 eventos. Las disciplinas que se ejecutan son principalmente canoa, surf de pie, pesca y triatl\u00f3n internacional.<\/p>\n","protected":false},"excerpt":{"rendered":"<p>Evento del programa pueblos originarios se realiz\u00f3 en escuela Manuel Rodr\u00edguez En la Escuela Manuel Rodr\u00edguez de San Felipe, se efectu\u00f3 ayer mi\u00e9rcoles un nuevo encuentro deportivo de pal\u00edn, del programa pueblos&#8230;<\/p>\n","protected":false},"author":482,"featured_media":63571,"comment_status":"open","ping_status":"open","sticky":false,"template":"","format":"standard","meta":{"advanced_seo_description":"","jetpack_seo_html_title":"","jetpack_seo_noindex":false,"_jetpack_memberships_contains_paid_content":false,"footnotes":""},"categories":[15],"tags":[],"class_list":["post-63570","post","type-post","status-publish","format-standard","has-post-thumbnail","hentry","category-comunidad"],"jetpack_featured_media_url":"https:\/\/i0.wp.com\/eltrabajo.cl\/portal\/wp-content\/uploads\/2015\/11\/Encuentro-palin-5.jpg?fit=530%2C350&ssl=1","jetpack_sharing_enabled":true,"jetpack_likes_enabled":true,"jetpack-related-posts":[],"_links":{"self":[{"href":"https:\/\/eltrabajo.cl\/portal\/wp-json\/wp\/v2\/posts\/63570","targetHints":{"allow":["GET"]}}],"collection":[{"href":"https:\/\/eltrabajo.cl\/portal\/wp-json\/wp\/v2\/posts"}],"about":[{"href":"https:\/\/eltrabajo.cl\/portal\/wp-json\/wp\/v2\/types\/post"}],"author":[{"embeddable":true,"href":"https:\/\/eltrabajo.cl\/portal\/wp-json\/wp\/v2\/users\/482"}],"replies":[{"embeddable":true,"href":"https:\/\/eltrabajo.cl\/portal\/wp-json\/wp\/v2\/comments?post=63570"}],"version-history":[{"count":0,"href":"https:\/\/eltrabajo.cl\/portal\/wp-json\/wp\/v2\/posts\/63570\/revisions"}],"wp:featuredmedia":[{"embeddable":true,"href":"https:\/\/eltrabajo.cl\/portal\/wp-json\/wp\/v2\/media\/63571"}],"wp:attachment":[{"href":"https:\/\/eltrabajo.cl\/portal\/wp-json\/wp\/v2\/media?parent=63570"}],"wp:term":[{"taxonomy":"category","embeddable":true,"href":"https:\/\/eltrabajo.cl\/portal\/wp-json\/wp\/v2\/categories?post=63570"},{"taxonomy":"post_tag","embeddable":true,"href":"https:\/\/eltrabajo.cl\/portal\/wp-json\/wp\/v2\/tags?post=63570"}],"curies":[{"name":"wp","href":"https:\/\/api.w.org\/{rel}","templated":true}]}}