{"id":63573,"date":"2015-11-05T09:22:16","date_gmt":"2015-11-05T12:22:16","guid":{"rendered":"http:\/\/www.eltrabajo.cl\/portal\/?p=63573"},"modified":"2015-11-05T09:22:16","modified_gmt":"2015-11-05T12:22:16","slug":"madre-reclama-que-su-hijo-casi-muere-por-mal-diagnostico-en-urgencias","status":"publish","type":"post","link":"https:\/\/eltrabajo.cl\/portal\/madre-reclama-que-su-hijo-casi-muere-por-mal-diagnostico-en-urgencias\/","title":{"rendered":"Madre reclama que su hijo casi muere por mal diagn\u00f3stico en Urgencias"},"content":{"rendered":"<figure id=\"attachment_63574\" aria-describedby=\"caption-attachment-63574\" style=\"width: 300px\" class=\"wp-caption alignleft\"><a href=\"https:\/\/i0.wp.com\/www.eltrabajo.cl\/portal\/wp-content\/uploads\/2015\/11\/Pamela-Silva.jpg\"><img data-recalc-dims=\"1\" loading=\"lazy\" decoding=\"async\" class=\"wp-image-63574 size-medium\" src=\"https:\/\/i0.wp.com\/www.eltrabajo.cl\/portal\/wp-content\/uploads\/2015\/11\/Pamela-Silva-300x197.jpg?resize=300%2C197\" alt=\"Pamela Silva, madre del menor atendido en Urgencias del San Camilo.\" width=\"300\" height=\"197\" srcset=\"https:\/\/i0.wp.com\/eltrabajo.cl\/portal\/wp-content\/uploads\/2015\/11\/Pamela-Silva.jpg?resize=300%2C197&amp;ssl=1 300w, https:\/\/i0.wp.com\/eltrabajo.cl\/portal\/wp-content\/uploads\/2015\/11\/Pamela-Silva.jpg?resize=200%2C131&amp;ssl=1 200w, https:\/\/i0.wp.com\/eltrabajo.cl\/portal\/wp-content\/uploads\/2015\/11\/Pamela-Silva.jpg?resize=228%2C150&amp;ssl=1 228w, https:\/\/i0.wp.com\/eltrabajo.cl\/portal\/wp-content\/uploads\/2015\/11\/Pamela-Silva.jpg?resize=400%2C263&amp;ssl=1 400w, https:\/\/i0.wp.com\/eltrabajo.cl\/portal\/wp-content\/uploads\/2015\/11\/Pamela-Silva.jpg?w=530&amp;ssl=1 530w\" sizes=\"auto, (max-width: 300px) 100vw, 300px\" \/><\/a><figcaption id=\"caption-attachment-63574\" class=\"wp-caption-text\">Pamela Silva, madre del menor atendido en Urgencias del San Camilo.<\/figcaption><\/figure>\n<p>La se\u00f1ora Pamela Silva Navarro, otra usuaria del Servicio de Urgencias del Hospital San Camilo, visit\u00f3 nuestra Sala de Redacci\u00f3n para denunciar lo que a ella le pareci\u00f3 un acto de negligencia y despreocupaci\u00f3n por parte de un m\u00e9dico, quien atendiera a su menor de cuatro a\u00f1os hace pocos d\u00edas.<br \/>\n\u00abLlev\u00e9 a mi ni\u00f1o a Urgencias para que me lo atendieran el 23 de octubre, mi hijo estaba muy deshidratado, pero \u00e9l, el doctor Milton Antonio Guerrero me dijo que s\u00f3lo era un virus, me envi\u00f3 para la casa y a las horas se me puso muy mal\u00bb, dijo la se\u00f1ora Pamela Silva.<br \/>\nPese a que la madre del menor se fue confiada para su casa por lo que el doctor Guerrero le indic\u00f3, a las pocas horas debi\u00f3 salir corriendo nuevamente a Urgencias, pues su hijo se complicaba a cada minuto.<br \/>\n\u00abCuando lo llev\u00e9 de nuevo a Urgencias, ya hab\u00eda otro doctor, quien remiti\u00f3 de inmediato mi hijo para hacerle ex\u00e1menes, se puso muy grave mi ni\u00f1o, hasta con respirador mec\u00e1nico estuvo mi peque\u00f1o, estoy muy molesta por esta negligencia, pues mi hijo pudo morir a ra\u00edz de la mala atenci\u00f3n de este m\u00e9dico\u00bb, explic\u00f3 Silva a Diario El Trabajo.<\/p>\n<p><strong>MENOR SIGUE \u00a0HOSPITALIZADO<\/strong><br \/>\nDiario El Trabajo busc\u00f3 explicaciones en el hospital San Camilo, a lo que respondieron por medio de un comunicado lo siguiente:<br \/>\nEl d\u00eda 23 de octubre, el paciente consulta en Urgencias con signos de fiebre debido a un cuadro viral propio de la estaci\u00f3n del a\u00f1o, pero con buenos par\u00e1metros respiratorios, de pulso y temperatura, lo que indica al m\u00e9dico que no es necesario realizar ex\u00e1menes sino, en una primera instancia, bajar esa fiebre, que es justamente lo que indica, aclarando que el cuadro se debe monitorizar y si no mejora, volver a consultar.<br \/>\nDe esta manera, efectivamente 24 horas despu\u00e9s, su cuadro se ha deteriorado y con nuevos par\u00e1metros, el m\u00e9dico decide hospitalizar para seguir de mejor manera su evoluci\u00f3n, debido a que el tratamiento inicial no hab\u00eda dado resultados. Una vez hospitalizado, y con el diagn\u00f3stico claro, el menor sigui\u00f3 deterior\u00e1ndose pese al tratamiento que le efectuaron, por lo que se decide su traslado a Santiago, en donde el menor tampoco reaccion\u00f3 bien a los tratamientos y continu\u00f3 sus complicaciones, lo que coincide con un cuadro de r\u00e1pida evoluci\u00f3n que no es muy frecuente en menores y por lo tanto, muy dif\u00edcil de detectar en la primera atenci\u00f3n.<br \/>\nDe cualquier manera, desde la Unidad de Tratamientos Intermedios del Hospital San Camilo se mantienen en contacto con el Hospital Calvo Mackenna, para conocer el estado del paciente a la espera de poder trasladarlo nuevamente a San Felipe para tranquilidad de su familia.<br \/>\n<strong>Roberto Gonz\u00e1lez Short<\/strong><br \/>\n<strong>rgonzalez@eltrabajo.cl<\/strong><\/p>\n","protected":false},"excerpt":{"rendered":"<p>La se\u00f1ora Pamela Silva Navarro, otra usuaria del Servicio de Urgencias del Hospital San Camilo, visit\u00f3 nuestra Sala de Redacci\u00f3n para denunciar lo que a ella le pareci\u00f3 un acto de negligencia&#8230;<\/p>\n","protected":false},"author":482,"featured_media":63574,"comment_status":"open","ping_status":"open","sticky":false,"template":"","format":"standard","meta":{"advanced_seo_description":"","jetpack_seo_html_title":"","jetpack_seo_noindex":false,"_jetpack_memberships_contains_paid_content":false,"footnotes":""},"categories":[15],"tags":[],"class_list":["post-63573","post","type-post","status-publish","format-standard","has-post-thumbnail","hentry","category-comunidad"],"jetpack_featured_media_url":"https:\/\/i0.wp.com\/eltrabajo.cl\/portal\/wp-content\/uploads\/2015\/11\/Pamela-Silva.jpg?fit=530%2C348&ssl=1","jetpack_sharing_enabled":true,"jetpack_likes_enabled":true,"jetpack-related-posts":[],"_links":{"self":[{"href":"https:\/\/eltrabajo.cl\/portal\/wp-json\/wp\/v2\/posts\/63573","targetHints":{"allow":["GET"]}}],"collection":[{"href":"https:\/\/eltrabajo.cl\/portal\/wp-json\/wp\/v2\/posts"}],"about":[{"href":"https:\/\/eltrabajo.cl\/portal\/wp-json\/wp\/v2\/types\/post"}],"author":[{"embeddable":true,"href":"https:\/\/eltrabajo.cl\/portal\/wp-json\/wp\/v2\/users\/482"}],"replies":[{"embeddable":true,"href":"https:\/\/eltrabajo.cl\/portal\/wp-json\/wp\/v2\/comments?post=63573"}],"version-history":[{"count":0,"href":"https:\/\/eltrabajo.cl\/portal\/wp-json\/wp\/v2\/posts\/63573\/revisions"}],"wp:featuredmedia":[{"embeddable":true,"href":"https:\/\/eltrabajo.cl\/portal\/wp-json\/wp\/v2\/media\/63574"}],"wp:attachment":[{"href":"https:\/\/eltrabajo.cl\/portal\/wp-json\/wp\/v2\/media?parent=63573"}],"wp:term":[{"taxonomy":"category","embeddable":true,"href":"https:\/\/eltrabajo.cl\/portal\/wp-json\/wp\/v2\/categories?post=63573"},{"taxonomy":"post_tag","embeddable":true,"href":"https:\/\/eltrabajo.cl\/portal\/wp-json\/wp\/v2\/tags?post=63573"}],"curies":[{"name":"wp","href":"https:\/\/api.w.org\/{rel}","templated":true}]}}