{"id":63579,"date":"2015-11-05T09:28:02","date_gmt":"2015-11-05T12:28:02","guid":{"rendered":"http:\/\/www.eltrabajo.cl\/portal\/?p=63579"},"modified":"2015-11-05T09:28:02","modified_gmt":"2015-11-05T12:28:02","slug":"lanzan-sello-chile-inclusivo-2015-en-teatro-municipal-de-san-felipe","status":"publish","type":"post","link":"https:\/\/eltrabajo.cl\/portal\/lanzan-sello-chile-inclusivo-2015-en-teatro-municipal-de-san-felipe\/","title":{"rendered":"Lanzan Sello Chile Inclusivo 2015 en Teatro Municipal de San Felipe"},"content":{"rendered":"<figure id=\"attachment_63580\" aria-describedby=\"caption-attachment-63580\" style=\"width: 300px\" class=\"wp-caption alignleft\"><a href=\"https:\/\/i0.wp.com\/www.eltrabajo.cl\/portal\/wp-content\/uploads\/2015\/11\/Lanzamiento-chile-inclusivo-2.jpg\"><img data-recalc-dims=\"1\" loading=\"lazy\" decoding=\"async\" class=\"wp-image-63580 size-medium\" src=\"https:\/\/i0.wp.com\/www.eltrabajo.cl\/portal\/wp-content\/uploads\/2015\/11\/Lanzamiento-chile-inclusivo-2-300x197.jpg?resize=300%2C197\" alt=\"La actividad cont\u00f3 con la presencia del seremi de Desarrollo Social, Abel Gallardo, la directora regional de Senadis, Marisol Torres, el Gobernador Eduardo Le\u00f3n y el alcalde Patricio Freire.\" width=\"300\" height=\"197\" srcset=\"https:\/\/i0.wp.com\/eltrabajo.cl\/portal\/wp-content\/uploads\/2015\/11\/Lanzamiento-chile-inclusivo-2.jpg?resize=300%2C197&amp;ssl=1 300w, https:\/\/i0.wp.com\/eltrabajo.cl\/portal\/wp-content\/uploads\/2015\/11\/Lanzamiento-chile-inclusivo-2.jpg?resize=200%2C131&amp;ssl=1 200w, https:\/\/i0.wp.com\/eltrabajo.cl\/portal\/wp-content\/uploads\/2015\/11\/Lanzamiento-chile-inclusivo-2.jpg?resize=228%2C150&amp;ssl=1 228w, https:\/\/i0.wp.com\/eltrabajo.cl\/portal\/wp-content\/uploads\/2015\/11\/Lanzamiento-chile-inclusivo-2.jpg?resize=400%2C263&amp;ssl=1 400w, https:\/\/i0.wp.com\/eltrabajo.cl\/portal\/wp-content\/uploads\/2015\/11\/Lanzamiento-chile-inclusivo-2.jpg?w=530&amp;ssl=1 530w\" sizes=\"auto, (max-width: 300px) 100vw, 300px\" \/><\/a><figcaption id=\"caption-attachment-63580\" class=\"wp-caption-text\">La actividad cont\u00f3 con la presencia del seremi de Desarrollo Social, Abel Gallardo, la directora regional de Senadis, Marisol Torres, el Gobernador Eduardo Le\u00f3n y el alcalde Patricio Freire.<\/figcaption><\/figure>\n<ul>\n<li><strong>Iniciativa busca destacar y promover que las empresas y entidades p\u00fablicas jueguen un rol clave en la inclusi\u00f3n laboral de personas en situaci\u00f3n de discapacidad.<\/strong><\/li>\n<\/ul>\n<p>En el teatro municipal de San Felipe el Ministerio de Desarrollo Social y la direcci\u00f3n regional del Servicio Nacional de la Discapacidad (Senadis) realizaron el lanzamiento oficial del Sello Chile Inclusivo 2015 de la Regi\u00f3n de Valpara\u00edso que valora y promueve las acciones de empresas en la inclusi\u00f3n laboral de personas en situaci\u00f3n de discapacidad. Una actividad que cont\u00f3 con la presencia del seremi de Desarrollo Social, Abel Gallardo, la directora regional de Senadis, Marisol Torres, el Gobernador Eduardo Le\u00f3n y el alcalde Patricio Freire.<br \/>\nJunto a ellos, se destac\u00f3 la labor que ha realizado Onofre Quiroga, due\u00f1o de la Ferreter\u00eda Oriente, quien se ha involucrado desde hace mucho tiempo en la tarea de la inclusi\u00f3n, contratando personas en situaci\u00f3n de discapacidad. \u201cEsta tarea la estamos haciendo con j\u00f3venes desde hace 8 o 10 a\u00f1os y me parece muy bien que la promueva el Gobierno, porque a pesar de que falta mucho por avanzar, es un gran aporte para estas personas y para toda la comunidad\u201d, coment\u00f3 Quiroga.<br \/>\nEl empresario sanfelipe\u00f1o, quien dijo tener a un nieto en situaci\u00f3n de discapacidad, se\u00f1al\u00f3 adem\u00e1s que \u201ces reconfortante que se destaque a quienes tenemos responsabilidad social con la comunidad. Estas personas son un aporte y no un problema, ser\u00eda bueno que muchas empresas m\u00e1s as\u00ed lo entendieran y vieran que son personas sanas de mente, coraz\u00f3n y muy \u00fatiles, porque todos los d\u00edas nos ense\u00f1an una lecci\u00f3n de vida\u201d.<br \/>\nEn tanto, la directora regional de Senadis, Marisol Torres, cont\u00f3 que el Sello Chile Inclusivo es una distinci\u00f3n del Gobierno a aquellas iniciativas que apoyan la inclusi\u00f3n laboral en grandes y medianas empresas, en el servicio p\u00fablico y en lo que dice relaci\u00f3n con los espacios p\u00fablicos inclusivos. \u201cElegimos San Felipe porque tanto con el municipio como con la Gobernaci\u00f3n hemos realizado un trabajo importante de sensibilizaci\u00f3n y existen acciones concretas para personas en situaci\u00f3n de discapacidad\u201d, apunt\u00f3.<br \/>\nJunto a eso, Torres expres\u00f3 que la inclusi\u00f3n no es \u201cuna cuesti\u00f3n de amor en 27 o 30 horas, sino que es tarea de todo el a\u00f1o y tiene que ver con una perspectiva de derechos. En San Felipe hemos conocido al menos 20 empresas que est\u00e1n haciendo inclusi\u00f3n laboral y est\u00e1n vinculadas con escuelas especiales, en donde j\u00f3venes egresan de sus talleres y cuentan con trabajo y contrato indefinido, eso no sale en los medios y no es noticia, pero es una realidad que queremos mostrar\u201d.<br \/>\nEn la misma l\u00ednea, el seremi de Desarrollo Social, Abel Gallardo, manifest\u00f3 que el Sello Chile Inclusivo es una iniciativa que busca promover iniciativas tanto del \u00e1mbito p\u00fablico como privado que favorecen la inclusi\u00f3n de las personas en situaci\u00f3n de discapacidad. \u201cLa discapacidad, m\u00e1s que una situaci\u00f3n inherente a las personas, son los obst\u00e1culos que la sociedad pone para que las personas puedan incorporarse a una vida m\u00e1s tradicional, por lo que nos interesa generar que las empresas puedan incorporar a personas en situaci\u00f3n de discapacidad y se generen espacios de accesibilidad para que puedan acceder a espacios p\u00fablicos\u201d, asegur\u00f3.<br \/>\nGallardo destac\u00f3 tambi\u00e9n el rol que ha cumplido por la inclusi\u00f3n tanto el municipio como la Gobernaci\u00f3n de San Felipe. \u201cNo es casualidad que estemos ac\u00e1, porque se han generado las instancias de inclusi\u00f3n que deber\u00edan replicarse en todos los lugares\u201d, cerr\u00f3.<\/p>\n","protected":false},"excerpt":{"rendered":"<p>Iniciativa busca destacar y promover que las empresas y entidades p\u00fablicas jueguen un rol clave en la inclusi\u00f3n laboral de personas en situaci\u00f3n de discapacidad. En el teatro municipal de San Felipe&#8230;<\/p>\n","protected":false},"author":482,"featured_media":63580,"comment_status":"open","ping_status":"open","sticky":false,"template":"","format":"standard","meta":{"advanced_seo_description":"","jetpack_seo_html_title":"","jetpack_seo_noindex":false,"_jetpack_memberships_contains_paid_content":false,"footnotes":""},"categories":[1],"tags":[],"class_list":["post-63579","post","type-post","status-publish","format-standard","has-post-thumbnail","hentry","category-cronica"],"jetpack_featured_media_url":"https:\/\/i0.wp.com\/eltrabajo.cl\/portal\/wp-content\/uploads\/2015\/11\/Lanzamiento-chile-inclusivo-2.jpg?fit=530%2C348&ssl=1","jetpack_sharing_enabled":true,"jetpack_likes_enabled":true,"jetpack-related-posts":[],"_links":{"self":[{"href":"https:\/\/eltrabajo.cl\/portal\/wp-json\/wp\/v2\/posts\/63579","targetHints":{"allow":["GET"]}}],"collection":[{"href":"https:\/\/eltrabajo.cl\/portal\/wp-json\/wp\/v2\/posts"}],"about":[{"href":"https:\/\/eltrabajo.cl\/portal\/wp-json\/wp\/v2\/types\/post"}],"author":[{"embeddable":true,"href":"https:\/\/eltrabajo.cl\/portal\/wp-json\/wp\/v2\/users\/482"}],"replies":[{"embeddable":true,"href":"https:\/\/eltrabajo.cl\/portal\/wp-json\/wp\/v2\/comments?post=63579"}],"version-history":[{"count":0,"href":"https:\/\/eltrabajo.cl\/portal\/wp-json\/wp\/v2\/posts\/63579\/revisions"}],"wp:featuredmedia":[{"embeddable":true,"href":"https:\/\/eltrabajo.cl\/portal\/wp-json\/wp\/v2\/media\/63580"}],"wp:attachment":[{"href":"https:\/\/eltrabajo.cl\/portal\/wp-json\/wp\/v2\/media?parent=63579"}],"wp:term":[{"taxonomy":"category","embeddable":true,"href":"https:\/\/eltrabajo.cl\/portal\/wp-json\/wp\/v2\/categories?post=63579"},{"taxonomy":"post_tag","embeddable":true,"href":"https:\/\/eltrabajo.cl\/portal\/wp-json\/wp\/v2\/tags?post=63579"}],"curies":[{"name":"wp","href":"https:\/\/api.w.org\/{rel}","templated":true}]}}