{"id":63582,"date":"2015-11-05T09:30:01","date_gmt":"2015-11-05T12:30:01","guid":{"rendered":"http:\/\/www.eltrabajo.cl\/portal\/?p=63582"},"modified":"2015-11-05T09:30:01","modified_gmt":"2015-11-05T12:30:01","slug":"hasta-fines-de-noviembre-se-extendera-campana-de-vacunacion-contra-el-sarampion","status":"publish","type":"post","link":"https:\/\/eltrabajo.cl\/portal\/hasta-fines-de-noviembre-se-extendera-campana-de-vacunacion-contra-el-sarampion\/","title":{"rendered":"Hasta fines de noviembre se extender\u00e1 campa\u00f1a de vacunaci\u00f3n contra el sarampi\u00f3n"},"content":{"rendered":"<figure id=\"attachment_63583\" aria-describedby=\"caption-attachment-63583\" style=\"width: 300px\" class=\"wp-caption alignleft\"><a href=\"https:\/\/i0.wp.com\/www.eltrabajo.cl\/portal\/wp-content\/uploads\/2015\/11\/jenny-henriquez.jpg\"><img data-recalc-dims=\"1\" loading=\"lazy\" decoding=\"async\" class=\"wp-image-63583 size-medium\" src=\"https:\/\/i0.wp.com\/www.eltrabajo.cl\/portal\/wp-content\/uploads\/2015\/11\/jenny-henriquez-300x197.jpg?resize=300%2C197\" alt=\"Jenny Henr\u00edquez, directora del Cesfam Curim\u00f3n.\" width=\"300\" height=\"197\" srcset=\"https:\/\/i0.wp.com\/eltrabajo.cl\/portal\/wp-content\/uploads\/2015\/11\/jenny-henriquez.jpg?resize=300%2C197&amp;ssl=1 300w, https:\/\/i0.wp.com\/eltrabajo.cl\/portal\/wp-content\/uploads\/2015\/11\/jenny-henriquez.jpg?resize=200%2C131&amp;ssl=1 200w, https:\/\/i0.wp.com\/eltrabajo.cl\/portal\/wp-content\/uploads\/2015\/11\/jenny-henriquez.jpg?resize=228%2C150&amp;ssl=1 228w, https:\/\/i0.wp.com\/eltrabajo.cl\/portal\/wp-content\/uploads\/2015\/11\/jenny-henriquez.jpg?resize=400%2C263&amp;ssl=1 400w, https:\/\/i0.wp.com\/eltrabajo.cl\/portal\/wp-content\/uploads\/2015\/11\/jenny-henriquez.jpg?w=530&amp;ssl=1 530w\" sizes=\"auto, (max-width: 300px) 100vw, 300px\" \/><\/a><figcaption id=\"caption-attachment-63583\" class=\"wp-caption-text\">Jenny Henr\u00edquez, directora del Cesfam Curim\u00f3n.<\/figcaption><\/figure>\n<ul>\n<li><strong>La vacunaci\u00f3n se est\u00e1 realizando en los centros de salud municipal de la comuna de San Felipe.<\/strong><\/li>\n<\/ul>\n<p>Hasta el 30 de noviembre se mantendr\u00e1 la campa\u00f1a nacional de vacunaci\u00f3n contra el Sarampi\u00f3n, impulsada por el ministerio de Salud y que en la comuna de San Felipe est\u00e1n llevando adelante en los Centros de Salud municipales.<br \/>\nLa campa\u00f1a est\u00e1 enfocada a los ni\u00f1os entre un a\u00f1o y los cinco a\u00f1os 11 meses y 29 d\u00edas y busca evitar el contagio de esta enfermedad viral, que es altamente contagiosa y que se transmite por v\u00eda a\u00e9rea y el contacto directo por gotas de saliva.<br \/>\nEn caso de contagio, los ni\u00f1os presentar\u00edan peque\u00f1as manchas rojas en la piel, fiebre y s\u00edntomas respiratorios, adem\u00e1s de una importante disminuci\u00f3n de la inmunidad, lo que facilita la aparici\u00f3n de otitis, neumon\u00eda, convulsiones, ceguera, encefalitis e incluso la muerte.<br \/>\n\u201cCuando vacunamos estamos previniendo complicaciones para nuestros hijos y para todos los ni\u00f1os de nuestro pa\u00eds. Los s\u00edntomas despu\u00e9s de la vacunaci\u00f3n son comunes a toda vacuna, malestar general, estar un poco m\u00e1s irritable, dolor en el lugar de la vacunaci\u00f3n y por ello siempre recomendamos no apretar y siempre consultar a un especialista, y en caso de fiebre aplicar paracetamol\u201d, dijo Jenny Henr\u00edquez, directora del Cesfam Curim\u00f3n.<br \/>\nLa vacunaci\u00f3n se est\u00e1 efectuando en todos los centros de salud municipal de la comuna de San Felipe, as\u00ed como tambi\u00e9n los profesionales de salud est\u00e1n vacunando a los ni\u00f1os en los jardines infantiles y establecimientos educacionales de la comuna.<br \/>\nEn nuestro pa\u00eds esta enfermedad fue eliminada y como resultado de la vacunaci\u00f3n en la \u00faltima d\u00e9cada se ha reducido en un 75% la mortalidad por esta enfermedad.<\/p>\n","protected":false},"excerpt":{"rendered":"<p>La vacunaci\u00f3n se est\u00e1 realizando en los centros de salud municipal de la comuna de San Felipe. Hasta el 30 de noviembre se mantendr\u00e1 la campa\u00f1a nacional de vacunaci\u00f3n contra el Sarampi\u00f3n,&#8230;<\/p>\n","protected":false},"author":482,"featured_media":63583,"comment_status":"open","ping_status":"open","sticky":false,"template":"","format":"standard","meta":{"advanced_seo_description":"","jetpack_seo_html_title":"","jetpack_seo_noindex":false,"_jetpack_memberships_contains_paid_content":false,"footnotes":""},"categories":[1],"tags":[],"class_list":["post-63582","post","type-post","status-publish","format-standard","has-post-thumbnail","hentry","category-cronica"],"jetpack_featured_media_url":"https:\/\/i0.wp.com\/eltrabajo.cl\/portal\/wp-content\/uploads\/2015\/11\/jenny-henriquez.jpg?fit=530%2C348&ssl=1","jetpack_sharing_enabled":true,"jetpack_likes_enabled":true,"jetpack-related-posts":[],"_links":{"self":[{"href":"https:\/\/eltrabajo.cl\/portal\/wp-json\/wp\/v2\/posts\/63582","targetHints":{"allow":["GET"]}}],"collection":[{"href":"https:\/\/eltrabajo.cl\/portal\/wp-json\/wp\/v2\/posts"}],"about":[{"href":"https:\/\/eltrabajo.cl\/portal\/wp-json\/wp\/v2\/types\/post"}],"author":[{"embeddable":true,"href":"https:\/\/eltrabajo.cl\/portal\/wp-json\/wp\/v2\/users\/482"}],"replies":[{"embeddable":true,"href":"https:\/\/eltrabajo.cl\/portal\/wp-json\/wp\/v2\/comments?post=63582"}],"version-history":[{"count":0,"href":"https:\/\/eltrabajo.cl\/portal\/wp-json\/wp\/v2\/posts\/63582\/revisions"}],"wp:featuredmedia":[{"embeddable":true,"href":"https:\/\/eltrabajo.cl\/portal\/wp-json\/wp\/v2\/media\/63583"}],"wp:attachment":[{"href":"https:\/\/eltrabajo.cl\/portal\/wp-json\/wp\/v2\/media?parent=63582"}],"wp:term":[{"taxonomy":"category","embeddable":true,"href":"https:\/\/eltrabajo.cl\/portal\/wp-json\/wp\/v2\/categories?post=63582"},{"taxonomy":"post_tag","embeddable":true,"href":"https:\/\/eltrabajo.cl\/portal\/wp-json\/wp\/v2\/tags?post=63582"}],"curies":[{"name":"wp","href":"https:\/\/api.w.org\/{rel}","templated":true}]}}