{"id":63585,"date":"2015-11-05T09:32:29","date_gmt":"2015-11-05T12:32:29","guid":{"rendered":"http:\/\/www.eltrabajo.cl\/portal\/?p=63585"},"modified":"2015-11-05T09:32:29","modified_gmt":"2015-11-05T12:32:29","slug":"directora-servicio-salud-firma-convenio-de-desempeno-tras-confirmacion-de-sistema-de-alta-direccion-publica","status":"publish","type":"post","link":"https:\/\/eltrabajo.cl\/portal\/directora-servicio-salud-firma-convenio-de-desempeno-tras-confirmacion-de-sistema-de-alta-direccion-publica\/","title":{"rendered":"Directora Servicio Salud firma Convenio de Desempe\u00f1o tras confirmaci\u00f3n de sistema de Alta Direcci\u00f3n P\u00fablica"},"content":{"rendered":"<figure id=\"attachment_63586\" aria-describedby=\"caption-attachment-63586\" style=\"width: 300px\" class=\"wp-caption alignleft\"><a href=\"https:\/\/i0.wp.com\/www.eltrabajo.cl\/portal\/wp-content\/uploads\/2015\/11\/Firma-convenio.jpg\"><img data-recalc-dims=\"1\" loading=\"lazy\" decoding=\"async\" class=\"wp-image-63586 size-medium\" src=\"https:\/\/i0.wp.com\/www.eltrabajo.cl\/portal\/wp-content\/uploads\/2015\/11\/Firma-convenio-300x198.jpg?resize=300%2C198\" alt=\"De la firma del convenio particip\u00f3 la Ministra de Salud, Dra. Carmen Castillo, la Dra. Vilma Olave y la Subsecretaria de Redes Asistenciales, Dra. Ang\u00e9lica Verdugo.\" width=\"300\" height=\"198\" srcset=\"https:\/\/i0.wp.com\/eltrabajo.cl\/portal\/wp-content\/uploads\/2015\/11\/Firma-convenio.jpg?resize=300%2C198&amp;ssl=1 300w, https:\/\/i0.wp.com\/eltrabajo.cl\/portal\/wp-content\/uploads\/2015\/11\/Firma-convenio.jpg?resize=200%2C132&amp;ssl=1 200w, https:\/\/i0.wp.com\/eltrabajo.cl\/portal\/wp-content\/uploads\/2015\/11\/Firma-convenio.jpg?resize=228%2C150&amp;ssl=1 228w, https:\/\/i0.wp.com\/eltrabajo.cl\/portal\/wp-content\/uploads\/2015\/11\/Firma-convenio.jpg?resize=400%2C263&amp;ssl=1 400w, https:\/\/i0.wp.com\/eltrabajo.cl\/portal\/wp-content\/uploads\/2015\/11\/Firma-convenio.jpg?w=530&amp;ssl=1 530w\" sizes=\"auto, (max-width: 300px) 100vw, 300px\" \/><\/a><figcaption id=\"caption-attachment-63586\" class=\"wp-caption-text\">De la firma del convenio particip\u00f3 la Ministra de Salud, Dra. Carmen Castillo, la Dra. Vilma Olave y la Subsecretaria de Redes Asistenciales, Dra. Ang\u00e9lica Verdugo.<\/figcaption><\/figure>\n<ul>\n<li><strong>Ante la presencia de la Ministra de Salud, Dra. Carmen Castillo, y la Subsecretaria de Redes Asistenciales, Dra. Ang\u00e9lica Verdugo, la Directora del Servicio de Salud firm\u00f3 el Convenio de Desempe\u00f1o que le exige su cargo y por el cual ser\u00e1 evaluada al t\u00e9rmino de su periodo.<\/strong><\/li>\n<\/ul>\n<p>La Directora del Servicio de Salud Aconcagua, Dra. Vilma Olave, luego de ser confirmada por el Sistema de Alta Direcci\u00f3n P\u00fablica, ante la presencia de la Ministra de Salud, Dra. Carmen Castillo, y la Subsecretaria de Redes Asistenciales, Dra. Ang\u00e9lica Verdugo, procedi\u00f3 a la firma del Convenio de Desempe\u00f1o que la evaluar\u00e1 al t\u00e9rmino de sus tres primeros a\u00f1os, de acuerdo a las prioridades ministeriales y a los avances que se aprecien en el funcionamiento de la red asistencial.<br \/>\n\u201cEstoy comprometida con el trabajo de direcci\u00f3n y tengo la seguridad que al t\u00e9rmino de estos tres primeros a\u00f1os, la comunidad podr\u00e1 apreciar avances en la gesti\u00f3n y en la calidad de los servicios que proporcionamos a trav\u00e9s de la red de atenci\u00f3n de salud. Ante la Ministra y Subsecretaria de Redes he reiterado mi compromiso de seguir trabajando para lograr que nuestra instituci\u00f3n sea m\u00e1s eficiente y alcance una posici\u00f3n de mayor calidad.<br \/>\n\u201cTengo la convicci\u00f3n que lograremos los objetivos y las metas que he firmado en este Convenio de Desempe\u00f1o y por el cual ser\u00e9 evaluada. En la Direcci\u00f3n de Servicio y en toda la red de establecimientos dispongo de equipos altamente profesionales, comprometidos con la gesti\u00f3n e interesados en mejorar los est\u00e1ndares y los resultados que involucra esta administraci\u00f3n. Sus competencias, la experiencia de cada uno de ellos y la disposici\u00f3n manifestada, es lo que me respalda para afirmar que cumplir\u00e9 en un 100% este Convenio de Desempe\u00f1o\u201d, concluy\u00f3 la Directora del Servicio de Aconcagua, Dra. Vilma Olave.<br \/>\nEl Convenio fue firmado despu\u00e9s de que la profesional ganara el respectivo concurso de Alta Direcci\u00f3n P\u00fablica \u2013 proceso altamente t\u00e9cnico, con destacados postulantes a nivel nacional- y fuera ratificada por la Presidenta Bachelet en septiembre pasado<br \/>\nEn \u00e9l se compromete al cumplimiento de las acciones que aseguren la oportunidad y calidad de atenci\u00f3n a sus beneficiarios, facilitando la participaci\u00f3n ciudadana mediante diversas iniciativas internas y externas, adem\u00e1s de mejorar la gesti\u00f3n del Servicio de Salud y sus establecimientos, optimizando sus procesos cl\u00ednicos y resultados, para la soluci\u00f3n de los problemas de salud de la poblaci\u00f3n a cargo.<br \/>\nEl compromiso, que ser\u00e1 medido por la ministra del ramo, incorpora iniciativas para fortalecer la gesti\u00f3n y financiamiento de la red asistencial y su resolutividad, a trav\u00e9s de la optimizaci\u00f3n de la inversi\u00f3n de la infraestructura, equipamiento y tecnolog\u00eda del nivel primario y hospitalario, con el firme prop\u00f3sito de que el Servicio de Salud Aconcagua asegure eficacia y eficiencia en el cumplimiento de sus funciones.<\/p>\n","protected":false},"excerpt":{"rendered":"<p>Ante la presencia de la Ministra de Salud, Dra. Carmen Castillo, y la Subsecretaria de Redes Asistenciales, Dra. Ang\u00e9lica Verdugo, la Directora del Servicio de Salud firm\u00f3 el Convenio de Desempe\u00f1o que&#8230;<\/p>\n","protected":false},"author":482,"featured_media":63586,"comment_status":"open","ping_status":"open","sticky":false,"template":"","format":"standard","meta":{"advanced_seo_description":"","jetpack_seo_html_title":"","jetpack_seo_noindex":false,"_jetpack_memberships_contains_paid_content":false,"footnotes":""},"categories":[1],"tags":[],"class_list":["post-63585","post","type-post","status-publish","format-standard","has-post-thumbnail","hentry","category-cronica"],"jetpack_featured_media_url":"https:\/\/i0.wp.com\/eltrabajo.cl\/portal\/wp-content\/uploads\/2015\/11\/Firma-convenio.jpg?fit=530%2C349&ssl=1","jetpack_sharing_enabled":true,"jetpack_likes_enabled":true,"jetpack-related-posts":[],"_links":{"self":[{"href":"https:\/\/eltrabajo.cl\/portal\/wp-json\/wp\/v2\/posts\/63585","targetHints":{"allow":["GET"]}}],"collection":[{"href":"https:\/\/eltrabajo.cl\/portal\/wp-json\/wp\/v2\/posts"}],"about":[{"href":"https:\/\/eltrabajo.cl\/portal\/wp-json\/wp\/v2\/types\/post"}],"author":[{"embeddable":true,"href":"https:\/\/eltrabajo.cl\/portal\/wp-json\/wp\/v2\/users\/482"}],"replies":[{"embeddable":true,"href":"https:\/\/eltrabajo.cl\/portal\/wp-json\/wp\/v2\/comments?post=63585"}],"version-history":[{"count":0,"href":"https:\/\/eltrabajo.cl\/portal\/wp-json\/wp\/v2\/posts\/63585\/revisions"}],"wp:featuredmedia":[{"embeddable":true,"href":"https:\/\/eltrabajo.cl\/portal\/wp-json\/wp\/v2\/media\/63586"}],"wp:attachment":[{"href":"https:\/\/eltrabajo.cl\/portal\/wp-json\/wp\/v2\/media?parent=63585"}],"wp:term":[{"taxonomy":"category","embeddable":true,"href":"https:\/\/eltrabajo.cl\/portal\/wp-json\/wp\/v2\/categories?post=63585"},{"taxonomy":"post_tag","embeddable":true,"href":"https:\/\/eltrabajo.cl\/portal\/wp-json\/wp\/v2\/tags?post=63585"}],"curies":[{"name":"wp","href":"https:\/\/api.w.org\/{rel}","templated":true}]}}