{"id":63588,"date":"2015-11-05T09:35:29","date_gmt":"2015-11-05T12:35:29","guid":{"rendered":"http:\/\/www.eltrabajo.cl\/portal\/?p=63588"},"modified":"2015-11-05T09:35:29","modified_gmt":"2015-11-05T12:35:29","slug":"presidente-jvrp-afirma-que-embalse-chacrillas-presenta-graves-y-serias-filtraciones-de-agua","status":"publish","type":"post","link":"https:\/\/eltrabajo.cl\/portal\/presidente-jvrp-afirma-que-embalse-chacrillas-presenta-graves-y-serias-filtraciones-de-agua\/","title":{"rendered":"Presidente JVRP afirma que Embalse Chacrillas presenta graves y serias filtraciones de agua"},"content":{"rendered":"<figure id=\"attachment_63589\" aria-describedby=\"caption-attachment-63589\" style=\"width: 300px\" class=\"wp-caption alignleft\"><a href=\"https:\/\/i0.wp.com\/www.eltrabajo.cl\/portal\/wp-content\/uploads\/2015\/11\/EMBALSE-CHACRILLAS-2.jpg\"><img data-recalc-dims=\"1\" loading=\"lazy\" decoding=\"async\" class=\"wp-image-63589 size-medium\" src=\"https:\/\/i0.wp.com\/www.eltrabajo.cl\/portal\/wp-content\/uploads\/2015\/11\/EMBALSE-CHACRILLAS-2-300x199.jpg?resize=300%2C199\" alt=\"El presidente de la Junta de Vigilancia del R\u00edo Putaendo confirma el rumor que exist\u00eda sobre las filtraciones que se producir\u00edan en el Embalse Chacrillas.\" width=\"300\" height=\"199\" srcset=\"https:\/\/i0.wp.com\/eltrabajo.cl\/portal\/wp-content\/uploads\/2015\/11\/EMBALSE-CHACRILLAS-2.jpg?resize=300%2C199&amp;ssl=1 300w, https:\/\/i0.wp.com\/eltrabajo.cl\/portal\/wp-content\/uploads\/2015\/11\/EMBALSE-CHACRILLAS-2.jpg?resize=200%2C133&amp;ssl=1 200w, https:\/\/i0.wp.com\/eltrabajo.cl\/portal\/wp-content\/uploads\/2015\/11\/EMBALSE-CHACRILLAS-2.jpg?resize=226%2C150&amp;ssl=1 226w, https:\/\/i0.wp.com\/eltrabajo.cl\/portal\/wp-content\/uploads\/2015\/11\/EMBALSE-CHACRILLAS-2.jpg?resize=400%2C265&amp;ssl=1 400w, https:\/\/i0.wp.com\/eltrabajo.cl\/portal\/wp-content\/uploads\/2015\/11\/EMBALSE-CHACRILLAS-2.jpg?w=528&amp;ssl=1 528w\" sizes=\"auto, (max-width: 300px) 100vw, 300px\" \/><\/a><figcaption id=\"caption-attachment-63589\" class=\"wp-caption-text\">El presidente de la Junta de Vigilancia del R\u00edo Putaendo confirma el rumor que exist\u00eda sobre las filtraciones que se producir\u00edan en el Embalse Chacrillas.<\/figcaption><\/figure>\n<p><strong>PUTAENDO.-<\/strong> De manera exclusiva el presidente de la junta de vigilancia del r\u00edo Putaendo confirm\u00f3 a Diario El Trabajo que efectivamente hay graves y serias filtraciones de agua en las obras del Embalse Chacrillas<br \/>\nLo que era solo un rumor y que ya hab\u00eda sido denunciado tiempo atr\u00e1s por la coordinadora medioambiental Tres R\u00edos, fue confirmado por Miguel Vega, quien indic\u00f3 que el martes reci\u00e9n pasado parte del directorio de la junta de vigilancia concurri\u00f3 hasta el Embalse Chacrillas a fin de interiorizarse por los bruscos cortes y aumentos de agua del caudal del R\u00edo Putaendo.<br \/>\nEn este sentido Miguel Vega precis\u00f3 \u00abEs verdad que hay mucha fuga de agua no sabemos si es por la intensidad de la pluviometr\u00eda de este a\u00f1o que ha hecho que alguna vertiente natural est\u00e9 con mucha agua, pues en la caverna de v\u00e1lvulas del embalse hay una fuga de aproximadamente 20 litros por segundo y estas fugas se producen sin tener agua el embalse, y lo que ha llevado a que los t\u00e9cnicos de la Direcci\u00f3n de Obras Hidr\u00e1ulicas (DOH) est\u00e9n muy complicados, pues no han logrado detectar el origen de estas fugas\u00bb.<br \/>\n<strong>&#8211; \u00bfEn qu\u00e9 parte espec\u00edficamente est\u00e1n estas fugas o filtraciones?<\/strong><br \/>\n<strong>&#8211;<\/strong> Est\u00e1n al interior de la caverna de v\u00e1lvulas, es una fuga importante de agua y muy preocupante pues se nos inform\u00f3 que ya varios expertos de la DOH han venido a ver este tema y no encuentran respuesta, incluso el lunes reci\u00e9n pasado acumularon agua en el embalse y la fuga de agua aument\u00f3.<br \/>\n<strong>&#8211; \u00bfAcumularon agua en el embalse y aument\u00f3 la fuga de agua en ese lugar o en otros sectores como la cortina?<\/strong><br \/>\n<strong>&#8211;<\/strong> Quisieron ver si era un problema de vertientes o no y acumularon agua en el embalse y en ese sector la fuga aument\u00f3 mucho, pero no en la cortina propiamente tal, a pesar que se nos dijo que todo embalse siempre tiene fuga y esto es muy grave porque primero no saben c\u00f3mo y de d\u00f3nde vine esta fuga, segundo podr\u00edan haber m\u00e1s fugas y adem\u00e1s esto retrasa la entrega del embalse y la aspiraci\u00f3n que tenemos como agricultores de comenzar a acumular agua este a\u00f1o producto de los deshielos.<br \/>\n<strong>&#8211; \u00bfO sea este a\u00f1o no se podr\u00e1 acumular agua en el nuevo Embalse Chacrillas?<\/strong><br \/>\n<strong>&#8211;<\/strong> Hay un compromiso del Ministro de Obras P\u00fablicas que a medida que se avanza en el sellado del plinto de embalse, pod\u00edamos acumular un promedio de agua este a\u00f1o que nos permitir\u00eda enfrentar de mejor manera los meses complicados del a\u00f1o 2016, pero con el grave problema de estas fugas, esto se retrasa y no podemos acumular agua si no sabemos qu\u00e9 pasa con estas fugas. Con esta situaci\u00f3n es casi imposible acumular agua este a\u00f1o.<br \/>\n<strong>&#8211; \u00bfEsta situaci\u00f3n es preocupante para ustedes o est\u00e1 dentro de lo que se estimaba pod\u00eda ocurrir?<\/strong><br \/>\n<strong>&#8211;<\/strong> Es muy preocupante y grave no tan solo por saber que esta tremenda obra ya presenta este tipo de problemas, sino que adem\u00e1s nos origina otro grave inconveniente pues como junta de vigilancia nos est\u00e1 costando mucho administrar el r\u00edo Putaendo, ya que con estas pruebas donde retienen caudal en el embalse, baja el caudal de un d\u00eda para otro por ejemplo de 15.000 litros por segundo a 6.000 litros por segundo, lo que no sab\u00edamos porqu\u00e9 ocurr\u00eda y entonces contrat\u00e1bamos maquinaria para hacer petriles en los canales y as\u00ed enviar m\u00e1s agua a los canales por la demanda de agua de los agricultores; pero al otro d\u00eda, la gente del embalse libera el agua acumulada una vez que finalizaron sus pruebas y eso origina que el caudal del r\u00edo aumente bruscamente, llegando incluso a los 20.000 litros por segundo, lo que nos obliga a contratar nuevamente maquinaria y romper los petriles que ya hab\u00edamos construidos porque se nos colapsan los canales. No ha existido ninguna coordinaci\u00f3n con nosotros y eso es inaceptable, porque adem\u00e1s origina inconvenientes a la comunidad con el exceso de agua que ya ha anegado viviendas en el centro y sectores rurales.<br \/>\n<strong>Patricio Gallardo M.<\/strong><\/p>\n","protected":false},"excerpt":{"rendered":"<p>PUTAENDO.- De manera exclusiva el presidente de la junta de vigilancia del r\u00edo Putaendo confirm\u00f3 a Diario El Trabajo que efectivamente hay graves y serias filtraciones de agua en las obras del&#8230;<\/p>\n","protected":false},"author":482,"featured_media":63589,"comment_status":"open","ping_status":"open","sticky":false,"template":"","format":"standard","meta":{"advanced_seo_description":"","jetpack_seo_html_title":"","jetpack_seo_noindex":false,"_jetpack_memberships_contains_paid_content":false,"footnotes":""},"categories":[1],"tags":[],"class_list":["post-63588","post","type-post","status-publish","format-standard","has-post-thumbnail","hentry","category-cronica"],"jetpack_featured_media_url":"https:\/\/i0.wp.com\/eltrabajo.cl\/portal\/wp-content\/uploads\/2015\/11\/EMBALSE-CHACRILLAS-2.jpg?fit=528%2C350&ssl=1","jetpack_sharing_enabled":true,"jetpack_likes_enabled":true,"jetpack-related-posts":[],"_links":{"self":[{"href":"https:\/\/eltrabajo.cl\/portal\/wp-json\/wp\/v2\/posts\/63588","targetHints":{"allow":["GET"]}}],"collection":[{"href":"https:\/\/eltrabajo.cl\/portal\/wp-json\/wp\/v2\/posts"}],"about":[{"href":"https:\/\/eltrabajo.cl\/portal\/wp-json\/wp\/v2\/types\/post"}],"author":[{"embeddable":true,"href":"https:\/\/eltrabajo.cl\/portal\/wp-json\/wp\/v2\/users\/482"}],"replies":[{"embeddable":true,"href":"https:\/\/eltrabajo.cl\/portal\/wp-json\/wp\/v2\/comments?post=63588"}],"version-history":[{"count":0,"href":"https:\/\/eltrabajo.cl\/portal\/wp-json\/wp\/v2\/posts\/63588\/revisions"}],"wp:featuredmedia":[{"embeddable":true,"href":"https:\/\/eltrabajo.cl\/portal\/wp-json\/wp\/v2\/media\/63589"}],"wp:attachment":[{"href":"https:\/\/eltrabajo.cl\/portal\/wp-json\/wp\/v2\/media?parent=63588"}],"wp:term":[{"taxonomy":"category","embeddable":true,"href":"https:\/\/eltrabajo.cl\/portal\/wp-json\/wp\/v2\/categories?post=63588"},{"taxonomy":"post_tag","embeddable":true,"href":"https:\/\/eltrabajo.cl\/portal\/wp-json\/wp\/v2\/tags?post=63588"}],"curies":[{"name":"wp","href":"https:\/\/api.w.org\/{rel}","templated":true}]}}