{"id":63591,"date":"2015-11-05T09:38:03","date_gmt":"2015-11-05T12:38:03","guid":{"rendered":"http:\/\/www.eltrabajo.cl\/portal\/?p=63591"},"modified":"2015-11-05T09:38:03","modified_gmt":"2015-11-05T12:38:03","slug":"mujer-llevo-a-juicio-a-su-padrastro-que-la-violo-hace-una-decada","status":"publish","type":"post","link":"https:\/\/eltrabajo.cl\/portal\/mujer-llevo-a-juicio-a-su-padrastro-que-la-violo-hace-una-decada\/","title":{"rendered":"Mujer llev\u00f3 a juicio a su padrastro que la viol\u00f3 hace una d\u00e9cada"},"content":{"rendered":"<figure id=\"attachment_63592\" aria-describedby=\"caption-attachment-63592\" style=\"width: 300px\" class=\"wp-caption alignleft\"><a href=\"https:\/\/i0.wp.com\/www.eltrabajo.cl\/portal\/wp-content\/uploads\/2015\/11\/NI%C3%91A-VIOLADA.jpg\"><img data-recalc-dims=\"1\" loading=\"lazy\" decoding=\"async\" class=\"wp-image-63592 size-medium\" src=\"https:\/\/i0.wp.com\/www.eltrabajo.cl\/portal\/wp-content\/uploads\/2015\/11\/NI%C3%91A-VIOLADA-300x198.jpg?resize=300%2C198\" alt=\"Seg\u00fan los relatos de la v\u00edctima fue ultrajada durante los a\u00f1os 2004 al 2006 por su padrastro en la comuna de San Felipe (Imagen Referencial).\" width=\"300\" height=\"198\" srcset=\"https:\/\/i0.wp.com\/eltrabajo.cl\/portal\/wp-content\/uploads\/2015\/11\/NI%C3%91A-VIOLADA.jpg?resize=300%2C198&amp;ssl=1 300w, https:\/\/i0.wp.com\/eltrabajo.cl\/portal\/wp-content\/uploads\/2015\/11\/NI%C3%91A-VIOLADA.jpg?resize=200%2C132&amp;ssl=1 200w, https:\/\/i0.wp.com\/eltrabajo.cl\/portal\/wp-content\/uploads\/2015\/11\/NI%C3%91A-VIOLADA.jpg?resize=228%2C150&amp;ssl=1 228w, https:\/\/i0.wp.com\/eltrabajo.cl\/portal\/wp-content\/uploads\/2015\/11\/NI%C3%91A-VIOLADA.jpg?resize=400%2C263&amp;ssl=1 400w, https:\/\/i0.wp.com\/eltrabajo.cl\/portal\/wp-content\/uploads\/2015\/11\/NI%C3%91A-VIOLADA.jpg?w=530&amp;ssl=1 530w\" sizes=\"auto, (max-width: 300px) 100vw, 300px\" \/><\/a><figcaption id=\"caption-attachment-63592\" class=\"wp-caption-text\">Seg\u00fan los relatos de la v\u00edctima fue ultrajada durante los a\u00f1os 2004 al 2006 por su padrastro en la comuna de San Felipe (Imagen Referencial).<\/figcaption><\/figure>\n<ul>\n<li><strong>El sentenciado se encontraba pr\u00f3fugo de la justicia, debiendo afrontar las acusaciones de abuso sexual y violaci\u00f3n reiterada a una ni\u00f1a de 14 a\u00f1os entre 2004 a 2006 en la comuna de San Felipe.<\/strong><\/li>\n<\/ul>\n<p>Aunque trascurrieron m\u00e1s de diez a\u00f1os, una mujer v\u00edctima de abuso y violaci\u00f3n, llev\u00f3 a juicio a su padrastro quien por dos a\u00f1os consecutivos la ultraj\u00f3 cuando \u00e9ste fue la pareja de su madre, hechos que fueron condenados por el Tribunal Oral en Lo Penal de San Felipe aplicando una pena de cuatro a\u00f1os de c\u00e1rcel efectiva.<br \/>\nLos delitos seg\u00fan lo detalla la carpeta investigativa encabezada por la Fiscal\u00eda, revelan que el sentenciado, Cristian Marcelo Arancibia Barrios abusaba sexualmente de la v\u00edctima cuando \u00e9sta en el a\u00f1o 2004, ten\u00eda 14 a\u00f1os de edad y ambos resid\u00edan junto a su madre en la comuna de San Felipe.<\/p>\n<figure id=\"attachment_63593\" aria-describedby=\"caption-attachment-63593\" style=\"width: 300px\" class=\"wp-caption alignright\"><a href=\"https:\/\/i0.wp.com\/www.eltrabajo.cl\/portal\/wp-content\/uploads\/2015\/11\/FISCAL-DANIELA-QUEVEDO.jpg\"><img data-recalc-dims=\"1\" loading=\"lazy\" decoding=\"async\" class=\"wp-image-63593 size-medium\" src=\"https:\/\/i0.wp.com\/www.eltrabajo.cl\/portal\/wp-content\/uploads\/2015\/11\/FISCAL-DANIELA-QUEVEDO-300x197.jpg?resize=300%2C197\" alt=\"La Fiscal de Delitos Sexuales, Daniela Quevedo se mostr\u00f3 conforme con la condena impuesta por el Tribunal Oral en Lo Penal de San Felipe.\" width=\"300\" height=\"197\" srcset=\"https:\/\/i0.wp.com\/eltrabajo.cl\/portal\/wp-content\/uploads\/2015\/11\/FISCAL-DANIELA-QUEVEDO.jpg?resize=300%2C197&amp;ssl=1 300w, https:\/\/i0.wp.com\/eltrabajo.cl\/portal\/wp-content\/uploads\/2015\/11\/FISCAL-DANIELA-QUEVEDO.jpg?resize=200%2C131&amp;ssl=1 200w, https:\/\/i0.wp.com\/eltrabajo.cl\/portal\/wp-content\/uploads\/2015\/11\/FISCAL-DANIELA-QUEVEDO.jpg?resize=228%2C150&amp;ssl=1 228w, https:\/\/i0.wp.com\/eltrabajo.cl\/portal\/wp-content\/uploads\/2015\/11\/FISCAL-DANIELA-QUEVEDO.jpg?resize=400%2C263&amp;ssl=1 400w, https:\/\/i0.wp.com\/eltrabajo.cl\/portal\/wp-content\/uploads\/2015\/11\/FISCAL-DANIELA-QUEVEDO.jpg?w=530&amp;ssl=1 530w\" sizes=\"auto, (max-width: 300px) 100vw, 300px\" \/><\/a><figcaption id=\"caption-attachment-63593\" class=\"wp-caption-text\">La Fiscal de Delitos Sexuales, Daniela Quevedo se mostr\u00f3 conforme con la condena impuesta por el Tribunal Oral en Lo Penal de San Felipe.<\/figcaption><\/figure>\n<p>La v\u00edctima asegur\u00f3 que durante dos a\u00f1os consecutivos fue violada por su padrastro en reiteradas ocasiones, hasta que en 2006 la menor se arm\u00f3 de valor y revel\u00f3 los ultrajes a su madre. Sin embargo Arancibia Barrios, al verse enfrentado a estas graves acusaciones, huy\u00f3 de San Felipe en direcci\u00f3n desconocida.<br \/>\nDesde aquel entonces, el caso se mantuvo en investigaci\u00f3n por los efectivos de la Brigada de Delitos Sexuales de la Polic\u00eda de Investigaciones, despach\u00e1ndose una orden de detenci\u00f3n tras los testimonios que fund\u00f3 la menor. \u201cSe dio a la fuga y se encontraba con orden de detenci\u00f3n, cuando se logra capturar, la causa se encontraba media prescrita\u201d, se\u00f1ala la Fiscal a cargo del caso, Daniela Quevedo Henr\u00edquez.<br \/>\nEl Ministerio P\u00fablico acus\u00f3 a Cristian Arancibia Barrios ante el Tribunal Oral en Lo Penal de San Felipe, cuya terna de jueces lo consider\u00f3 culpable del delito de violaci\u00f3n de una menor de 14 a\u00f1os, castigando con una pena de cuatro a\u00f1os de prisi\u00f3n efectiva.<br \/>\n\u201cEste sujeto era c\u00f3nyuge de la madre de la v\u00edctima; empez\u00f3 a abusar sexualmente de la menor y posteriormente procedi\u00f3 a violarla de manera reiterada. Cuando devela esto la ni\u00f1a, el sujeto se va de la casa y nunca logr\u00f3 ser formalizado. Por eso son s\u00f3lo cuatro a\u00f1os solamente dentro de lo que solicitaba el Ministerio P\u00fablico\u201d, agreg\u00f3 la representante de la Fiscal\u00eda de San Felipe.<br \/>\nArancibia Barrios, quien se encontraba en el sur del pa\u00eds, estuvo un tiempo privado de libertad y posteriormente fue recluido las 24 horas en su domicilio fijado ante el Tribunal, debiendo comparecer a este enjuiciamiento que concluy\u00f3 esta semana, donde tuvo que escuchar los relatos de la v\u00edctima quien actualmente es una mujer adulta.<br \/>\nLa Fiscal\u00eda se mostr\u00f3 conforme con la condena impuesta por el Tribunal de acuerdo a su requerimiento. No obstante, la defensa del sentenciado podr\u00eda elevar un recurso de nulidad ante la Corte de Apelaciones dentro de un plazo de 10 d\u00edas.<br \/>\n<strong>Pablo Salinas Sald\u00edas<\/strong><\/p>\n","protected":false},"excerpt":{"rendered":"<p>El sentenciado se encontraba pr\u00f3fugo de la justicia, debiendo afrontar las acusaciones de abuso sexual y violaci\u00f3n reiterada a una ni\u00f1a de 14 a\u00f1os entre 2004 a 2006 en la comuna de&#8230;<\/p>\n","protected":false},"author":482,"featured_media":63592,"comment_status":"open","ping_status":"open","sticky":false,"template":"","format":"standard","meta":{"advanced_seo_description":"","jetpack_seo_html_title":"","jetpack_seo_noindex":false,"_jetpack_memberships_contains_paid_content":false,"footnotes":""},"categories":[21],"tags":[],"class_list":["post-63591","post","type-post","status-publish","format-standard","has-post-thumbnail","hentry","category-policial"],"jetpack_featured_media_url":"https:\/\/i0.wp.com\/eltrabajo.cl\/portal\/wp-content\/uploads\/2015\/11\/NI%C3%91A-VIOLADA.jpg?fit=530%2C349&ssl=1","jetpack_sharing_enabled":true,"jetpack_likes_enabled":true,"jetpack-related-posts":[],"_links":{"self":[{"href":"https:\/\/eltrabajo.cl\/portal\/wp-json\/wp\/v2\/posts\/63591","targetHints":{"allow":["GET"]}}],"collection":[{"href":"https:\/\/eltrabajo.cl\/portal\/wp-json\/wp\/v2\/posts"}],"about":[{"href":"https:\/\/eltrabajo.cl\/portal\/wp-json\/wp\/v2\/types\/post"}],"author":[{"embeddable":true,"href":"https:\/\/eltrabajo.cl\/portal\/wp-json\/wp\/v2\/users\/482"}],"replies":[{"embeddable":true,"href":"https:\/\/eltrabajo.cl\/portal\/wp-json\/wp\/v2\/comments?post=63591"}],"version-history":[{"count":0,"href":"https:\/\/eltrabajo.cl\/portal\/wp-json\/wp\/v2\/posts\/63591\/revisions"}],"wp:featuredmedia":[{"embeddable":true,"href":"https:\/\/eltrabajo.cl\/portal\/wp-json\/wp\/v2\/media\/63592"}],"wp:attachment":[{"href":"https:\/\/eltrabajo.cl\/portal\/wp-json\/wp\/v2\/media?parent=63591"}],"wp:term":[{"taxonomy":"category","embeddable":true,"href":"https:\/\/eltrabajo.cl\/portal\/wp-json\/wp\/v2\/categories?post=63591"},{"taxonomy":"post_tag","embeddable":true,"href":"https:\/\/eltrabajo.cl\/portal\/wp-json\/wp\/v2\/tags?post=63591"}],"curies":[{"name":"wp","href":"https:\/\/api.w.org\/{rel}","templated":true}]}}