{"id":63597,"date":"2015-11-06T09:19:18","date_gmt":"2015-11-06T12:19:18","guid":{"rendered":"http:\/\/www.eltrabajo.cl\/portal\/?p=63597"},"modified":"2015-11-06T09:19:18","modified_gmt":"2015-11-06T12:19:18","slug":"seleccion-de-basquetbol-femenino-viaja-a-mendoza-para-competir-en-los-juegos-binacionales","status":"publish","type":"post","link":"https:\/\/eltrabajo.cl\/portal\/seleccion-de-basquetbol-femenino-viaja-a-mendoza-para-competir-en-los-juegos-binacionales\/","title":{"rendered":"Selecci\u00f3n de b\u00e1squetbol femenino viaja a Mendoza para competir en los Juegos Binacionales"},"content":{"rendered":"<figure id=\"attachment_63598\" aria-describedby=\"caption-attachment-63598\" style=\"width: 300px\" class=\"wp-caption alignleft\"><a href=\"https:\/\/i0.wp.com\/www.eltrabajo.cl\/portal\/wp-content\/uploads\/2015\/11\/porta-seleccion-de-basquet-femenina.jpg\"><img data-recalc-dims=\"1\" loading=\"lazy\" decoding=\"async\" class=\"wp-image-63598 size-medium\" src=\"https:\/\/i0.wp.com\/www.eltrabajo.cl\/portal\/wp-content\/uploads\/2015\/11\/porta-seleccion-de-basquet-femenina-300x198.jpg?resize=300%2C198\" alt=\"El combinado que comanda t\u00e9cnicamente Rodrigo Marianjel, quiere hacer historia en los Binacionales.\" width=\"300\" height=\"198\" srcset=\"https:\/\/i0.wp.com\/eltrabajo.cl\/portal\/wp-content\/uploads\/2015\/11\/porta-seleccion-de-basquet-femenina.jpg?resize=300%2C198&amp;ssl=1 300w, https:\/\/i0.wp.com\/eltrabajo.cl\/portal\/wp-content\/uploads\/2015\/11\/porta-seleccion-de-basquet-femenina.jpg?resize=200%2C132&amp;ssl=1 200w, https:\/\/i0.wp.com\/eltrabajo.cl\/portal\/wp-content\/uploads\/2015\/11\/porta-seleccion-de-basquet-femenina.jpg?resize=228%2C150&amp;ssl=1 228w, https:\/\/i0.wp.com\/eltrabajo.cl\/portal\/wp-content\/uploads\/2015\/11\/porta-seleccion-de-basquet-femenina.jpg?resize=400%2C263&amp;ssl=1 400w, https:\/\/i0.wp.com\/eltrabajo.cl\/portal\/wp-content\/uploads\/2015\/11\/porta-seleccion-de-basquet-femenina.jpg?w=530&amp;ssl=1 530w\" sizes=\"auto, (max-width: 300px) 100vw, 300px\" \/><\/a><figcaption id=\"caption-attachment-63598\" class=\"wp-caption-text\">El combinado que comanda t\u00e9cnicamente Rodrigo Marianjel, quiere hacer historia en los Binacionales.<\/figcaption><\/figure>\n<ul>\n<li><strong>Se estrenan el lunes ante un rival argentino.<\/strong><\/li>\n<\/ul>\n<p>Ma\u00f1ana emprender\u00e1 rumbo a Mendoza el seleccionado juvenil femenino de San Felipe, el que tendr\u00e1 la responsabilidad de representar a la regi\u00f3n de Valpara\u00edso en los Juegos Binacionales, una instancia en la que, en distintas disciplinas deportivas, compiten combinados chilenos y argentinos.<br \/>\nEl equipo sanfelipe\u00f1o viaja con la esperanza de poder cumplir una campa\u00f1a que le permita hacer historia en la justa internacional y para eso el quinteto comandado por el profesor Rodrigo Marianjel ha realizado un extenuante plan de trabajo que incluy\u00f3 varios partidos amistosos y de car\u00e1cter competitivo, con muy buenas actuaciones, lo que hace vislumbrar que est\u00e1n perfectamente capacitadas para poder cumplir una gran performance al otro lado de la cordillera.<br \/>\nEso deber\u00e1n demostrarlo cuando deban enfrentar a sus rivales del grupo B, en el cual aparte de las sanfelipe\u00f1as est\u00e1n los representativos de C\u00f3rdova, San Luis y Santiago. \u00abEs muy parejo (el grupo), la pelea deber\u00eda estar entre nosotros, Santiago y C\u00f3rdova\u00bb, indic\u00f3 a El Trabajo Deportivo, el entrenador Rodrigo Marianjel, quien espera coronar en los Binacionales un proceso de muchos a\u00f1os al mando de una de las mejores generaciones de basquetbolistas en la historia de San Felipe.<\/p>\n","protected":false},"excerpt":{"rendered":"<p>Se estrenan el lunes ante un rival argentino. Ma\u00f1ana emprender\u00e1 rumbo a Mendoza el seleccionado juvenil femenino de San Felipe, el que tendr\u00e1 la responsabilidad de representar a la regi\u00f3n de Valpara\u00edso&#8230;<\/p>\n","protected":false},"author":482,"featured_media":63598,"comment_status":"open","ping_status":"open","sticky":false,"template":"","format":"standard","meta":{"advanced_seo_description":"","jetpack_seo_html_title":"","jetpack_seo_noindex":false,"_jetpack_memberships_contains_paid_content":false,"footnotes":""},"categories":[19],"tags":[],"class_list":["post-63597","post","type-post","status-publish","format-standard","has-post-thumbnail","hentry","category-deportes"],"jetpack_featured_media_url":"https:\/\/i0.wp.com\/eltrabajo.cl\/portal\/wp-content\/uploads\/2015\/11\/porta-seleccion-de-basquet-femenina.jpg?fit=530%2C349&ssl=1","jetpack_sharing_enabled":true,"jetpack_likes_enabled":true,"jetpack-related-posts":[],"_links":{"self":[{"href":"https:\/\/eltrabajo.cl\/portal\/wp-json\/wp\/v2\/posts\/63597","targetHints":{"allow":["GET"]}}],"collection":[{"href":"https:\/\/eltrabajo.cl\/portal\/wp-json\/wp\/v2\/posts"}],"about":[{"href":"https:\/\/eltrabajo.cl\/portal\/wp-json\/wp\/v2\/types\/post"}],"author":[{"embeddable":true,"href":"https:\/\/eltrabajo.cl\/portal\/wp-json\/wp\/v2\/users\/482"}],"replies":[{"embeddable":true,"href":"https:\/\/eltrabajo.cl\/portal\/wp-json\/wp\/v2\/comments?post=63597"}],"version-history":[{"count":0,"href":"https:\/\/eltrabajo.cl\/portal\/wp-json\/wp\/v2\/posts\/63597\/revisions"}],"wp:featuredmedia":[{"embeddable":true,"href":"https:\/\/eltrabajo.cl\/portal\/wp-json\/wp\/v2\/media\/63598"}],"wp:attachment":[{"href":"https:\/\/eltrabajo.cl\/portal\/wp-json\/wp\/v2\/media?parent=63597"}],"wp:term":[{"taxonomy":"category","embeddable":true,"href":"https:\/\/eltrabajo.cl\/portal\/wp-json\/wp\/v2\/categories?post=63597"},{"taxonomy":"post_tag","embeddable":true,"href":"https:\/\/eltrabajo.cl\/portal\/wp-json\/wp\/v2\/tags?post=63597"}],"curies":[{"name":"wp","href":"https:\/\/api.w.org\/{rel}","templated":true}]}}