{"id":63600,"date":"2015-11-06T09:21:46","date_gmt":"2015-11-06T12:21:46","guid":{"rendered":"http:\/\/www.eltrabajo.cl\/portal\/?p=63600"},"modified":"2015-11-06T09:21:46","modified_gmt":"2015-11-06T12:21:46","slug":"damas-de-lila-balsamo-de-amor-para-enfermos-terminales-de-cancer","status":"publish","type":"post","link":"https:\/\/eltrabajo.cl\/portal\/damas-de-lila-balsamo-de-amor-para-enfermos-terminales-de-cancer\/","title":{"rendered":"Damas de Lila, b\u00e1lsamo de amor para enfermos terminales de c\u00e1ncer"},"content":{"rendered":"<figure id=\"attachment_63601\" aria-describedby=\"caption-attachment-63601\" style=\"width: 300px\" class=\"wp-caption alignleft\"><a href=\"https:\/\/i0.wp.com\/www.eltrabajo.cl\/portal\/wp-content\/uploads\/2015\/11\/Damas33.jpg\"><img data-recalc-dims=\"1\" loading=\"lazy\" decoding=\"async\" class=\"wp-image-63601 size-medium\" src=\"https:\/\/i0.wp.com\/www.eltrabajo.cl\/portal\/wp-content\/uploads\/2015\/11\/Damas33-300x198.jpg?resize=300%2C198\" alt=\"ENTREGA TOTAL.- Ellas son las Damas de Lila de San Felipe, \u00e1ngeles que confortan a los pacientes de c\u00e1ncer en su m\u00e1s angustiante experiencia antes de morir. Les acompa\u00f1a el alcalde Patricio Freire.\" width=\"300\" height=\"198\" srcset=\"https:\/\/i0.wp.com\/eltrabajo.cl\/portal\/wp-content\/uploads\/2015\/11\/Damas33.jpg?resize=300%2C198&amp;ssl=1 300w, https:\/\/i0.wp.com\/eltrabajo.cl\/portal\/wp-content\/uploads\/2015\/11\/Damas33.jpg?resize=200%2C132&amp;ssl=1 200w, https:\/\/i0.wp.com\/eltrabajo.cl\/portal\/wp-content\/uploads\/2015\/11\/Damas33.jpg?resize=228%2C150&amp;ssl=1 228w, https:\/\/i0.wp.com\/eltrabajo.cl\/portal\/wp-content\/uploads\/2015\/11\/Damas33.jpg?resize=400%2C263&amp;ssl=1 400w, https:\/\/i0.wp.com\/eltrabajo.cl\/portal\/wp-content\/uploads\/2015\/11\/Damas33.jpg?w=530&amp;ssl=1 530w\" sizes=\"auto, (max-width: 300px) 100vw, 300px\" \/><\/a><figcaption id=\"caption-attachment-63601\" class=\"wp-caption-text\">ENTREGA TOTAL.- Ellas son las Damas de Lila de San Felipe, \u00e1ngeles que confortan a los pacientes de c\u00e1ncer en su m\u00e1s angustiante experiencia antes de morir. Les acompa\u00f1a el alcalde Patricio Freire.<\/figcaption><\/figure>\n<p>Son conocidas como esos \u2018\u00e1ngeles\u2019 en tiempo de aflicci\u00f3n y amargura. Nadie desear\u00eda tener que recibirlas en su hogar en calidad de paciente, ya que aunque son personas muy amorosas, s\u00f3lo entran en acci\u00f3n cuando la enfermedad es pr\u00e1cticamente irreversible, pues son un grupo femenino que naci\u00f3 para atender a los enfermos de c\u00e1ncer en su etapa terminal, lo que marca profundamente el alma de los familiares y de los pacientes a quienes ellas atienden.<\/p>\n<p><strong>\u00bfQUI\u00c9NES SON?<\/strong><br \/>\nOficialmente se llaman \u2018Voluntariado Luz, Amor y Caridad Damas de Lila\u2019, organizaci\u00f3n sanfelipe\u00f1a que naci\u00f3 oficialmente el 23 de abril de 1999 y que cuenta con 25 voluntarias activas. Diario El Trabajo habl\u00f3 este jueves con la presidente de Damas de Lila, la se\u00f1ora Silvia Rosende, quien dirige este grupo de mujeres desde hace tres a\u00f1os, aunque ya ha sido en otras ocasiones su presidente.<br \/>\n\u00abNosotras trabajamos con enfermos que sufren de c\u00e1ncer ya en su etapa terminal y pertenecemos al Programa del Dolor que dirige la Dra. Ximena Rossat en el Hospital San Camilo. Atendemos a pacientes en las comunas de Curim\u00f3n, Putaendo, San Felipe, Santa Mar\u00eda y Panquehue\u00bb, explic\u00f3 Rosende a nuestro medio.<\/p>\n<figure id=\"attachment_63602\" aria-describedby=\"caption-attachment-63602\" style=\"width: 300px\" class=\"wp-caption alignright\"><a href=\"https:\/\/i0.wp.com\/www.eltrabajo.cl\/portal\/wp-content\/uploads\/2015\/11\/Silvia-Rosende.jpg\"><img data-recalc-dims=\"1\" loading=\"lazy\" decoding=\"async\" class=\"wp-image-63602 size-medium\" src=\"https:\/\/i0.wp.com\/www.eltrabajo.cl\/portal\/wp-content\/uploads\/2015\/11\/Silvia-Rosende-300x198.jpg?resize=300%2C198\" alt=\"Presidente de Damas de Lila, la se\u00f1ora Silvia Rosende.\" width=\"300\" height=\"198\" srcset=\"https:\/\/i0.wp.com\/eltrabajo.cl\/portal\/wp-content\/uploads\/2015\/11\/Silvia-Rosende.jpg?resize=300%2C198&amp;ssl=1 300w, https:\/\/i0.wp.com\/eltrabajo.cl\/portal\/wp-content\/uploads\/2015\/11\/Silvia-Rosende.jpg?resize=200%2C132&amp;ssl=1 200w, https:\/\/i0.wp.com\/eltrabajo.cl\/portal\/wp-content\/uploads\/2015\/11\/Silvia-Rosende.jpg?resize=227%2C150&amp;ssl=1 227w, https:\/\/i0.wp.com\/eltrabajo.cl\/portal\/wp-content\/uploads\/2015\/11\/Silvia-Rosende.jpg?resize=400%2C264&amp;ssl=1 400w, https:\/\/i0.wp.com\/eltrabajo.cl\/portal\/wp-content\/uploads\/2015\/11\/Silvia-Rosende.jpg?w=530&amp;ssl=1 530w\" sizes=\"auto, (max-width: 300px) 100vw, 300px\" \/><\/a><figcaption id=\"caption-attachment-63602\" class=\"wp-caption-text\">Presidente de Damas de Lila, la se\u00f1ora Silvia Rosende.<\/figcaption><\/figure>\n<p>Seg\u00fan explic\u00f3 esta profesional, ellas realizan sus rondas de visitas cada 15 d\u00edas y se rotan cada tres meses, trabajan divididas en seis grupos de cuatro Damas; se financian gracias a rifas y el apoyo de socios, colectas y un gran Binco que se realiza en octubre de cada a\u00f1o.<br \/>\n\u00abEl c\u00e1ncer tambi\u00e9n nos toca a nosotras, pues actualmente tambi\u00e9n tenemos a una compa\u00f1era del grupo ya en condici\u00f3n de paciente, lo que nos es doblemente doloroso. Por semana est\u00e1n ingresando a nuestra lista de pacientes entre dos y cuatro personas aproximadamente, este es un trabajo que, aunque recibimos capacitaci\u00f3n para tratar este dolor, a veces salimos tambi\u00e9n afectadas por esta experiencia\u00bb, dijo esta Dama de Lila a Diario El Trabajo.<\/p>\n<p><strong>DAMAS AGRADECEN<\/strong><br \/>\n\u00abQuiero expresar nuestro agradecimiento a todas las personas que nos apoyan; al Municipio que nos otorga una subvenci\u00f3n anual; a las Damas chilenas residentes en Madrid, Espa\u00f1a, quienes regularmente nos auspician algunos gastos de nuestros pacientes\u00bb, puntualiz\u00f3 Rosende.<br \/>\nExplic\u00f3 do\u00f1a Silvia, que el color del delantal, el violeta o lila, se eligi\u00f3 a fin de lograr una positiva trasmutaci\u00f3n de energ\u00edas del paciente al positivo que ellas buscan irradiar a sus pacientes. Este grupo se re\u00fane desde las 16:00 horas todos los jueves en la sede vecinal que arriendan al Municipio, ubicada en Poblaci\u00f3n San Felipe, Regalado Hern\u00e1ndez 51. Los interesados en contactarlas para apoyar o hacer alg\u00fan donativo, pueden llamar al fono 99532 524.<br \/>\n<strong>Roberto Gonz\u00e1lez Short<\/strong><br \/>\n<strong>rgonzalez@eltrabajo.c<\/strong>l<\/p>\n","protected":false},"excerpt":{"rendered":"<p>Son conocidas como esos \u2018\u00e1ngeles\u2019 en tiempo de aflicci\u00f3n y amargura. Nadie desear\u00eda tener que recibirlas en su hogar en calidad de paciente, ya que aunque son personas muy amorosas, s\u00f3lo entran&#8230;<\/p>\n","protected":false},"author":482,"featured_media":63601,"comment_status":"open","ping_status":"open","sticky":false,"template":"","format":"standard","meta":{"advanced_seo_description":"","jetpack_seo_html_title":"","jetpack_seo_noindex":false,"_jetpack_memberships_contains_paid_content":false,"footnotes":""},"categories":[15],"tags":[],"class_list":["post-63600","post","type-post","status-publish","format-standard","has-post-thumbnail","hentry","category-comunidad"],"jetpack_featured_media_url":"https:\/\/i0.wp.com\/eltrabajo.cl\/portal\/wp-content\/uploads\/2015\/11\/Damas33.jpg?fit=530%2C349&ssl=1","jetpack_sharing_enabled":true,"jetpack_likes_enabled":true,"jetpack-related-posts":[],"_links":{"self":[{"href":"https:\/\/eltrabajo.cl\/portal\/wp-json\/wp\/v2\/posts\/63600","targetHints":{"allow":["GET"]}}],"collection":[{"href":"https:\/\/eltrabajo.cl\/portal\/wp-json\/wp\/v2\/posts"}],"about":[{"href":"https:\/\/eltrabajo.cl\/portal\/wp-json\/wp\/v2\/types\/post"}],"author":[{"embeddable":true,"href":"https:\/\/eltrabajo.cl\/portal\/wp-json\/wp\/v2\/users\/482"}],"replies":[{"embeddable":true,"href":"https:\/\/eltrabajo.cl\/portal\/wp-json\/wp\/v2\/comments?post=63600"}],"version-history":[{"count":0,"href":"https:\/\/eltrabajo.cl\/portal\/wp-json\/wp\/v2\/posts\/63600\/revisions"}],"wp:featuredmedia":[{"embeddable":true,"href":"https:\/\/eltrabajo.cl\/portal\/wp-json\/wp\/v2\/media\/63601"}],"wp:attachment":[{"href":"https:\/\/eltrabajo.cl\/portal\/wp-json\/wp\/v2\/media?parent=63600"}],"wp:term":[{"taxonomy":"category","embeddable":true,"href":"https:\/\/eltrabajo.cl\/portal\/wp-json\/wp\/v2\/categories?post=63600"},{"taxonomy":"post_tag","embeddable":true,"href":"https:\/\/eltrabajo.cl\/portal\/wp-json\/wp\/v2\/tags?post=63600"}],"curies":[{"name":"wp","href":"https:\/\/api.w.org\/{rel}","templated":true}]}}