{"id":63604,"date":"2015-11-06T09:23:01","date_gmt":"2015-11-06T12:23:01","guid":{"rendered":"http:\/\/www.eltrabajo.cl\/portal\/?p=63604"},"modified":"2015-11-06T09:23:01","modified_gmt":"2015-11-06T12:23:01","slug":"comienzan-trabajos-de-pavimentacion-en-villa-amanecer-de-llay-llay","status":"publish","type":"post","link":"https:\/\/eltrabajo.cl\/portal\/comienzan-trabajos-de-pavimentacion-en-villa-amanecer-de-llay-llay\/","title":{"rendered":"Comienzan trabajos de pavimentaci\u00f3n en villa Amanecer de Llay Llay"},"content":{"rendered":"<figure id=\"attachment_63605\" aria-describedby=\"caption-attachment-63605\" style=\"width: 300px\" class=\"wp-caption alignleft\"><a href=\"https:\/\/i0.wp.com\/www.eltrabajo.cl\/portal\/wp-content\/uploads\/2015\/11\/Excavaciones-Llay-Llay.jpg\"><img data-recalc-dims=\"1\" loading=\"lazy\" decoding=\"async\" class=\"wp-image-63605 size-medium\" src=\"https:\/\/i0.wp.com\/www.eltrabajo.cl\/portal\/wp-content\/uploads\/2015\/11\/Excavaciones-Llay-Llay-300x198.jpg?resize=300%2C198\" alt=\"En plena ejecuci\u00f3n se encuentran los trabajos de pavimentaci\u00f3n en 5 pasajes de la villa Amanecer de Llay Llay.\" width=\"300\" height=\"198\" srcset=\"https:\/\/i0.wp.com\/eltrabajo.cl\/portal\/wp-content\/uploads\/2015\/11\/Excavaciones-Llay-Llay.jpg?resize=300%2C198&amp;ssl=1 300w, https:\/\/i0.wp.com\/eltrabajo.cl\/portal\/wp-content\/uploads\/2015\/11\/Excavaciones-Llay-Llay.jpg?resize=200%2C132&amp;ssl=1 200w, https:\/\/i0.wp.com\/eltrabajo.cl\/portal\/wp-content\/uploads\/2015\/11\/Excavaciones-Llay-Llay.jpg?resize=227%2C150&amp;ssl=1 227w, https:\/\/i0.wp.com\/eltrabajo.cl\/portal\/wp-content\/uploads\/2015\/11\/Excavaciones-Llay-Llay.jpg?resize=400%2C264&amp;ssl=1 400w, https:\/\/i0.wp.com\/eltrabajo.cl\/portal\/wp-content\/uploads\/2015\/11\/Excavaciones-Llay-Llay.jpg?w=530&amp;ssl=1 530w\" sizes=\"auto, (max-width: 300px) 100vw, 300px\" \/><\/a><figcaption id=\"caption-attachment-63605\" class=\"wp-caption-text\">En plena ejecuci\u00f3n se encuentran los trabajos de pavimentaci\u00f3n en 5 pasajes de la villa Amanecer de Llay Llay.<\/figcaption><\/figure>\n<p><strong>LLAY LLAY.-<\/strong> En plena ejecuci\u00f3n se encuentran los trabajos de pavimentaci\u00f3n de cinco pasajes y una calle de Villa Amanecer. La intervenci\u00f3n de construcci\u00f3n se realiza en: Peredo Rom\u00e1n Sur, Peredo Rom\u00e1n Norte, Azcarsa Sur, Galvarino Norte y calle Hugo Fuentes S\u00e1nchez.<br \/>\nAl respecto el alcalde Mario Marillanca manifest\u00f3 que, \u00abde un total de 16 pasajes, seis se est\u00e1n pavimentando, el proceso va a durar 140 d\u00edas. Postulamos los otros nueve pasajes que restan, esperamos que lo aprueben de aqu\u00ed a fin de a\u00f1o\u00bb, los que de acuerdo al proceso, ser\u00edan ejecutados en 2016.<br \/>\nParalelamente al inicio de trabajos, el Serviu realiz\u00f3 una reuni\u00f3n de socializaci\u00f3n del programa de pavimentaci\u00f3n en su llamado N\u00b0 24. La ocasi\u00f3n entreg\u00f3 la oportunidad de comunicar a los vecinos, las caracter\u00edsticas t\u00e9cnicas de los trabajos. La inversi\u00f3n total del proyecto asciende a \u00ab145.463.000 millones de pesos, menos, 43.490.000 de aporte municipal; la diferencia corresponde a Minvu\u00bb.<br \/>\n<strong>Marianela Quevedo<\/strong><\/p>\n","protected":false},"excerpt":{"rendered":"<p>LLAY LLAY.- En plena ejecuci\u00f3n se encuentran los trabajos de pavimentaci\u00f3n de cinco pasajes y una calle de Villa Amanecer. La intervenci\u00f3n de construcci\u00f3n se realiza en: Peredo Rom\u00e1n Sur, Peredo Rom\u00e1n&#8230;<\/p>\n","protected":false},"author":482,"featured_media":63605,"comment_status":"open","ping_status":"open","sticky":false,"template":"","format":"standard","meta":{"advanced_seo_description":"","jetpack_seo_html_title":"","jetpack_seo_noindex":false,"_jetpack_memberships_contains_paid_content":false,"footnotes":""},"categories":[1],"tags":[],"class_list":["post-63604","post","type-post","status-publish","format-standard","has-post-thumbnail","hentry","category-cronica"],"jetpack_featured_media_url":"https:\/\/i0.wp.com\/eltrabajo.cl\/portal\/wp-content\/uploads\/2015\/11\/Excavaciones-Llay-Llay.jpg?fit=530%2C350&ssl=1","jetpack_sharing_enabled":true,"jetpack_likes_enabled":true,"jetpack-related-posts":[],"_links":{"self":[{"href":"https:\/\/eltrabajo.cl\/portal\/wp-json\/wp\/v2\/posts\/63604","targetHints":{"allow":["GET"]}}],"collection":[{"href":"https:\/\/eltrabajo.cl\/portal\/wp-json\/wp\/v2\/posts"}],"about":[{"href":"https:\/\/eltrabajo.cl\/portal\/wp-json\/wp\/v2\/types\/post"}],"author":[{"embeddable":true,"href":"https:\/\/eltrabajo.cl\/portal\/wp-json\/wp\/v2\/users\/482"}],"replies":[{"embeddable":true,"href":"https:\/\/eltrabajo.cl\/portal\/wp-json\/wp\/v2\/comments?post=63604"}],"version-history":[{"count":0,"href":"https:\/\/eltrabajo.cl\/portal\/wp-json\/wp\/v2\/posts\/63604\/revisions"}],"wp:featuredmedia":[{"embeddable":true,"href":"https:\/\/eltrabajo.cl\/portal\/wp-json\/wp\/v2\/media\/63605"}],"wp:attachment":[{"href":"https:\/\/eltrabajo.cl\/portal\/wp-json\/wp\/v2\/media?parent=63604"}],"wp:term":[{"taxonomy":"category","embeddable":true,"href":"https:\/\/eltrabajo.cl\/portal\/wp-json\/wp\/v2\/categories?post=63604"},{"taxonomy":"post_tag","embeddable":true,"href":"https:\/\/eltrabajo.cl\/portal\/wp-json\/wp\/v2\/tags?post=63604"}],"curies":[{"name":"wp","href":"https:\/\/api.w.org\/{rel}","templated":true}]}}