{"id":63607,"date":"2015-11-06T09:26:36","date_gmt":"2015-11-06T12:26:36","guid":{"rendered":"http:\/\/www.eltrabajo.cl\/portal\/?p=63607"},"modified":"2015-11-06T09:26:36","modified_gmt":"2015-11-06T12:26:36","slug":"cientos-de-ninos-disfrutaron-la-presentacion-de-los-perros-policiales-de-carabineros","status":"publish","type":"post","link":"https:\/\/eltrabajo.cl\/portal\/cientos-de-ninos-disfrutaron-la-presentacion-de-los-perros-policiales-de-carabineros\/","title":{"rendered":"Cientos de ni\u00f1os disfrutaron la presentaci\u00f3n de los perros policiales de Carabineros"},"content":{"rendered":"<figure id=\"attachment_63608\" aria-describedby=\"caption-attachment-63608\" style=\"width: 300px\" class=\"wp-caption alignleft\"><a href=\"https:\/\/i0.wp.com\/www.eltrabajo.cl\/portal\/wp-content\/uploads\/2015\/11\/SECCION-CANINA-CARABINEROS-4.jpg\"><img data-recalc-dims=\"1\" loading=\"lazy\" decoding=\"async\" class=\"wp-image-63608 size-medium\" src=\"https:\/\/i0.wp.com\/www.eltrabajo.cl\/portal\/wp-content\/uploads\/2015\/11\/SECCION-CANINA-CARABINEROS-4-300x198.jpg?resize=300%2C198\" alt=\"Los perros Amir, Panton, Ralph, Igor, Ninja Greco mostraron todo su carisma que cautiv\u00f3 sobretodo a los m\u00e1s peque\u00f1itos.\" width=\"300\" height=\"198\" srcset=\"https:\/\/i0.wp.com\/eltrabajo.cl\/portal\/wp-content\/uploads\/2015\/11\/SECCION-CANINA-CARABINEROS-4.jpg?resize=300%2C198&amp;ssl=1 300w, https:\/\/i0.wp.com\/eltrabajo.cl\/portal\/wp-content\/uploads\/2015\/11\/SECCION-CANINA-CARABINEROS-4.jpg?resize=200%2C132&amp;ssl=1 200w, https:\/\/i0.wp.com\/eltrabajo.cl\/portal\/wp-content\/uploads\/2015\/11\/SECCION-CANINA-CARABINEROS-4.jpg?resize=227%2C150&amp;ssl=1 227w, https:\/\/i0.wp.com\/eltrabajo.cl\/portal\/wp-content\/uploads\/2015\/11\/SECCION-CANINA-CARABINEROS-4.jpg?resize=400%2C264&amp;ssl=1 400w, https:\/\/i0.wp.com\/eltrabajo.cl\/portal\/wp-content\/uploads\/2015\/11\/SECCION-CANINA-CARABINEROS-4.jpg?w=530&amp;ssl=1 530w\" sizes=\"auto, (max-width: 300px) 100vw, 300px\" \/><\/a><figcaption id=\"caption-attachment-63608\" class=\"wp-caption-text\">Los perros Amir, Panton, Ralph, Igor, Ninja Greco mostraron todo su carisma que cautiv\u00f3 sobretodo a los m\u00e1s peque\u00f1itos.<\/figcaption><\/figure>\n<ul>\n<li><strong>En una verdadera fiesta que congrego a cientos de ni\u00f1os y tambi\u00e9n adultos que soportaron la alta temperatura registrada el medio d\u00eda de este jueves se present\u00f3 la secci\u00f3n de perros policiales pertenecientes a la quinta zona de Carabineros de Valpara\u00edso.<\/strong><\/li>\n<\/ul>\n<p><strong>PUTAENDO.<\/strong>&#8211; Gracias a la importante gesti\u00f3n del teniente \u00c1ngelo Acevedo en conjunto con los jefes de todos los destacamentos policiales pasado el mediod\u00eda de este jueves, peque\u00f1itos de jardines infantiles y colegios de toda la comuna repletaron el estadio municipal de la comuna y esperaron ansiosos la presentaci\u00f3n de estos perros que junto a sus instructores cautivaron a todos con una maravillosa presentaci\u00f3n.<br \/>\nLos perros Amir, Panton, Ralph, Igor, Ninja Greco mostraron todo su carisma que cautiv\u00f3 sobretodo a los m\u00e1s peque\u00f1itos que felices aplaud\u00edan cada una de sus demostraciones que evidencian el nivel de entrenamiento y preparaci\u00f3n que reciben en la escuela de adiestramiento canino de Carabineros de Chile y de manera especial quinta zona de Valpara\u00edso.<br \/>\nPara el teniente de Carabineros \u00c1ngelo Acevedo la actividad fue todo un \u00e9xito y destaco el inter\u00e9s de los colegios y jardines infantiles en ser parte de esta actividad, agregando que para Carabineros de Putaendo es preocupaci\u00f3n constante estrechar lazos con la comunidad y que esto era un peque\u00f1o regalo al acercarse el termino del a\u00f1o escolar en la comuna pues es la primera vez que este tipo de actividades se presenta en Putaendo.<br \/>\nPor su parte el suboficial mayor de Carabineros y jefe de la secci\u00f3n de perros policiales, Nicol\u00e1s Monrroy agradeci\u00f3 la invitaci\u00f3n del teniente Acevedo y dijo que en pocas ocasiones llegan tantos peque\u00f1os sobre todo por la hora y el calor reinante a una presentaci\u00f3n que dijo se hab\u00eda realizado con mucho cari\u00f1o por parte de los efectivos policiales que no tan solo preparan a estos perros para este tipo de presentaciones sino que adem\u00e1s forman parte activa del rol preventivo y de seguridad y orden que Carabineros cumple a lo largo del pa\u00eds.<br \/>\nTodos los presentes entre los que se encontraban autoridades directores de colegios y por supuesto los ni\u00f1os que al finalizar la actividad no tan solo se fotografiaron con los instructores y perros agradecieron este hermoso gesto que cautivo agrandes y peque\u00f1os en el estadio Municipal de Putaendo gracias al esfuerzo de Carabineros de Putaendo.<br \/>\n<strong>Patricio Gallardo M.<\/strong><\/p>\n","protected":false},"excerpt":{"rendered":"<p>En una verdadera fiesta que congrego a cientos de ni\u00f1os y tambi\u00e9n adultos que soportaron la alta temperatura registrada el medio d\u00eda de este jueves se present\u00f3 la secci\u00f3n de perros policiales&#8230;<\/p>\n","protected":false},"author":482,"featured_media":63608,"comment_status":"open","ping_status":"open","sticky":false,"template":"","format":"standard","meta":{"advanced_seo_description":"","jetpack_seo_html_title":"","jetpack_seo_noindex":false,"_jetpack_memberships_contains_paid_content":false,"footnotes":""},"categories":[1],"tags":[],"class_list":["post-63607","post","type-post","status-publish","format-standard","has-post-thumbnail","hentry","category-cronica"],"jetpack_featured_media_url":"https:\/\/i0.wp.com\/eltrabajo.cl\/portal\/wp-content\/uploads\/2015\/11\/SECCION-CANINA-CARABINEROS-4.jpg?fit=530%2C350&ssl=1","jetpack_sharing_enabled":true,"jetpack_likes_enabled":true,"jetpack-related-posts":[],"_links":{"self":[{"href":"https:\/\/eltrabajo.cl\/portal\/wp-json\/wp\/v2\/posts\/63607","targetHints":{"allow":["GET"]}}],"collection":[{"href":"https:\/\/eltrabajo.cl\/portal\/wp-json\/wp\/v2\/posts"}],"about":[{"href":"https:\/\/eltrabajo.cl\/portal\/wp-json\/wp\/v2\/types\/post"}],"author":[{"embeddable":true,"href":"https:\/\/eltrabajo.cl\/portal\/wp-json\/wp\/v2\/users\/482"}],"replies":[{"embeddable":true,"href":"https:\/\/eltrabajo.cl\/portal\/wp-json\/wp\/v2\/comments?post=63607"}],"version-history":[{"count":0,"href":"https:\/\/eltrabajo.cl\/portal\/wp-json\/wp\/v2\/posts\/63607\/revisions"}],"wp:featuredmedia":[{"embeddable":true,"href":"https:\/\/eltrabajo.cl\/portal\/wp-json\/wp\/v2\/media\/63608"}],"wp:attachment":[{"href":"https:\/\/eltrabajo.cl\/portal\/wp-json\/wp\/v2\/media?parent=63607"}],"wp:term":[{"taxonomy":"category","embeddable":true,"href":"https:\/\/eltrabajo.cl\/portal\/wp-json\/wp\/v2\/categories?post=63607"},{"taxonomy":"post_tag","embeddable":true,"href":"https:\/\/eltrabajo.cl\/portal\/wp-json\/wp\/v2\/tags?post=63607"}],"curies":[{"name":"wp","href":"https:\/\/api.w.org\/{rel}","templated":true}]}}