{"id":63610,"date":"2015-11-06T09:28:17","date_gmt":"2015-11-06T12:28:17","guid":{"rendered":"http:\/\/www.eltrabajo.cl\/portal\/?p=63610"},"modified":"2015-11-06T09:28:17","modified_gmt":"2015-11-06T12:28:17","slug":"escuela-industrial-ya-cuenta-con-diseno-para-su-gimnasio","status":"publish","type":"post","link":"https:\/\/eltrabajo.cl\/portal\/escuela-industrial-ya-cuenta-con-diseno-para-su-gimnasio\/","title":{"rendered":"Escuela Industrial ya cuenta con dise\u00f1o para su gimnasio"},"content":{"rendered":"<figure id=\"attachment_63611\" aria-describedby=\"caption-attachment-63611\" style=\"width: 300px\" class=\"wp-caption alignleft\"><a href=\"https:\/\/i0.wp.com\/www.eltrabajo.cl\/portal\/wp-content\/uploads\/2015\/11\/diseno-gimnasio.jpg\"><img data-recalc-dims=\"1\" loading=\"lazy\" decoding=\"async\" class=\"wp-image-63611 size-medium\" src=\"https:\/\/i0.wp.com\/www.eltrabajo.cl\/portal\/wp-content\/uploads\/2015\/11\/diseno-gimnasio-300x198.jpg?resize=300%2C198\" alt=\"El Secretario de Planificaci\u00f3n Comunal, Claudio Paredes junto a Mauricio Olgu\u00edn, jefe administrativo de la Escuela Industrial.\" width=\"300\" height=\"198\" srcset=\"https:\/\/i0.wp.com\/eltrabajo.cl\/portal\/wp-content\/uploads\/2015\/11\/diseno-gimnasio.jpg?resize=300%2C198&amp;ssl=1 300w, https:\/\/i0.wp.com\/eltrabajo.cl\/portal\/wp-content\/uploads\/2015\/11\/diseno-gimnasio.jpg?resize=200%2C132&amp;ssl=1 200w, https:\/\/i0.wp.com\/eltrabajo.cl\/portal\/wp-content\/uploads\/2015\/11\/diseno-gimnasio.jpg?resize=227%2C150&amp;ssl=1 227w, https:\/\/i0.wp.com\/eltrabajo.cl\/portal\/wp-content\/uploads\/2015\/11\/diseno-gimnasio.jpg?resize=400%2C264&amp;ssl=1 400w, https:\/\/i0.wp.com\/eltrabajo.cl\/portal\/wp-content\/uploads\/2015\/11\/diseno-gimnasio.jpg?w=530&amp;ssl=1 530w\" sizes=\"auto, (max-width: 300px) 100vw, 300px\" \/><\/a><figcaption id=\"caption-attachment-63611\" class=\"wp-caption-text\">El Secretario de Planificaci\u00f3n Comunal, Claudio Paredes junto a Mauricio Olgu\u00edn, jefe administrativo de la Escuela Industrial.<\/figcaption><\/figure>\n<ul>\n<li><strong>El proyecto ahora ser\u00e1 presentado por el alcalde Patricio Freire para la obtenci\u00f3n de la recomendaci\u00f3n t\u00e9cnica favorable y posteriormente solicitar los recursos al Gobierno Regional.<\/strong><\/li>\n<\/ul>\n<p>Luego de un exhaustivo trabajo realizado por la comunidad educativa de la Escuela Industrial en conjunto con profesionales de la Secretar\u00eda de Planificaci\u00f3n de la Municipalidad de San Felipe, es posible contar con el dise\u00f1o del gimnasio de este establecimiento educacional sanfelipe\u00f1o.<br \/>\nSe trata de un proyecto llevado adelante por la administraci\u00f3n del alcalde Patricio Freire y que permitir\u00eda dotar al establecimiento educacional de un recinto deportivo, que es esperado por muchos a\u00f1os por los alumnos y profesores.<br \/>\n\u201cEste liceo cuenta con casi mil alumnos estudiantes en el liceo, y la idea es poder entregarles una infraestructura para que realicen sus actividades deportivas, c\u00edvicas y formales dentro del liceo\u201d, se\u00f1al\u00f3 el Secretario de Planificaci\u00f3n Comunal, Claudio Paredes.<br \/>\nHace unos d\u00edas la directiva del centro de padres entreg\u00f3 el documento que contiene el dise\u00f1o del gimnasio, luego que un profesional externo asesorara al establecimiento en la confecci\u00f3n de la iniciativa. El proyecto ahora ser\u00e1 presentado por el alcalde Patricio Freire para la obtenci\u00f3n de la recomendaci\u00f3n t\u00e9cnica favorable, para posteriormente solicitar los recursos al Gobierno Regional.<br \/>\nMauricio Olgu\u00edn, jefe administrativo de la Escuela Industrial se\u00f1al\u00f3 que la comunidad escolar se encuentra feliz de haber culminado esta primera etapa.<br \/>\n\u201cEstamos contentos de esta alianza que tuvimos con la municipalidad y con el apoyo que hemos recibido del Alcalde para llevar por buen camino la terminaci\u00f3n de este ambicioso proyecto que lleva mucho tiempo de espera de parte de nuestros estudiantes y la comunidad de San Felipe\u201d.<br \/>\nActualmente el establecimiento no cuenta con un gimnasio en sus dependencias, s\u00f3lo con una multicancha y una cancha de f\u00fatbol abierta, por lo que el desaf\u00edo de la escuela es contar con un gimnasio que permita la pr\u00e1ctica de todas las disciplinas deportivas y actividades art\u00edstico-culturales que se realizan al interior de la Escuela Industrial Guillermo Richard Cuevas.<\/p>\n","protected":false},"excerpt":{"rendered":"<p>El proyecto ahora ser\u00e1 presentado por el alcalde Patricio Freire para la obtenci\u00f3n de la recomendaci\u00f3n t\u00e9cnica favorable y posteriormente solicitar los recursos al Gobierno Regional. Luego de un exhaustivo trabajo realizado&#8230;<\/p>\n","protected":false},"author":482,"featured_media":63611,"comment_status":"open","ping_status":"open","sticky":false,"template":"","format":"standard","meta":{"advanced_seo_description":"","jetpack_seo_html_title":"","jetpack_seo_noindex":false,"_jetpack_memberships_contains_paid_content":false,"footnotes":""},"categories":[1],"tags":[],"class_list":["post-63610","post","type-post","status-publish","format-standard","has-post-thumbnail","hentry","category-cronica"],"jetpack_featured_media_url":"https:\/\/i0.wp.com\/eltrabajo.cl\/portal\/wp-content\/uploads\/2015\/11\/diseno-gimnasio.jpg?fit=530%2C350&ssl=1","jetpack_sharing_enabled":true,"jetpack_likes_enabled":true,"jetpack-related-posts":[],"_links":{"self":[{"href":"https:\/\/eltrabajo.cl\/portal\/wp-json\/wp\/v2\/posts\/63610","targetHints":{"allow":["GET"]}}],"collection":[{"href":"https:\/\/eltrabajo.cl\/portal\/wp-json\/wp\/v2\/posts"}],"about":[{"href":"https:\/\/eltrabajo.cl\/portal\/wp-json\/wp\/v2\/types\/post"}],"author":[{"embeddable":true,"href":"https:\/\/eltrabajo.cl\/portal\/wp-json\/wp\/v2\/users\/482"}],"replies":[{"embeddable":true,"href":"https:\/\/eltrabajo.cl\/portal\/wp-json\/wp\/v2\/comments?post=63610"}],"version-history":[{"count":0,"href":"https:\/\/eltrabajo.cl\/portal\/wp-json\/wp\/v2\/posts\/63610\/revisions"}],"wp:featuredmedia":[{"embeddable":true,"href":"https:\/\/eltrabajo.cl\/portal\/wp-json\/wp\/v2\/media\/63611"}],"wp:attachment":[{"href":"https:\/\/eltrabajo.cl\/portal\/wp-json\/wp\/v2\/media?parent=63610"}],"wp:term":[{"taxonomy":"category","embeddable":true,"href":"https:\/\/eltrabajo.cl\/portal\/wp-json\/wp\/v2\/categories?post=63610"},{"taxonomy":"post_tag","embeddable":true,"href":"https:\/\/eltrabajo.cl\/portal\/wp-json\/wp\/v2\/tags?post=63610"}],"curies":[{"name":"wp","href":"https:\/\/api.w.org\/{rel}","templated":true}]}}