{"id":63613,"date":"2015-11-06T09:30:46","date_gmt":"2015-11-06T12:30:46","guid":{"rendered":"http:\/\/www.eltrabajo.cl\/portal\/?p=63613"},"modified":"2015-11-06T09:30:46","modified_gmt":"2015-11-06T12:30:46","slug":"efectuan-reunion-informativa-de-proyecto-que-tratara-a-personas-con-trastorno-del-espectro-autista","status":"publish","type":"post","link":"https:\/\/eltrabajo.cl\/portal\/efectuan-reunion-informativa-de-proyecto-que-tratara-a-personas-con-trastorno-del-espectro-autista\/","title":{"rendered":"Efect\u00faan reuni\u00f3n informativa de proyecto que tratar\u00e1 a personas con Trastorno del Espectro Autista"},"content":{"rendered":"<figure id=\"attachment_63614\" aria-describedby=\"caption-attachment-63614\" style=\"width: 300px\" class=\"wp-caption alignleft\"><a href=\"https:\/\/i0.wp.com\/www.eltrabajo.cl\/portal\/wp-content\/uploads\/2015\/11\/Reunion-Casa-Azul.jpg\"><img data-recalc-dims=\"1\" loading=\"lazy\" decoding=\"async\" class=\"wp-image-63614 size-medium\" src=\"https:\/\/i0.wp.com\/www.eltrabajo.cl\/portal\/wp-content\/uploads\/2015\/11\/Reunion-Casa-Azul-300x197.jpg?resize=300%2C197\" alt=\"La reuni\u00f3n fue organizada por la Agrupaci\u00f3n Autismo San Felipe de Aconcagua y cont\u00f3 con la participaci\u00f3n del Gobernador Eduardo Le\u00f3n y representantes de la Municipalidad de San Felipe.\" width=\"300\" height=\"197\" srcset=\"https:\/\/i0.wp.com\/eltrabajo.cl\/portal\/wp-content\/uploads\/2015\/11\/Reunion-Casa-Azul.jpg?resize=300%2C197&amp;ssl=1 300w, https:\/\/i0.wp.com\/eltrabajo.cl\/portal\/wp-content\/uploads\/2015\/11\/Reunion-Casa-Azul.jpg?resize=200%2C131&amp;ssl=1 200w, https:\/\/i0.wp.com\/eltrabajo.cl\/portal\/wp-content\/uploads\/2015\/11\/Reunion-Casa-Azul.jpg?resize=228%2C150&amp;ssl=1 228w, https:\/\/i0.wp.com\/eltrabajo.cl\/portal\/wp-content\/uploads\/2015\/11\/Reunion-Casa-Azul.jpg?resize=400%2C263&amp;ssl=1 400w, https:\/\/i0.wp.com\/eltrabajo.cl\/portal\/wp-content\/uploads\/2015\/11\/Reunion-Casa-Azul.jpg?w=530&amp;ssl=1 530w\" sizes=\"auto, (max-width: 300px) 100vw, 300px\" \/><\/a><figcaption id=\"caption-attachment-63614\" class=\"wp-caption-text\">La reuni\u00f3n fue organizada por la Agrupaci\u00f3n Autismo San Felipe de Aconcagua y cont\u00f3 con la participaci\u00f3n del Gobernador Eduardo Le\u00f3n y representantes de la Municipalidad de San Felipe.<\/figcaption><\/figure>\n<ul>\n<li><strong>La iniciativa es impulsada por la Agrupaci\u00f3n Autismo San Felipe, quienes desarrollar\u00e1n diversos talleres que facilitar\u00e1 la creaci\u00f3n de instancias de esparcimiento y convivencia de ni\u00f1os, j\u00f3venes y adultos con la condici\u00f3n de autismo.<\/strong><\/li>\n<\/ul>\n<p>Un importante proyecto est\u00e1 ad portas de materializarse en la comuna de San Felipe. Se trata de la \u2018Casa Azul\u2019, que nace como un ente que permitir\u00e1 el desarrollo integral de las personas con Trastorno del Espectro Autista (TEA) y su inserci\u00f3n en la comunidad.<br \/>\nLa intenci\u00f3n es generar una casa taller-terap\u00e9utico en la que se implementar\u00e1n diversos talleres que facilitar\u00e1 la creaci\u00f3n de instancias de esparcimiento y convivencia de ni\u00f1os, j\u00f3venes y adultos con la condici\u00f3n de autismo, generando as\u00ed una interacci\u00f3n natural con su comunidad y entorno.<br \/>\nEsta iniciativa es impulsada por la Agrupaci\u00f3n Autismo San Felipe de Aconcagua y cont\u00f3 con la participaci\u00f3n del Gobernador Eduardo Le\u00f3n y representantes de la Municipalidad de San Felipe.<br \/>\nPara la Tesorera de la agrupaci\u00f3n, Alejandra Le\u00f3n, es fundamental dar a conocer el largo trayecto que han recorrido para finalmente materializar esta iniciativa. \u201cLlevamos 4 meses trabajando en esto, frente a la necesidad de no tener ning\u00fan lugar donde los ni\u00f1os pueden ser acogidos y atendidos integralmente. Hemos recibido bastante apoyo tanto de la Gobernaci\u00f3n como del Municipio, lo que para nosotros ha sido fundamental\u201d.<br \/>\nAlejandra habla desde la propia experiencia, ya que su hijo de 9 a\u00f1os padece de autismo, lo que fue el motor para trabajar en este proyecto. \u201cLo que queremos es realizar distintos talleres, yoga, musicoterapia, danza, malabarismo, teatro y tambi\u00e9n vamos a entregar terapia gratuitas psicol\u00f3gicas y fonoaudiol\u00f3gicas. Tambi\u00e9n haremos talleres con padre, porque cuidar a ni\u00f1os con discapacidad es complejo\u201d, agrega.<br \/>\nLo que la agrupaci\u00f3n busca conseguir es instalar en la sociedad lo que significa el autismo y darle la misma prioridad que tienen otras discapacidades f\u00edsicas.<br \/>\nHasta la fecha, son cerca de 100 interesados quienes se han inscritos en esta iniciativa que todav\u00eda no encuentra ubicaci\u00f3n, pero que est\u00e1 en proceso de instalaci\u00f3n.<br \/>\nEn tanto, el gobernador Eduardo Le\u00f3n sostuvo que \u201cpara nosotros es importante este tipo de proyectos, porque permite que la comunidad se organice y participe. Hay muchos ni\u00f1os considerados en el TEA y por ignorancia son incomprendidos o no tratados adecuadamente. Para el Gobierno de la Presidenta Bachelet es importante que todas y todos seamos respetados dentro de nuestras diferencias\u201d sostuvo la m\u00e1xima autoridad provincial.<br \/>\nSeg\u00fan el cronograma que mantiene la agrupaci\u00f3n, dentro de los pr\u00f3ximos d\u00edas iniciar\u00edan algunas actividades: El 21 de noviembre realizar\u00e1n una charla dictada por especialistas argentinos, adem\u00e1s, en enero se inician los talleres deportivos en dependencias municipales.<br \/>\nPara mayor informaci\u00f3n, la agrupaci\u00f3n invita a la comunidad ingresar al Facebook Autismo San Felipe de Aconcagua.<\/p>\n","protected":false},"excerpt":{"rendered":"<p>La iniciativa es impulsada por la Agrupaci\u00f3n Autismo San Felipe, quienes desarrollar\u00e1n diversos talleres que facilitar\u00e1 la creaci\u00f3n de instancias de esparcimiento y convivencia de ni\u00f1os, j\u00f3venes y adultos con la condici\u00f3n&#8230;<\/p>\n","protected":false},"author":482,"featured_media":63614,"comment_status":"open","ping_status":"open","sticky":false,"template":"","format":"standard","meta":{"advanced_seo_description":"","jetpack_seo_html_title":"","jetpack_seo_noindex":false,"_jetpack_memberships_contains_paid_content":false,"footnotes":""},"categories":[1],"tags":[],"class_list":["post-63613","post","type-post","status-publish","format-standard","has-post-thumbnail","hentry","category-cronica"],"jetpack_featured_media_url":"https:\/\/i0.wp.com\/eltrabajo.cl\/portal\/wp-content\/uploads\/2015\/11\/Reunion-Casa-Azul.jpg?fit=530%2C348&ssl=1","jetpack_sharing_enabled":true,"jetpack_likes_enabled":true,"jetpack-related-posts":[],"_links":{"self":[{"href":"https:\/\/eltrabajo.cl\/portal\/wp-json\/wp\/v2\/posts\/63613","targetHints":{"allow":["GET"]}}],"collection":[{"href":"https:\/\/eltrabajo.cl\/portal\/wp-json\/wp\/v2\/posts"}],"about":[{"href":"https:\/\/eltrabajo.cl\/portal\/wp-json\/wp\/v2\/types\/post"}],"author":[{"embeddable":true,"href":"https:\/\/eltrabajo.cl\/portal\/wp-json\/wp\/v2\/users\/482"}],"replies":[{"embeddable":true,"href":"https:\/\/eltrabajo.cl\/portal\/wp-json\/wp\/v2\/comments?post=63613"}],"version-history":[{"count":0,"href":"https:\/\/eltrabajo.cl\/portal\/wp-json\/wp\/v2\/posts\/63613\/revisions"}],"wp:featuredmedia":[{"embeddable":true,"href":"https:\/\/eltrabajo.cl\/portal\/wp-json\/wp\/v2\/media\/63614"}],"wp:attachment":[{"href":"https:\/\/eltrabajo.cl\/portal\/wp-json\/wp\/v2\/media?parent=63613"}],"wp:term":[{"taxonomy":"category","embeddable":true,"href":"https:\/\/eltrabajo.cl\/portal\/wp-json\/wp\/v2\/categories?post=63613"},{"taxonomy":"post_tag","embeddable":true,"href":"https:\/\/eltrabajo.cl\/portal\/wp-json\/wp\/v2\/tags?post=63613"}],"curies":[{"name":"wp","href":"https:\/\/api.w.org\/{rel}","templated":true}]}}