{"id":63616,"date":"2015-11-06T09:34:07","date_gmt":"2015-11-06T12:34:07","guid":{"rendered":"http:\/\/www.eltrabajo.cl\/portal\/?p=63616"},"modified":"2015-11-06T09:34:07","modified_gmt":"2015-11-06T12:34:07","slug":"autoridades-participan-en-segunda-feria-laboral-realizada-en-catemu","status":"publish","type":"post","link":"https:\/\/eltrabajo.cl\/portal\/autoridades-participan-en-segunda-feria-laboral-realizada-en-catemu\/","title":{"rendered":"Autoridades participan en segunda feria laboral realizada en Catemu"},"content":{"rendered":"<figure id=\"attachment_63617\" aria-describedby=\"caption-attachment-63617\" style=\"width: 300px\" class=\"wp-caption alignleft\"><a href=\"https:\/\/i0.wp.com\/www.eltrabajo.cl\/portal\/wp-content\/uploads\/2015\/11\/Feria-laboral-catemu.jpg\"><img data-recalc-dims=\"1\" loading=\"lazy\" decoding=\"async\" class=\"wp-image-63617 size-medium\" src=\"https:\/\/i0.wp.com\/www.eltrabajo.cl\/portal\/wp-content\/uploads\/2015\/11\/Feria-laboral-catemu-300x198.jpg?resize=300%2C198\" alt=\"Diversas autoridades asistieron a la segunda feria laboral Sence realizada en la comuna de Catemu.\" width=\"300\" height=\"198\" srcset=\"https:\/\/i0.wp.com\/eltrabajo.cl\/portal\/wp-content\/uploads\/2015\/11\/Feria-laboral-catemu.jpg?resize=300%2C198&amp;ssl=1 300w, https:\/\/i0.wp.com\/eltrabajo.cl\/portal\/wp-content\/uploads\/2015\/11\/Feria-laboral-catemu.jpg?resize=200%2C132&amp;ssl=1 200w, https:\/\/i0.wp.com\/eltrabajo.cl\/portal\/wp-content\/uploads\/2015\/11\/Feria-laboral-catemu.jpg?resize=227%2C150&amp;ssl=1 227w, https:\/\/i0.wp.com\/eltrabajo.cl\/portal\/wp-content\/uploads\/2015\/11\/Feria-laboral-catemu.jpg?resize=400%2C264&amp;ssl=1 400w, https:\/\/i0.wp.com\/eltrabajo.cl\/portal\/wp-content\/uploads\/2015\/11\/Feria-laboral-catemu.jpg?w=530&amp;ssl=1 530w\" sizes=\"auto, (max-width: 300px) 100vw, 300px\" \/><\/a><figcaption id=\"caption-attachment-63617\" class=\"wp-caption-text\">Diversas autoridades asistieron a la segunda feria laboral Sence realizada en la comuna de Catemu.<\/figcaption><\/figure>\n<ul>\n<li><strong>El gobernador Eduardo Le\u00f3n destac\u00f3 la iniciativa que busca capacitar a un importante n\u00famero de personas para obtener trabajos de calidad.<\/strong><\/li>\n<\/ul>\n<p>Con la presencia de un importante n\u00famero de empresas nacionales y de la zona, es que este jueves se desarroll\u00f3 la segunda feria laboral de Sence en la comuna de Catemu. Instancia hasta la que arribaron el Gobernador Eduardo Le\u00f3n, el alcalde Boris Luksic y el Director Regional de Servicio Nacional de Capacitaci\u00f3n y Empleo (Sence) Esteban Vega, quienes recorrieron los stand y conversaron con los postulantes a los distintos puesto acerca de la importancia de desarrollar este tipo de actividades que permiten aumentar el campo laboral y mejora el acceso al empleo.<br \/>\nEn esa l\u00ednea, el gobernador Le\u00f3n manifest\u00f3 que estas ferias laborales hacen coincidir la oferta de empleo con la demanda de las personas. \u201cEl Gobierno de la Presidenta Bachelet est\u00e1 empe\u00f1ado en que el empleo sea de calidad y para eso se requiere capacitaci\u00f3n. Por eso, el Sence est\u00e1 disponible en capacitar a la gente en lo que requieran las empresas para que puedan acceder a mejores empleos\u201d, sostuvo la autoridad provincial.<br \/>\nEn tanto, el director Regional de Sence, afirm\u00f3 que \u201cse viene la temporada estival y con esto se activan un importante n\u00famero de trabajo, por ello, son fundamentales estas actividades, que articulan a quienes buscan empleo con quienes demandan. Tuvimos una excelente noticia durante la semana pasada, ya que en la regi\u00f3n, en el \u00faltimo trimestre m\u00f3vil, baj\u00f3 en un 0,4% y si hacemos la misma comparaci\u00f3n con el mismo trimestre m\u00f3vil del a\u00f1o anterior, descendi\u00f3 1,2%, esto nos da cuenta de que nuestra regi\u00f3n muestra un dinamismo en la creaci\u00f3n de empleo\u201d, destac\u00f3.<br \/>\nPor su parte, el alcalde Luksic, agradeci\u00f3 la presencia de las autoridades a esta feria, adem\u00e1s, agreg\u00f3 que \u201cdurante este tiempo, el n\u00famero de puestos laborales aumenta por lo que queremos generar empleos permanentes. Es importante que en el sector agr\u00edcola, se pueda diversificar la producci\u00f3n para que ocurra la estacionalidad del empleo de forma permanente. Asimismo, los cursos de Sence ha permitido certificar a un importante n\u00famero de personas, entreg\u00e1ndole nuevas e inigualables armas para enfrentar el mundo laboral\u201d, finaliz\u00f3.<\/p>\n","protected":false},"excerpt":{"rendered":"<p>El gobernador Eduardo Le\u00f3n destac\u00f3 la iniciativa que busca capacitar a un importante n\u00famero de personas para obtener trabajos de calidad. Con la presencia de un importante n\u00famero de empresas nacionales y&#8230;<\/p>\n","protected":false},"author":482,"featured_media":63617,"comment_status":"open","ping_status":"open","sticky":false,"template":"","format":"standard","meta":{"advanced_seo_description":"","jetpack_seo_html_title":"","jetpack_seo_noindex":false,"_jetpack_memberships_contains_paid_content":false,"footnotes":""},"categories":[1],"tags":[],"class_list":["post-63616","post","type-post","status-publish","format-standard","has-post-thumbnail","hentry","category-cronica"],"jetpack_featured_media_url":"https:\/\/i0.wp.com\/eltrabajo.cl\/portal\/wp-content\/uploads\/2015\/11\/Feria-laboral-catemu.jpg?fit=530%2C350&ssl=1","jetpack_sharing_enabled":true,"jetpack_likes_enabled":true,"jetpack-related-posts":[],"_links":{"self":[{"href":"https:\/\/eltrabajo.cl\/portal\/wp-json\/wp\/v2\/posts\/63616","targetHints":{"allow":["GET"]}}],"collection":[{"href":"https:\/\/eltrabajo.cl\/portal\/wp-json\/wp\/v2\/posts"}],"about":[{"href":"https:\/\/eltrabajo.cl\/portal\/wp-json\/wp\/v2\/types\/post"}],"author":[{"embeddable":true,"href":"https:\/\/eltrabajo.cl\/portal\/wp-json\/wp\/v2\/users\/482"}],"replies":[{"embeddable":true,"href":"https:\/\/eltrabajo.cl\/portal\/wp-json\/wp\/v2\/comments?post=63616"}],"version-history":[{"count":0,"href":"https:\/\/eltrabajo.cl\/portal\/wp-json\/wp\/v2\/posts\/63616\/revisions"}],"wp:featuredmedia":[{"embeddable":true,"href":"https:\/\/eltrabajo.cl\/portal\/wp-json\/wp\/v2\/media\/63617"}],"wp:attachment":[{"href":"https:\/\/eltrabajo.cl\/portal\/wp-json\/wp\/v2\/media?parent=63616"}],"wp:term":[{"taxonomy":"category","embeddable":true,"href":"https:\/\/eltrabajo.cl\/portal\/wp-json\/wp\/v2\/categories?post=63616"},{"taxonomy":"post_tag","embeddable":true,"href":"https:\/\/eltrabajo.cl\/portal\/wp-json\/wp\/v2\/tags?post=63616"}],"curies":[{"name":"wp","href":"https:\/\/api.w.org\/{rel}","templated":true}]}}