{"id":63619,"date":"2015-11-06T09:40:51","date_gmt":"2015-11-06T12:40:51","guid":{"rendered":"http:\/\/www.eltrabajo.cl\/portal\/?p=63619"},"modified":"2015-11-06T09:40:51","modified_gmt":"2015-11-06T12:40:51","slug":"proyecto-para-construir-sede-comunitaria-en-san-rafael-ya-podra-optar-a-financiamiento","status":"publish","type":"post","link":"https:\/\/eltrabajo.cl\/portal\/proyecto-para-construir-sede-comunitaria-en-san-rafael-ya-podra-optar-a-financiamiento\/","title":{"rendered":"Proyecto para construir sede comunitaria en San Rafael ya podr\u00e1 optar a financiamiento"},"content":{"rendered":"<figure id=\"attachment_63620\" aria-describedby=\"caption-attachment-63620\" style=\"width: 300px\" class=\"wp-caption alignleft\"><a href=\"https:\/\/i0.wp.com\/www.eltrabajo.cl\/portal\/wp-content\/uploads\/2015\/11\/sede-san-rafael-1.jpg\"><img data-recalc-dims=\"1\" loading=\"lazy\" decoding=\"async\" class=\"wp-image-63620 size-medium\" src=\"https:\/\/i0.wp.com\/www.eltrabajo.cl\/portal\/wp-content\/uploads\/2015\/11\/sede-san-rafael-1-300x198.jpg?resize=300%2C198\" alt=\"Felices se mostraron los vecinos de la comunidad de San Rafael, ante el anuncio de que podr\u00e1n acceder a fondos para construir finalmente su sede comunitaria.\" width=\"300\" height=\"198\" srcset=\"https:\/\/i0.wp.com\/eltrabajo.cl\/portal\/wp-content\/uploads\/2015\/11\/sede-san-rafael-1.jpg?resize=300%2C198&amp;ssl=1 300w, https:\/\/i0.wp.com\/eltrabajo.cl\/portal\/wp-content\/uploads\/2015\/11\/sede-san-rafael-1.jpg?resize=200%2C132&amp;ssl=1 200w, https:\/\/i0.wp.com\/eltrabajo.cl\/portal\/wp-content\/uploads\/2015\/11\/sede-san-rafael-1.jpg?resize=227%2C150&amp;ssl=1 227w, https:\/\/i0.wp.com\/eltrabajo.cl\/portal\/wp-content\/uploads\/2015\/11\/sede-san-rafael-1.jpg?resize=400%2C264&amp;ssl=1 400w, https:\/\/i0.wp.com\/eltrabajo.cl\/portal\/wp-content\/uploads\/2015\/11\/sede-san-rafael-1.jpg?w=530&amp;ssl=1 530w\" sizes=\"auto, (max-width: 300px) 100vw, 300px\" \/><\/a><figcaption id=\"caption-attachment-63620\" class=\"wp-caption-text\">Felices se mostraron los vecinos de la comunidad de San Rafael, ante el anuncio de que podr\u00e1n acceder a fondos para construir finalmente su sede comunitaria.<\/figcaption><\/figure>\n<ul>\n<li><strong>Seremi de Desarrollo Social confirm\u00f3 que la iniciativa presentada por el municipio y esperada hace una d\u00e9cada por vecinos, recibi\u00f3 la recomendaci\u00f3n t\u00e9cnica que se requiere para acceder a fondos.<\/strong><\/li>\n<\/ul>\n<p>En base al alto impacto y la rentabilidad social que representa, la Seremi de Desarrollo Social resolvi\u00f3 recomendar t\u00e9cnicamente el proyecto presentado por la Municipalidad de San Felipe, orientado a la construcci\u00f3n de una sede comunitaria en San Rafael.<br \/>\nLa noticia la entreg\u00f3 el propio Seremi Abel Gallardo, quien acompa\u00f1ado del alcalde Patricio Freire, el gobernador Eduardo Le\u00f3n, el consejero regional Mario Sottolichio, concejales y profesionales del municipio, sostuvo un encuentro con vecinos del sector, a quienes se\u00f1al\u00f3 que el proyecto ya est\u00e1 en condiciones de acceder a financiamiento.<br \/>\nEl alcalde Patricio Freire resalt\u00f3 el respaldo encontrado en la Secretar\u00eda Regional Ministerial de Desarrollo Social, en la medida que se responde positivamente a un requerimiento hist\u00f3rico de este sector rural de la comuna.<br \/>\n\u201cAc\u00e1 ya hemos realizado otros proyectos importantes como el cambio de luminarias, por tecnolog\u00eda led, estamos avanzando para el proyecto de alcantarillado, que era otro gran sue\u00f1o, y nos pidieron una sede comunitaria, por lo que junto con agradecer el respaldo de la seremi y valorar el trabajo de nuestro equipo de la Secpla, nos alegra mucho que podamos cumplir con los requerimientos de los vecinos\u201d, manifest\u00f3 el jefe comunal.<br \/>\nHace una d\u00e9cada que los vecinos de San Rafael estaban solicitando la construcci\u00f3n de una sede comunitaria. Esto, porque a la fecha, el trabajo de las organizaciones vecinales del sector, deb\u00eda realizarse en la casa de una pobladora, la se\u00f1ora Nelly Navarrete, quien mostrando una voluntad enorme facilitaba dependencias de su domicilio para reuniones y actividades.<br \/>\n\u201cEstamos felices, porque era un sue\u00f1o contar con una sede comunitaria. Yo prestaba mi casa para reunirnos, mi casa es peque\u00f1a y hace diez a\u00f1os que est\u00e1bamos esperando que nos apoyaran. Afortunadamente ahora hemos tenido el respaldo del alcalde y podremos cumplir este sue\u00f1o\u201d, se\u00f1al\u00f3 la vecina y presidenta del comit\u00e9 de adelanto y medio ambiente del lugar.<br \/>\nSeg\u00fan explic\u00f3 el Secretario Comunal de Planificaci\u00f3n de la municipalidad, Claudio Paredes, este proyecto reviste enorme relevancia e impacto en la comunidad de San Rafael, por cuanto responde a las expectativas de los pobladores al contar con espacios y mobiliario que atiende sus necesidades.<br \/>\n\u201cEste proyecto representa una inversi\u00f3n de 80 millones de pesos, constituye una sede social con una superficie construida de casi cien metros cuadrados, m\u00e1s un espacio comunitario al aire libre, con iluminaci\u00f3n led, que permita su utilizaci\u00f3n en horario nocturno, con mobiliario urbano acorde a los requerimientos de la comunidad, adem\u00e1s de los espacios de seguridad necesarios que permitan proteger la infraestructura\u201d, detall\u00f3 Paredes.<br \/>\nEl proyecto considera una sala de reuniones con capacidad para 90 personas, m\u00e1s una sala peque\u00f1a para reuniones de directorios, asimismo se contempla entregar este espacio con equipos tales como proyectores y data, lo que favorece y potencia el trabajo de las organizaciones del sector.<br \/>\nEs a prop\u00f3sito del beneficio y por ende, la rentabilidad social que posee el proyecto, que el Seremi de Desarrollo Social Abel Gallardo se\u00f1al\u00f3 que se resolvi\u00f3 recomendar t\u00e9cnicamente esta iniciativa, a objeto de que pueda optar al financiamiento que permita su ejecuci\u00f3n.<br \/>\n\u201cRecomendamos t\u00e9cnicamente este proyecto, en base a consideraciones sociales. Aqu\u00ed trabajan organizaciones sociales del sector, y deben hacerlo en casas particulares, por lo que ahora podr\u00e1n cumplir el sue\u00f1o de tener el espacio que necesitan y que hace mucho tiempo vienen pidiendo\u201d, se\u00f1al\u00f3 Abel Gallardo.<br \/>\nCabe consignar que este proyecto fue elaborado de com\u00fan acuerdo con los pobladores de San Rafael, tomando en cuenta sus requerimientos, que fueron planteados por el Comit\u00e9 de Adelanto y el Centro de Mujeres, por lo tanto, responde a las expectativas.<br \/>\nCon la obtenci\u00f3n del RS, este proyecto est\u00e1 en condiciones de pasar a la cartera de iniciativas que puede optar a la aprobaci\u00f3n de financiamiento, por parte del Gobierno Regional.<\/p>\n","protected":false},"excerpt":{"rendered":"<p>Seremi de Desarrollo Social confirm\u00f3 que la iniciativa presentada por el municipio y esperada hace una d\u00e9cada por vecinos, recibi\u00f3 la recomendaci\u00f3n t\u00e9cnica que se requiere para acceder a fondos. En base&#8230;<\/p>\n","protected":false},"author":482,"featured_media":63620,"comment_status":"open","ping_status":"open","sticky":false,"template":"","format":"standard","meta":{"advanced_seo_description":"","jetpack_seo_html_title":"","jetpack_seo_noindex":false,"_jetpack_memberships_contains_paid_content":false,"footnotes":""},"categories":[1],"tags":[],"class_list":["post-63619","post","type-post","status-publish","format-standard","has-post-thumbnail","hentry","category-cronica"],"jetpack_featured_media_url":"https:\/\/i0.wp.com\/eltrabajo.cl\/portal\/wp-content\/uploads\/2015\/11\/sede-san-rafael-1.jpg?fit=530%2C350&ssl=1","jetpack_sharing_enabled":true,"jetpack_likes_enabled":true,"jetpack-related-posts":[],"_links":{"self":[{"href":"https:\/\/eltrabajo.cl\/portal\/wp-json\/wp\/v2\/posts\/63619","targetHints":{"allow":["GET"]}}],"collection":[{"href":"https:\/\/eltrabajo.cl\/portal\/wp-json\/wp\/v2\/posts"}],"about":[{"href":"https:\/\/eltrabajo.cl\/portal\/wp-json\/wp\/v2\/types\/post"}],"author":[{"embeddable":true,"href":"https:\/\/eltrabajo.cl\/portal\/wp-json\/wp\/v2\/users\/482"}],"replies":[{"embeddable":true,"href":"https:\/\/eltrabajo.cl\/portal\/wp-json\/wp\/v2\/comments?post=63619"}],"version-history":[{"count":0,"href":"https:\/\/eltrabajo.cl\/portal\/wp-json\/wp\/v2\/posts\/63619\/revisions"}],"wp:featuredmedia":[{"embeddable":true,"href":"https:\/\/eltrabajo.cl\/portal\/wp-json\/wp\/v2\/media\/63620"}],"wp:attachment":[{"href":"https:\/\/eltrabajo.cl\/portal\/wp-json\/wp\/v2\/media?parent=63619"}],"wp:term":[{"taxonomy":"category","embeddable":true,"href":"https:\/\/eltrabajo.cl\/portal\/wp-json\/wp\/v2\/categories?post=63619"},{"taxonomy":"post_tag","embeddable":true,"href":"https:\/\/eltrabajo.cl\/portal\/wp-json\/wp\/v2\/tags?post=63619"}],"curies":[{"name":"wp","href":"https:\/\/api.w.org\/{rel}","templated":true}]}}