{"id":63622,"date":"2015-11-06T09:45:47","date_gmt":"2015-11-06T12:45:47","guid":{"rendered":"http:\/\/www.eltrabajo.cl\/portal\/?p=63622"},"modified":"2015-11-06T09:45:47","modified_gmt":"2015-11-06T12:45:47","slug":"capturan-a-adolescente-que-mantenia-un-revolver-y-municion-entre-sus-ropas","status":"publish","type":"post","link":"https:\/\/eltrabajo.cl\/portal\/capturan-a-adolescente-que-mantenia-un-revolver-y-municion-entre-sus-ropas\/","title":{"rendered":"Capturan a adolescente que manten\u00eda un rev\u00f3lver y munici\u00f3n entre sus ropas"},"content":{"rendered":"<figure id=\"attachment_63623\" aria-describedby=\"caption-attachment-63623\" style=\"width: 300px\" class=\"wp-caption alignleft\"><a href=\"https:\/\/i0.wp.com\/www.eltrabajo.cl\/portal\/wp-content\/uploads\/2015\/11\/revolver13.jpg\"><img data-recalc-dims=\"1\" loading=\"lazy\" decoding=\"async\" class=\"wp-image-63623 size-medium\" src=\"https:\/\/i0.wp.com\/www.eltrabajo.cl\/portal\/wp-content\/uploads\/2015\/11\/revolver13-300x198.jpg?resize=300%2C198\" alt=\"El rev\u00f3lver ser\u00e1 sometido a pericias para determinar si presenta encargo por robo o fue utilizado en otros delitos.\" width=\"300\" height=\"198\" srcset=\"https:\/\/i0.wp.com\/eltrabajo.cl\/portal\/wp-content\/uploads\/2015\/11\/revolver13.jpg?resize=300%2C198&amp;ssl=1 300w, https:\/\/i0.wp.com\/eltrabajo.cl\/portal\/wp-content\/uploads\/2015\/11\/revolver13.jpg?resize=200%2C132&amp;ssl=1 200w, https:\/\/i0.wp.com\/eltrabajo.cl\/portal\/wp-content\/uploads\/2015\/11\/revolver13.jpg?resize=227%2C150&amp;ssl=1 227w, https:\/\/i0.wp.com\/eltrabajo.cl\/portal\/wp-content\/uploads\/2015\/11\/revolver13.jpg?resize=400%2C264&amp;ssl=1 400w, https:\/\/i0.wp.com\/eltrabajo.cl\/portal\/wp-content\/uploads\/2015\/11\/revolver13.jpg?w=530&amp;ssl=1 530w\" sizes=\"auto, (max-width: 300px) 100vw, 300px\" \/><\/a><figcaption id=\"caption-attachment-63623\" class=\"wp-caption-text\">El rev\u00f3lver ser\u00e1 sometido a pericias para determinar si presenta encargo por robo o fue utilizado en otros delitos.<\/figcaption><\/figure>\n<ul>\n<li><strong>Vecinos intentaron impedir de la detenci\u00f3n del joven que en septiembre pasado ya hab\u00eda sido arrestado por robo.<\/strong><\/li>\n<\/ul>\n<p><strong>LOS ANDES.<\/strong>&#8211; Durante un patrullaje preventivo por la poblaci\u00f3n Chile Espa\u00f1a, personal de Carabineros detuvo a un menor que portaba entre sus vestimentas un rev\u00f3lver con su respectiva munici\u00f3n y que se presume se aprestaba a cometer alg\u00fan il\u00edcito, ya que estaba acompa\u00f1ado de otros j\u00f3venes delincuentes.<br \/>\nEl procedimiento se efectu\u00f3 cerca de las 13 horas del mi\u00e9rcoles, cuando un carro que efectuaba un patrullaje por la mencionada poblaci\u00f3n, divis\u00f3 a tres j\u00f3venes en la intersecci\u00f3n de calles Sevilla y Granada, uno de los cuales al ver a los Carabineros comenz\u00f3 a ocultar un bulto entre sus ropas.<br \/>\nEllo motiv\u00f3 que los uniformados se acercaran a fiscalizarlos, momento en el cual dos de ellos se dieron a la fuga y un tercero fue arrestado tras oponer tenaz resistencia.<br \/>\nAl revisar sus vestimentas se le hall\u00f3 en la pretina del calzoncillo un rev\u00f3lver calibre 22 marca Italgrab y con un cartucho en la nuez, arma sobre la cual no supo dar explicaci\u00f3n de d\u00f3nde la obtuvo.<br \/>\nAl momento en que joven iba a ser subido al carro policial, algunos vecinos intentaron evitar esta situaci\u00f3n, a pesar que Carabineros se encontraba patrullando el lugar a petici\u00f3n de los propios residentes por la ola de robos que se hab\u00eda producido en viviendas del sector.<br \/>\nPese a todo, el adolescente fue llevado a constatar lesiones al hospital y luego la Comisar\u00eda donde se corrobor\u00f3 que se trataba de N.A.H.V., de 16 a\u00f1os, sin condenas anteriores.<br \/>\nSin embargo, el menor hab\u00eda sido detenido la madrugada del pasado 22 de septiembre, cuando en compa\u00f1\u00eda de otros dos adolescentes ingres\u00f3 a un departamento listo para ser entregado en el condominio Hermanos Maristas, a un costado del cementerio Parroquial de Los Andes.<br \/>\nUna vez puesto a disposici\u00f3n del Tribunal de Garant\u00eda, el joven el fiscal Jorge Alfaro lo formaliz\u00f3 por el delito de porte ilegal de arma y municiones, quedando sujeto a la medida cautelar de firma mensual en el Ministerio P\u00fablico.<br \/>\nEn tanto, se fij\u00f3 un plazo de investigaci\u00f3n de cuatro meses, ya que el arma ser\u00e1 sometida a pericias para determinar su poder de fuego y saber si presenta encargo por robo o ha sido usada en otros delitos.<\/p>\n","protected":false},"excerpt":{"rendered":"<p>Vecinos intentaron impedir de la detenci\u00f3n del joven que en septiembre pasado ya hab\u00eda sido arrestado por robo. LOS ANDES.&#8211; Durante un patrullaje preventivo por la poblaci\u00f3n Chile Espa\u00f1a, personal de Carabineros&#8230;<\/p>\n","protected":false},"author":482,"featured_media":63623,"comment_status":"open","ping_status":"open","sticky":false,"template":"","format":"standard","meta":{"advanced_seo_description":"","jetpack_seo_html_title":"","jetpack_seo_noindex":false,"_jetpack_memberships_contains_paid_content":false,"footnotes":""},"categories":[21],"tags":[],"class_list":["post-63622","post","type-post","status-publish","format-standard","has-post-thumbnail","hentry","category-policial"],"jetpack_featured_media_url":"https:\/\/i0.wp.com\/eltrabajo.cl\/portal\/wp-content\/uploads\/2015\/11\/revolver13.jpg?fit=530%2C350&ssl=1","jetpack_sharing_enabled":true,"jetpack_likes_enabled":true,"jetpack-related-posts":[],"_links":{"self":[{"href":"https:\/\/eltrabajo.cl\/portal\/wp-json\/wp\/v2\/posts\/63622","targetHints":{"allow":["GET"]}}],"collection":[{"href":"https:\/\/eltrabajo.cl\/portal\/wp-json\/wp\/v2\/posts"}],"about":[{"href":"https:\/\/eltrabajo.cl\/portal\/wp-json\/wp\/v2\/types\/post"}],"author":[{"embeddable":true,"href":"https:\/\/eltrabajo.cl\/portal\/wp-json\/wp\/v2\/users\/482"}],"replies":[{"embeddable":true,"href":"https:\/\/eltrabajo.cl\/portal\/wp-json\/wp\/v2\/comments?post=63622"}],"version-history":[{"count":0,"href":"https:\/\/eltrabajo.cl\/portal\/wp-json\/wp\/v2\/posts\/63622\/revisions"}],"wp:featuredmedia":[{"embeddable":true,"href":"https:\/\/eltrabajo.cl\/portal\/wp-json\/wp\/v2\/media\/63623"}],"wp:attachment":[{"href":"https:\/\/eltrabajo.cl\/portal\/wp-json\/wp\/v2\/media?parent=63622"}],"wp:term":[{"taxonomy":"category","embeddable":true,"href":"https:\/\/eltrabajo.cl\/portal\/wp-json\/wp\/v2\/categories?post=63622"},{"taxonomy":"post_tag","embeddable":true,"href":"https:\/\/eltrabajo.cl\/portal\/wp-json\/wp\/v2\/tags?post=63622"}],"curies":[{"name":"wp","href":"https:\/\/api.w.org\/{rel}","templated":true}]}}