{"id":63625,"date":"2015-11-06T09:48:35","date_gmt":"2015-11-06T12:48:35","guid":{"rendered":"http:\/\/www.eltrabajo.cl\/portal\/?p=63625"},"modified":"2015-11-06T09:48:35","modified_gmt":"2015-11-06T12:48:35","slug":"piden-15-anos-de-carcel-para-tio-que-violo-reiteradamente-a-sobrina-en-catemu","status":"publish","type":"post","link":"https:\/\/eltrabajo.cl\/portal\/piden-15-anos-de-carcel-para-tio-que-violo-reiteradamente-a-sobrina-en-catemu\/","title":{"rendered":"Piden 15 a\u00f1os de c\u00e1rcel para t\u00edo que viol\u00f3 reiteradamente a sobrina en Catemu"},"content":{"rendered":"<figure id=\"attachment_63626\" aria-describedby=\"caption-attachment-63626\" style=\"width: 300px\" class=\"wp-caption alignleft\"><a href=\"https:\/\/i0.wp.com\/www.eltrabajo.cl\/portal\/wp-content\/uploads\/2015\/11\/Fiscal-Daniela-Quevedo.jpg\"><img data-recalc-dims=\"1\" loading=\"lazy\" decoding=\"async\" class=\"wp-image-63626 size-medium\" src=\"https:\/\/i0.wp.com\/www.eltrabajo.cl\/portal\/wp-content\/uploads\/2015\/11\/Fiscal-Daniela-Quevedo-300x199.jpg?resize=300%2C199\" alt=\"La Fiscal Daniela Quevedo persigue que se condene al acusado a una pena que alcance los 15 a\u00f1os de presidio por los delitos de abuso sexual y violaci\u00f3n de menor de 14 en la comuna de Catemu.\" width=\"300\" height=\"199\" srcset=\"https:\/\/i0.wp.com\/eltrabajo.cl\/portal\/wp-content\/uploads\/2015\/11\/Fiscal-Daniela-Quevedo.jpg?resize=300%2C199&amp;ssl=1 300w, https:\/\/i0.wp.com\/eltrabajo.cl\/portal\/wp-content\/uploads\/2015\/11\/Fiscal-Daniela-Quevedo.jpg?resize=200%2C133&amp;ssl=1 200w, https:\/\/i0.wp.com\/eltrabajo.cl\/portal\/wp-content\/uploads\/2015\/11\/Fiscal-Daniela-Quevedo.jpg?resize=226%2C150&amp;ssl=1 226w, https:\/\/i0.wp.com\/eltrabajo.cl\/portal\/wp-content\/uploads\/2015\/11\/Fiscal-Daniela-Quevedo.jpg?resize=400%2C265&amp;ssl=1 400w, https:\/\/i0.wp.com\/eltrabajo.cl\/portal\/wp-content\/uploads\/2015\/11\/Fiscal-Daniela-Quevedo.jpg?w=528&amp;ssl=1 528w\" sizes=\"auto, (max-width: 300px) 100vw, 300px\" \/><\/a><figcaption id=\"caption-attachment-63626\" class=\"wp-caption-text\">La Fiscal Daniela Quevedo persigue que se condene al acusado a una pena que alcance los 15 a\u00f1os de presidio por los delitos de abuso sexual y violaci\u00f3n de menor de 14 en la comuna de Catemu.<\/figcaption><\/figure>\n<ul>\n<li><strong>La Fiscal Daniela Quevedo someti\u00f3 a juicio a Juan Del Carmen Tapia Vargas, quien result\u00f3 culpable del delito reiterado de violaci\u00f3n de su sobrina en el sector El \u00d1ilhue de Catemu.<\/strong><\/li>\n<\/ul>\n<p>Durante el segundo semestre de este a\u00f1o, el Ministerio P\u00fablico de San Felipe ha destacado por haber sometido a juicio oral diversas causas de abusos sexuales y violaci\u00f3n de menores de edad, logrando condenar a los imputados por estos delitos. Esta semana, la Fiscal\u00eda someti\u00f3 a juicio a Juan Del Carmen Tapia Vargas quien fue considerado culpable por el Tribunal de los delitos de abuso sexual y violaci\u00f3n reiterada a su sobrina, arriesgando una condena de 15 a\u00f1os de c\u00e1rcel.<br \/>\nDurante el juicio, se debati\u00f3 entre los intervinientes los sucesos ocurridos entre el a\u00f1o 2013 al 2014, en circunstancias que la v\u00edctima relat\u00f3 ante la terna de jueces los cr\u00edmenes cometidos por su t\u00edo, detallando que en primera instancia los hechos se desataron en el sector El \u00d1ilhue de la comuna de Catemu, donde la menor sufri\u00f3 abusos sexuales.<br \/>\nEl caso a cargo de la Fiscal Daniela Quevedo Henr\u00edquez, encabez\u00f3 las investigaciones de estos delitos, comprob\u00e1ndose a trav\u00e9s de pericias m\u00e9dicas y psicol\u00f3gicas que la ni\u00f1a fue adem\u00e1s violada por el hermano de su madre en reiteradas ocasiones, hechos que posteriormente fueron develados a su progenitora quien denunci\u00f3 ante la Polic\u00eda.<br \/>\nAnte las graves acusaciones de este pariente tan cercano, se produjo una divisi\u00f3n familiar luego de conocerse las diligencias que ejecut\u00f3 la Brigada de Delitos Sexuales de la Polic\u00eda de Investigaciones de Los Andes, tras las aseveraciones de la v\u00edctima de estos hechos que sindicaban a su t\u00edo como su agresor sexual.<br \/>\nEl tribunal gener\u00f3 convicci\u00f3n ante las pruebas rendidas por la Fiscal\u00eda, emitiendo un veredicto que considera a Tapia Vargas culpable de los delitos de abuso sexual y violaci\u00f3n reiterada a una menor de 14 a\u00f1os.<br \/>\nLa Fiscal Daniela Quevedo expres\u00f3 a Diario El Trabajo que el imputado se encuentra en prisi\u00f3n preventiva desde que fue formalizado por estos cargos, persiguiendo una condena que alcance los 15 a\u00f1os de presidio por estos cr\u00edmenes. \u201cEstos son hechos que ocurren entre el a\u00f1o 2013 al 2014, es una menor de 14 a\u00f1os. Un t\u00edo por la l\u00ednea materna primero abus\u00f3 sexualmente y posteriormente procede a violarla de manera reiterada; luego a la develaci\u00f3n de este delito se inician las investigaciones, se realiza este juicio siendo condenado por todos estos hechos por los cuales fue acusado\u201d.<br \/>\nLa decisi\u00f3n de los jueces en asignar la pena a cumplir por Juan Tapia Vargas ser\u00e1 dada a conocer este domingo en la sala del Tribunal Oral en Lo Penal de San Felipe.<br \/>\n<strong>Pablo Salinas Sald\u00edas<\/strong><\/p>\n","protected":false},"excerpt":{"rendered":"<p>La Fiscal Daniela Quevedo someti\u00f3 a juicio a Juan Del Carmen Tapia Vargas, quien result\u00f3 culpable del delito reiterado de violaci\u00f3n de su sobrina en el sector El \u00d1ilhue de Catemu. Durante&#8230;<\/p>\n","protected":false},"author":482,"featured_media":63626,"comment_status":"open","ping_status":"open","sticky":false,"template":"","format":"standard","meta":{"advanced_seo_description":"","jetpack_seo_html_title":"","jetpack_seo_noindex":false,"_jetpack_memberships_contains_paid_content":false,"footnotes":""},"categories":[21],"tags":[],"class_list":["post-63625","post","type-post","status-publish","format-standard","has-post-thumbnail","hentry","category-policial"],"jetpack_featured_media_url":"https:\/\/i0.wp.com\/eltrabajo.cl\/portal\/wp-content\/uploads\/2015\/11\/Fiscal-Daniela-Quevedo.jpg?fit=528%2C350&ssl=1","jetpack_sharing_enabled":true,"jetpack_likes_enabled":true,"jetpack-related-posts":[],"_links":{"self":[{"href":"https:\/\/eltrabajo.cl\/portal\/wp-json\/wp\/v2\/posts\/63625","targetHints":{"allow":["GET"]}}],"collection":[{"href":"https:\/\/eltrabajo.cl\/portal\/wp-json\/wp\/v2\/posts"}],"about":[{"href":"https:\/\/eltrabajo.cl\/portal\/wp-json\/wp\/v2\/types\/post"}],"author":[{"embeddable":true,"href":"https:\/\/eltrabajo.cl\/portal\/wp-json\/wp\/v2\/users\/482"}],"replies":[{"embeddable":true,"href":"https:\/\/eltrabajo.cl\/portal\/wp-json\/wp\/v2\/comments?post=63625"}],"version-history":[{"count":0,"href":"https:\/\/eltrabajo.cl\/portal\/wp-json\/wp\/v2\/posts\/63625\/revisions"}],"wp:featuredmedia":[{"embeddable":true,"href":"https:\/\/eltrabajo.cl\/portal\/wp-json\/wp\/v2\/media\/63626"}],"wp:attachment":[{"href":"https:\/\/eltrabajo.cl\/portal\/wp-json\/wp\/v2\/media?parent=63625"}],"wp:term":[{"taxonomy":"category","embeddable":true,"href":"https:\/\/eltrabajo.cl\/portal\/wp-json\/wp\/v2\/categories?post=63625"},{"taxonomy":"post_tag","embeddable":true,"href":"https:\/\/eltrabajo.cl\/portal\/wp-json\/wp\/v2\/tags?post=63625"}],"curies":[{"name":"wp","href":"https:\/\/api.w.org\/{rel}","templated":true}]}}