{"id":63628,"date":"2015-11-06T09:50:09","date_gmt":"2015-11-06T12:50:09","guid":{"rendered":"http:\/\/www.eltrabajo.cl\/portal\/?p=63628"},"modified":"2015-11-06T09:50:09","modified_gmt":"2015-11-06T12:50:09","slug":"confirman-tres-casos-sospechosos-de-meningitis-en-hospital-de-llay-llay","status":"publish","type":"post","link":"https:\/\/eltrabajo.cl\/portal\/confirman-tres-casos-sospechosos-de-meningitis-en-hospital-de-llay-llay\/","title":{"rendered":"Confirman tres casos sospechosos de Meningitis en Hospital de Llay Llay"},"content":{"rendered":"<figure id=\"attachment_63629\" aria-describedby=\"caption-attachment-63629\" style=\"width: 300px\" class=\"wp-caption alignleft\"><a href=\"https:\/\/i0.wp.com\/www.eltrabajo.cl\/portal\/wp-content\/uploads\/2015\/11\/Gloria-Leiva.jpg\"><img data-recalc-dims=\"1\" loading=\"lazy\" decoding=\"async\" class=\"wp-image-63629 size-medium\" src=\"https:\/\/i0.wp.com\/www.eltrabajo.cl\/portal\/wp-content\/uploads\/2015\/11\/Gloria-Leiva-300x198.jpg?resize=300%2C198\" alt=\"Gloria Leiva, Directora del Hospital de Llay Llay, confirm\u00f3 los tres casos sospechosos de meningitis detectados en el servicio de urgencia de ese establecimiento hospitalario. (Foto archivo).\" width=\"300\" height=\"198\" srcset=\"https:\/\/i0.wp.com\/eltrabajo.cl\/portal\/wp-content\/uploads\/2015\/11\/Gloria-Leiva.jpg?resize=300%2C198&amp;ssl=1 300w, https:\/\/i0.wp.com\/eltrabajo.cl\/portal\/wp-content\/uploads\/2015\/11\/Gloria-Leiva.jpg?resize=200%2C132&amp;ssl=1 200w, https:\/\/i0.wp.com\/eltrabajo.cl\/portal\/wp-content\/uploads\/2015\/11\/Gloria-Leiva.jpg?resize=228%2C150&amp;ssl=1 228w, https:\/\/i0.wp.com\/eltrabajo.cl\/portal\/wp-content\/uploads\/2015\/11\/Gloria-Leiva.jpg?resize=400%2C263&amp;ssl=1 400w, https:\/\/i0.wp.com\/eltrabajo.cl\/portal\/wp-content\/uploads\/2015\/11\/Gloria-Leiva.jpg?w=530&amp;ssl=1 530w\" sizes=\"auto, (max-width: 300px) 100vw, 300px\" \/><\/a><figcaption id=\"caption-attachment-63629\" class=\"wp-caption-text\">Gloria Leiva, Directora del Hospital de Llay Llay, confirm\u00f3 los tres casos sospechosos de meningitis detectados en el servicio de urgencia de ese establecimiento hospitalario. (Foto archivo).<\/figcaption><\/figure>\n<p>Tres casos sospechosos de meningitis fueron confirmados por la direcci\u00f3n del Hospital San Francisco de Llay LLay, los cuales corresponden a dos menores de edad y una persona adulta quienes fueron trasladados hasta el hospital San Camilo de San Felipe.<br \/>\nSe trata de dos menores de 10 y 11 a\u00f1os de edad y un adulto de 24 a\u00f1os, los cuales fueron trasladados la noche del mi\u00e9rcoles al hospital San Camilo de San Felipe, siendo sometidos a los protocolos establecidos para estos casos.<br \/>\nFue la propia Directora del Hospital de Llay Llay, Gloria Leiva, quien confirm\u00f3 los tres casos sospechosos de meningitis detectados en el servicio de urgencia de ese establecimiento hospitalario.<br \/>\n\u00abPrimero durante el d\u00eda lleg\u00f3 un paciente joven, var\u00f3n de 24 a\u00f1os, con signos que hicieron pensar en una sospecha de meningitis y este paciente seg\u00fan los protocolos establecidos durante la tarde fue trasladado al hospital San Camilo de San Felipe. El mismo protocolo implica comunicar esto inmediatamente a la Seremi de Salud, lo cual se hizo y esta instancia en conjunto con la atenci\u00f3n primaria debe hacer el seguimiento del caso y efectuar lo que corresponda\u00bb, sostuvo Leiva.<br \/>\nEl protocolo establece entre otras cosas la identificaci\u00f3n de familiares que mantuvieron contacto con estas tres personas, con el objetivo de establecer si presentan o no la misma patolog\u00eda.<br \/>\nFinalmente la Directora se\u00f1al\u00f3 que aparentemente las tres personas no estar\u00edan relacionadas, confirmando que el lugar donde se atendi\u00f3 al primer paciente sospechoso fue aseado de acuerdo al protocolo: \u00abSe hace ese aseo terminal a la sala donde estuvo el paciente para poder seguir utiliz\u00e1ndola despu\u00e9s, pero eso es algo normal dentro del protocolo, lo m\u00e1s probable es que sea viral, es decir este microorganismo se transmite por v\u00eda a\u00e9rea y por eso se debe hacer este aseo terminal para poder seguir atendiendo a otros pacientes\u00bb.<\/p>\n","protected":false},"excerpt":{"rendered":"<p>Tres casos sospechosos de meningitis fueron confirmados por la direcci\u00f3n del Hospital San Francisco de Llay LLay, los cuales corresponden a dos menores de edad y una persona adulta quienes fueron trasladados&#8230;<\/p>\n","protected":false},"author":482,"featured_media":63629,"comment_status":"open","ping_status":"open","sticky":false,"template":"","format":"standard","meta":{"advanced_seo_description":"","jetpack_seo_html_title":"","jetpack_seo_noindex":false,"_jetpack_memberships_contains_paid_content":false,"footnotes":""},"categories":[15],"tags":[],"class_list":["post-63628","post","type-post","status-publish","format-standard","has-post-thumbnail","hentry","category-comunidad"],"jetpack_featured_media_url":"https:\/\/i0.wp.com\/eltrabajo.cl\/portal\/wp-content\/uploads\/2015\/11\/Gloria-Leiva.jpg?fit=530%2C349&ssl=1","jetpack_sharing_enabled":true,"jetpack_likes_enabled":true,"jetpack-related-posts":[],"_links":{"self":[{"href":"https:\/\/eltrabajo.cl\/portal\/wp-json\/wp\/v2\/posts\/63628","targetHints":{"allow":["GET"]}}],"collection":[{"href":"https:\/\/eltrabajo.cl\/portal\/wp-json\/wp\/v2\/posts"}],"about":[{"href":"https:\/\/eltrabajo.cl\/portal\/wp-json\/wp\/v2\/types\/post"}],"author":[{"embeddable":true,"href":"https:\/\/eltrabajo.cl\/portal\/wp-json\/wp\/v2\/users\/482"}],"replies":[{"embeddable":true,"href":"https:\/\/eltrabajo.cl\/portal\/wp-json\/wp\/v2\/comments?post=63628"}],"version-history":[{"count":0,"href":"https:\/\/eltrabajo.cl\/portal\/wp-json\/wp\/v2\/posts\/63628\/revisions"}],"wp:featuredmedia":[{"embeddable":true,"href":"https:\/\/eltrabajo.cl\/portal\/wp-json\/wp\/v2\/media\/63629"}],"wp:attachment":[{"href":"https:\/\/eltrabajo.cl\/portal\/wp-json\/wp\/v2\/media?parent=63628"}],"wp:term":[{"taxonomy":"category","embeddable":true,"href":"https:\/\/eltrabajo.cl\/portal\/wp-json\/wp\/v2\/categories?post=63628"},{"taxonomy":"post_tag","embeddable":true,"href":"https:\/\/eltrabajo.cl\/portal\/wp-json\/wp\/v2\/tags?post=63628"}],"curies":[{"name":"wp","href":"https:\/\/api.w.org\/{rel}","templated":true}]}}