{"id":63631,"date":"2015-11-06T09:52:09","date_gmt":"2015-11-06T12:52:09","guid":{"rendered":"http:\/\/www.eltrabajo.cl\/portal\/?p=63631"},"modified":"2015-11-06T09:52:09","modified_gmt":"2015-11-06T12:52:09","slug":"ya-hay-14-instituciones-inscritas-para-fiesta-de-la-primavera-2015","status":"publish","type":"post","link":"https:\/\/eltrabajo.cl\/portal\/ya-hay-14-instituciones-inscritas-para-fiesta-de-la-primavera-2015\/","title":{"rendered":"Ya hay 14 instituciones inscritas para Fiesta de la Primavera 2015"},"content":{"rendered":"<figure id=\"attachment_63632\" aria-describedby=\"caption-attachment-63632\" style=\"width: 300px\" class=\"wp-caption alignleft\"><a href=\"https:\/\/i0.wp.com\/www.eltrabajo.cl\/portal\/wp-content\/uploads\/2015\/11\/Conferencia-de-Prensa-Fiesta-de-la-Primavera.jpg\"><img data-recalc-dims=\"1\" loading=\"lazy\" decoding=\"async\" class=\"wp-image-63632 size-medium\" src=\"https:\/\/i0.wp.com\/www.eltrabajo.cl\/portal\/wp-content\/uploads\/2015\/11\/Conferencia-de-Prensa-Fiesta-de-la-Primavera-300x198.jpg?resize=300%2C198\" alt=\"En conferencia de prensa, Alicia Niclaux se\u00f1al\u00f3 que la Fiesta de la Primavera busca fomentar un espacio de alegr\u00eda y sana convivencia.\" width=\"300\" height=\"198\" srcset=\"https:\/\/i0.wp.com\/eltrabajo.cl\/portal\/wp-content\/uploads\/2015\/11\/Conferencia-de-Prensa-Fiesta-de-la-Primavera.jpg?resize=300%2C198&amp;ssl=1 300w, https:\/\/i0.wp.com\/eltrabajo.cl\/portal\/wp-content\/uploads\/2015\/11\/Conferencia-de-Prensa-Fiesta-de-la-Primavera.jpg?resize=200%2C132&amp;ssl=1 200w, https:\/\/i0.wp.com\/eltrabajo.cl\/portal\/wp-content\/uploads\/2015\/11\/Conferencia-de-Prensa-Fiesta-de-la-Primavera.jpg?resize=227%2C150&amp;ssl=1 227w, https:\/\/i0.wp.com\/eltrabajo.cl\/portal\/wp-content\/uploads\/2015\/11\/Conferencia-de-Prensa-Fiesta-de-la-Primavera.jpg?resize=400%2C264&amp;ssl=1 400w, https:\/\/i0.wp.com\/eltrabajo.cl\/portal\/wp-content\/uploads\/2015\/11\/Conferencia-de-Prensa-Fiesta-de-la-Primavera.jpg?w=530&amp;ssl=1 530w\" sizes=\"auto, (max-width: 300px) 100vw, 300px\" \/><\/a><figcaption id=\"caption-attachment-63632\" class=\"wp-caption-text\">En conferencia de prensa, Alicia Niclaux se\u00f1al\u00f3 que la Fiesta de la Primavera busca fomentar un espacio de alegr\u00eda y sana convivencia.<\/figcaption><\/figure>\n<ul>\n<li><strong>Autoridades invitan a participar en esta fiesta al menos 14 organizaciones presentar\u00e1n carros aleg\u00f3ricos en la fiesta que se realizar\u00e1 el 21 de noviembre. Este s\u00e1bado 7 en tanto, ser\u00e1 lanzamiento oficial de esta actividad en Terraza de Plaza de Armas.<\/strong><\/li>\n<\/ul>\n<p>Un llamado a la comunidad organizada, as\u00ed como a los establecimientos educacionales, instituciones y empresas de la comuna, formul\u00f3 el departamento de Organizaciones Comunitarias de la Municipalidad de San Felipe, a objeto de que se sumen activamente a la celebraci\u00f3n de la Fiesta de la Primavera, que est\u00e1 contemplada para el 21 de noviembre pr\u00f3ximo.<br \/>\nLa asistente social de esta unidad, Alicia Niclaux, manifest\u00f3 que tras reanudarse esta actividad que anta\u00f1o era una tradici\u00f3n en San Felipe y que se pretende retomar, las comunidades y organizaciones han mostrado inter\u00e9s, el que este a\u00f1o se ha acrecentado, ya que a la fecha hay 14 entidades que presentar\u00e1n por ejemplo, carros aleg\u00f3ricos y comparsas, as\u00ed como tambi\u00e9n candidaturas a reina de la primavera.<br \/>\n\u201cEstamos rescatando la Fiesta de la Primavera que se realizaba a\u00f1os atr\u00e1s. Llevamos alg\u00fan tiempo en esto y este \u00faltimo a\u00f1o, la participaci\u00f3n de la comunidad ha sido mucha. La fiesta busca fomentar un espacio de alegr\u00eda y sana convivencia, pero tambi\u00e9n aporta a la organizaci\u00f3n de los vecinos, a la participaci\u00f3n ciudadana\u201d, se\u00f1al\u00f3 Alicia Nicloux.<br \/>\nHasta el momento ya se han inscrito 14 entidades que presentar\u00e1n carros aleg\u00f3ricos, pero no todas postular\u00e1n candidatas a reina. De la misma manera, en horas de la tarde del d\u00eda s\u00e1bado 21 de noviembre, a partir de las 15:30 horas, se realizar\u00e1 un concurso de tizado para los ni\u00f1os de entre 4 y 9 a\u00f1os de edad.<br \/>\nLas candidatas a reina, as\u00ed como la reina de la simpat\u00eda a\u00f1o 2014, destacaron la iniciativa de la Municipalidad de San Felipe, que fomenta el desarrollo de una actividad familiar, que permite recuperar una tradici\u00f3n, pero que adem\u00e1s apunta al fortalecimiento de la identidad comunal.<br \/>\nEn este mismo sentido, la invitaci\u00f3n es a acercarse al departamento de Organizaciones Comunitarias, en San Mart\u00edn 172 para que en caso de querer presentarse y participar activamente en la Fiesta de la Primavera, se les entregue la informaci\u00f3n necesaria que les permita integrarse a esta entretenida actividad que est\u00e1 impulsando la Municipalidad de San Felipe.<br \/>\nSe trata de una actividad a la que el alcalde Patricio Freire invit\u00f3 a participar, explicando que la esencia de la Fiesta es la participaci\u00f3n, la promoci\u00f3n del esp\u00edritu solidario de los vecinos a trav\u00e9s de acciones sociales y sobre todo, las ganas de reunirse a disfrutar unidos.<br \/>\nDe la misma manera, el jefe comunal formul\u00f3 una invitaci\u00f3n a la comunidad para que este s\u00e1bado a partir de las 18:00 horas en la terraza de la Plaza de Armas, participe en el lanzamiento de esta nueva versi\u00f3n de la Fiesta de la Primavera.<\/p>\n","protected":false},"excerpt":{"rendered":"<p>Autoridades invitan a participar en esta fiesta al menos 14 organizaciones presentar\u00e1n carros aleg\u00f3ricos en la fiesta que se realizar\u00e1 el 21 de noviembre. Este s\u00e1bado 7 en tanto, ser\u00e1 lanzamiento oficial&#8230;<\/p>\n","protected":false},"author":482,"featured_media":63632,"comment_status":"open","ping_status":"open","sticky":false,"template":"","format":"standard","meta":{"advanced_seo_description":"","jetpack_seo_html_title":"","jetpack_seo_noindex":false,"_jetpack_memberships_contains_paid_content":false,"footnotes":""},"categories":[1],"tags":[],"class_list":["post-63631","post","type-post","status-publish","format-standard","has-post-thumbnail","hentry","category-cronica"],"jetpack_featured_media_url":"https:\/\/i0.wp.com\/eltrabajo.cl\/portal\/wp-content\/uploads\/2015\/11\/Conferencia-de-Prensa-Fiesta-de-la-Primavera.jpg?fit=530%2C350&ssl=1","jetpack_sharing_enabled":true,"jetpack_likes_enabled":true,"jetpack-related-posts":[],"_links":{"self":[{"href":"https:\/\/eltrabajo.cl\/portal\/wp-json\/wp\/v2\/posts\/63631","targetHints":{"allow":["GET"]}}],"collection":[{"href":"https:\/\/eltrabajo.cl\/portal\/wp-json\/wp\/v2\/posts"}],"about":[{"href":"https:\/\/eltrabajo.cl\/portal\/wp-json\/wp\/v2\/types\/post"}],"author":[{"embeddable":true,"href":"https:\/\/eltrabajo.cl\/portal\/wp-json\/wp\/v2\/users\/482"}],"replies":[{"embeddable":true,"href":"https:\/\/eltrabajo.cl\/portal\/wp-json\/wp\/v2\/comments?post=63631"}],"version-history":[{"count":0,"href":"https:\/\/eltrabajo.cl\/portal\/wp-json\/wp\/v2\/posts\/63631\/revisions"}],"wp:featuredmedia":[{"embeddable":true,"href":"https:\/\/eltrabajo.cl\/portal\/wp-json\/wp\/v2\/media\/63632"}],"wp:attachment":[{"href":"https:\/\/eltrabajo.cl\/portal\/wp-json\/wp\/v2\/media?parent=63631"}],"wp:term":[{"taxonomy":"category","embeddable":true,"href":"https:\/\/eltrabajo.cl\/portal\/wp-json\/wp\/v2\/categories?post=63631"},{"taxonomy":"post_tag","embeddable":true,"href":"https:\/\/eltrabajo.cl\/portal\/wp-json\/wp\/v2\/tags?post=63631"}],"curies":[{"name":"wp","href":"https:\/\/api.w.org\/{rel}","templated":true}]}}