{"id":63634,"date":"2015-11-09T09:21:58","date_gmt":"2015-11-09T12:21:58","guid":{"rendered":"http:\/\/www.eltrabajo.cl\/portal\/?p=63634"},"modified":"2015-11-09T09:21:58","modified_gmt":"2015-11-09T12:21:58","slug":"el-uni-cae-en-la-araucania-y-peligra-opcion-de-clasificar-a-la-liguilla","status":"publish","type":"post","link":"https:\/\/eltrabajo.cl\/portal\/el-uni-cae-en-la-araucania-y-peligra-opcion-de-clasificar-a-la-liguilla\/","title":{"rendered":"El Un\u00ed cae en la Araucan\u00eda y peligra opci\u00f3n de clasificar a la liguilla"},"content":{"rendered":"<figure id=\"attachment_63635\" aria-describedby=\"caption-attachment-63635\" style=\"width: 300px\" class=\"wp-caption alignleft\"><a href=\"https:\/\/i0.wp.com\/www.eltrabajo.cl\/portal\/wp-content\/uploads\/2015\/11\/temuco-usf.jpg\"><img data-recalc-dims=\"1\" loading=\"lazy\" decoding=\"async\" class=\"wp-image-63635 size-medium\" src=\"https:\/\/i0.wp.com\/www.eltrabajo.cl\/portal\/wp-content\/uploads\/2015\/11\/temuco-usf-300x197.jpg?resize=300%2C197\" alt=\"Ante Deportes Temuco el Un\u00ed pag\u00f3 caro su poca audacia y termin\u00f3 cayendo por la m\u00ednima diferencia ante el l\u00edder de la B (Foto: Marco Pinilla).\" width=\"300\" height=\"197\" srcset=\"https:\/\/i0.wp.com\/eltrabajo.cl\/portal\/wp-content\/uploads\/2015\/11\/temuco-usf.jpg?resize=300%2C197&amp;ssl=1 300w, https:\/\/i0.wp.com\/eltrabajo.cl\/portal\/wp-content\/uploads\/2015\/11\/temuco-usf.jpg?resize=200%2C131&amp;ssl=1 200w, https:\/\/i0.wp.com\/eltrabajo.cl\/portal\/wp-content\/uploads\/2015\/11\/temuco-usf.jpg?resize=228%2C150&amp;ssl=1 228w, https:\/\/i0.wp.com\/eltrabajo.cl\/portal\/wp-content\/uploads\/2015\/11\/temuco-usf.jpg?resize=400%2C263&amp;ssl=1 400w, https:\/\/i0.wp.com\/eltrabajo.cl\/portal\/wp-content\/uploads\/2015\/11\/temuco-usf.jpg?w=530&amp;ssl=1 530w\" sizes=\"auto, (max-width: 300px) 100vw, 300px\" \/><\/a><figcaption id=\"caption-attachment-63635\" class=\"wp-caption-text\">Ante Deportes Temuco el Un\u00ed pag\u00f3 caro su poca audacia y termin\u00f3 cayendo por la m\u00ednima diferencia ante el l\u00edder de la B (Foto: Marco Pinilla).<\/figcaption><\/figure>\n<ul>\n<li><strong>Deportes Temuco 1 \u2013 Uni\u00f3n San Felipe 0.<\/strong><\/li>\n<\/ul>\n<p>Un solitario gol del experimentado delantero Cristi\u00e1n Can\u00edo, cuando reci\u00e9n se hab\u00eda reiniciado la segunda etapa del compromiso, le bast\u00f3 a Deportes Temuco para imponerse a un amarrete Uni\u00f3n San Felipe que nuevamente dej\u00f3 pasar cuarenta y cinco minutos para poder despertar.<br \/>\nLa primera mitad fue pareja aunque siendo justos, fueron los sure\u00f1os los que estuvieron m\u00e1s cerca de romper el cero, cuando en dos jugadas casi simultaneas Francisco Pi\u00f1a estuvo a punto de abrir la cuenta cuando en el 16\u2019 un tiro suyo se estrell\u00f3 en uno de los verticales; ciento veinte segundos despu\u00e9s, el mismo volante desvi\u00f3 cuando estaba solo frente a la porter\u00eda de Luis Aseff.<br \/>\nPor su parte San Felipe, opt\u00f3 por ser cauto y se dedic\u00f3 m\u00e1s a estudiar e intentar desarmar a su rival que a tomar el protagonismo del juego y por lo mismo, en el recuento ofensivo solo se puede contabilizar un solitario cabezazo de Gonzalo Villegas que se fue alto.<br \/>\nEn el segundo tiempo, Temuco peg\u00f3 de inmediato -a los 46\u2019 para ser precisos- cuando Can\u00edo anid\u00f3 el bal\u00f3n en la red tras recibir una certera habilitaci\u00f3n de Arturo Sanhueza, quien pareci\u00f3 rememorar sus mejores momentos en Colo Colo al hacerse un picnic con la \u00faltima l\u00ednea albirroja.<\/p>\n<figure id=\"attachment_63636\" aria-describedby=\"caption-attachment-63636\" style=\"width: 300px\" class=\"wp-caption alignright\"><a href=\"https:\/\/i0.wp.com\/www.eltrabajo.cl\/portal\/wp-content\/uploads\/2015\/11\/temuco-usf-1.jpg\"><img data-recalc-dims=\"1\" loading=\"lazy\" decoding=\"async\" class=\"wp-image-63636 size-medium\" src=\"https:\/\/i0.wp.com\/www.eltrabajo.cl\/portal\/wp-content\/uploads\/2015\/11\/temuco-usf-1-300x198.jpg?resize=300%2C198\" alt=\"Al partido que se jug\u00f3 al mediod\u00eda de ayer en el estadio Germ\u00e1n Becker de Temuco, asistieron m\u00e1s de 8000 espectadores (Foto: Marco Pinilla).\" width=\"300\" height=\"198\" srcset=\"https:\/\/i0.wp.com\/eltrabajo.cl\/portal\/wp-content\/uploads\/2015\/11\/temuco-usf-1.jpg?resize=300%2C198&amp;ssl=1 300w, https:\/\/i0.wp.com\/eltrabajo.cl\/portal\/wp-content\/uploads\/2015\/11\/temuco-usf-1.jpg?resize=200%2C132&amp;ssl=1 200w, https:\/\/i0.wp.com\/eltrabajo.cl\/portal\/wp-content\/uploads\/2015\/11\/temuco-usf-1.jpg?resize=227%2C150&amp;ssl=1 227w, https:\/\/i0.wp.com\/eltrabajo.cl\/portal\/wp-content\/uploads\/2015\/11\/temuco-usf-1.jpg?resize=400%2C264&amp;ssl=1 400w, https:\/\/i0.wp.com\/eltrabajo.cl\/portal\/wp-content\/uploads\/2015\/11\/temuco-usf-1.jpg?w=530&amp;ssl=1 530w\" sizes=\"auto, (max-width: 300px) 100vw, 300px\" \/><\/a><figcaption id=\"caption-attachment-63636\" class=\"wp-caption-text\">Al partido que se jug\u00f3 al mediod\u00eda de ayer en el estadio Germ\u00e1n Becker de Temuco, asistieron m\u00e1s de 8000 espectadores (Foto: Marco Pinilla).<\/figcaption><\/figure>\n<p>Tras la apertura del marcador, el entrenador de los sanfelipe\u00f1os busc\u00f3 darle m\u00e1s movilidad y sorpresa a su escuadra y para eso sac\u00f3 a Francisco Ayala y puso a Brayan Valdivia; la apuesta hubiera resultado perfecta si no es porque Braian Miranda, primero y posteriormente Patricio Schwob no hubiera desaprovechado dos sendas y espectaculares habilitaciones del jugador que desde la Tercera Divisi\u00f3n arrib\u00f3 al Valle de Aconcagua.<br \/>\nEn l\u00edneas generales fue un pleito en el cual el local marc\u00f3 la hegemon\u00eda y demostr\u00f3 por qu\u00e9 es el l\u00edder del campeonato y de paso le dej\u00f3 como lecci\u00f3n al Un\u00ed, que no puede darse lujos como seguir botando los primeros tiempos o tener a un hombre como Valdivia en el banco de suplentes, porque esta derrota ahora s\u00ed que redujo el margen de error a menos cero.<br \/>\nResultados de la fecha:<br \/>\nConcepci\u00f3n 0 \u2013 Puerto Montt 0; \u00d1ublense 5 \u2013 Rangers 1; Curic\u00f3 3 \u2013 Coquimbo 0; Barnechea 1 \u2013 Everton 5; Iberia 3 \u2013 Santiago Morning 2; Magallanes 0 \u2013 Copiap\u00f3 0; La Serena 0 \u2013 Cobreloa 0; Temuco 1 \u2013 Uni\u00f3n San Felipe 0.<\/p>\n<p><strong>Ficha T\u00e9cnica<\/strong><br \/>\n<strong>Fecha 13\u00ba torneo Primera B<\/strong><br \/>\nEstadio Germ\u00e1n Becker<br \/>\n\u00c1rbitro: Jorge Osorio<br \/>\nDeportes Temuco (1): Jos\u00e9 Gamonal; Mario Pardo, Cristian Gonz\u00e1lez, Miguel Aceval, Orlando Guti\u00e9rrez; Sebasti\u00e1n Dom\u00ednguez, Arturo Sanhueza, Cristian Can\u00edo, Francisco Pi\u00f1a (Gonzalo Mart\u00edn de Porras); Jaime Soto (D\u00edaz), Mauricio G\u00f3mez (Comba). DT: Luis Landeros.<br \/>\nUni\u00f3n San Felipe (0): Luis Aseff; Jorge Sotomayor, Juan Grabowski, Humberto Bustamante, Gonzalo Villegas; Jorge Orellana (Juan Jeraldino), Maximiliano Pighin, Francisco Ayala (Brayan Valdivia), Jaime Droguet, Braian Miranda (Patricio Schwob); Camilo Melivil\u00fa. DT: Germ\u00e1n Corengia.<br \/>\nGol: 1-0, 47\u2019 Cristian Can\u00edo (TEM)<\/p>\n","protected":false},"excerpt":{"rendered":"<p>Deportes Temuco 1 \u2013 Uni\u00f3n San Felipe 0. Un solitario gol del experimentado delantero Cristi\u00e1n Can\u00edo, cuando reci\u00e9n se hab\u00eda reiniciado la segunda etapa del compromiso, le bast\u00f3 a Deportes Temuco para&#8230;<\/p>\n","protected":false},"author":482,"featured_media":63635,"comment_status":"open","ping_status":"open","sticky":false,"template":"","format":"standard","meta":{"advanced_seo_description":"","jetpack_seo_html_title":"","jetpack_seo_noindex":false,"_jetpack_memberships_contains_paid_content":false,"footnotes":""},"categories":[19],"tags":[],"class_list":["post-63634","post","type-post","status-publish","format-standard","has-post-thumbnail","hentry","category-deportes"],"jetpack_featured_media_url":"https:\/\/i0.wp.com\/eltrabajo.cl\/portal\/wp-content\/uploads\/2015\/11\/temuco-usf.jpg?fit=530%2C348&ssl=1","jetpack_sharing_enabled":true,"jetpack_likes_enabled":true,"jetpack-related-posts":[],"_links":{"self":[{"href":"https:\/\/eltrabajo.cl\/portal\/wp-json\/wp\/v2\/posts\/63634","targetHints":{"allow":["GET"]}}],"collection":[{"href":"https:\/\/eltrabajo.cl\/portal\/wp-json\/wp\/v2\/posts"}],"about":[{"href":"https:\/\/eltrabajo.cl\/portal\/wp-json\/wp\/v2\/types\/post"}],"author":[{"embeddable":true,"href":"https:\/\/eltrabajo.cl\/portal\/wp-json\/wp\/v2\/users\/482"}],"replies":[{"embeddable":true,"href":"https:\/\/eltrabajo.cl\/portal\/wp-json\/wp\/v2\/comments?post=63634"}],"version-history":[{"count":0,"href":"https:\/\/eltrabajo.cl\/portal\/wp-json\/wp\/v2\/posts\/63634\/revisions"}],"wp:featuredmedia":[{"embeddable":true,"href":"https:\/\/eltrabajo.cl\/portal\/wp-json\/wp\/v2\/media\/63635"}],"wp:attachment":[{"href":"https:\/\/eltrabajo.cl\/portal\/wp-json\/wp\/v2\/media?parent=63634"}],"wp:term":[{"taxonomy":"category","embeddable":true,"href":"https:\/\/eltrabajo.cl\/portal\/wp-json\/wp\/v2\/categories?post=63634"},{"taxonomy":"post_tag","embeddable":true,"href":"https:\/\/eltrabajo.cl\/portal\/wp-json\/wp\/v2\/tags?post=63634"}],"curies":[{"name":"wp","href":"https:\/\/api.w.org\/{rel}","templated":true}]}}